{"id":973,"date":"2017-03-14T13:55:22","date_gmt":"2017-03-14T12:55:22","guid":{"rendered":"http:\/\/phonomuseum.fr\/?p=973"},"modified":"2024-06-01T17:52:06","modified_gmt":"2024-06-01T15:52:06","slug":"concert-de-soutien-exceptionnel","status":"publish","type":"post","link":"https:\/\/phonomuseum.fr\/concert-de-soutien-exceptionnel\/","title":{"rendered":"Concert de soutien exceptionnel"},"content":{"rendered":"<p style=\"text-align: center;\"><span style=\"color: #222222;\"><span style=\"font-family: arial, sans-serif;\"><span style=\"font-size: xx-small;\"><span style=\"font-size: medium;\">E<\/span><span style=\"font-family: Verdana, sans-serif;\"><span style=\"font-size: medium;\">n soutien au Phono Mus\u00e9um Paris, <a href=\"https:\/\/fr.wikipedia.org\/wiki\/Jean-Jacques_Debout\" target=\"_blank\" rel=\"noopener\">Jean-Jacques Debout<\/a> donnera un concert exceptionnel, <\/span><\/span><\/span><\/span><\/span><\/p>\n<p style=\"text-align: center;\"><span style=\"color: #222222;\"><span style=\"font-family: arial, sans-serif;\"><span style=\"font-size: xx-small;\"><span style=\"font-family: Verdana, sans-serif;\"><span style=\"font-size: medium;\"><strong>le vendredi 17 mars 2017, \u00e0 20 h 00<\/strong>.<\/span><\/span><\/span><\/span><\/span><\/p>\n<p style=\"text-align: justify;\"><span style=\"color: #222222;\"><span style=\"font-family: Verdana, sans-serif;\"><span style=\"font-size: medium;\">Grand ami de ce lieu unique, \u00e0 deux pas du Moulin Rouge, qui pr\u00e9sente toute l&rsquo;\u00e9volution de la musique enregistr\u00e9e, Jean-Jacques Debout a \u00e0 c\u0153ur de d\u00e9fendre ce patrimoine.<\/span><\/span><\/span><\/p>\n<p style=\"text-align: justify;\"><a href=\"http:\/\/phonomuseum.fr\/wp-content\/uploads\/2017\/03\/Jean-Jacques-portrait.jpg\" rel=\"attachment wp-att-974\"><img loading=\"lazy\" decoding=\"async\" class=\"aligncenter size-medium wp-image-974\" src=\"http:\/\/phonomuseum.fr\/wp-content\/uploads\/2017\/03\/Jean-Jacques-portrait-214x300.jpg\" alt=\"Jean-Jacques Debout\" width=\"214\" height=\"300\" srcset=\"https:\/\/phonomuseum.fr\/wp-content\/uploads\/2017\/03\/Jean-Jacques-portrait-214x300.jpg 214w, https:\/\/phonomuseum.fr\/wp-content\/uploads\/2017\/03\/Jean-Jacques-portrait-768x1076.jpg 768w, https:\/\/phonomuseum.fr\/wp-content\/uploads\/2017\/03\/Jean-Jacques-portrait-731x1024.jpg 731w, https:\/\/phonomuseum.fr\/wp-content\/uploads\/2017\/03\/Jean-Jacques-portrait-107x150.jpg 107w\" sizes=\"auto, (max-width: 214px) 100vw, 214px\" \/><\/a><\/p>\n<p style=\"text-align: justify;\"><span style=\"color: #222222;\"><span style=\"font-family: Verdana, sans-serif;\"><span style=\"font-size: medium;\">Auteur, compositeur et interpr\u00e8te, connu pour ses succ\u00e8s tels que : \u00ab\u00a0<i><a href=\"https:\/\/youtu.be\/pXEWrSjE0jM\" target=\"_blank\" rel=\"noopener\">Les boutons dor\u00e9s<\/a><\/i>\u00ab\u00a0, \u00ab\u00a0<i>Nos doigts se sont crois\u00e9s<\/i>\u00a0\u00bb ou \u00ab\u00a0<i>Redeviens Virginie<\/i>\u00ab\u00a0, Jean-Jacques Debout a \u00e9galement \u0153uvr\u00e9 pour nombre de ses amis : Johnny Hallyday, Sylvie Vartan, Dalida, Barbara, Marl\u00e8ne Dietrich et bien entendu Chantal Goya avec qui il inventa il y a plus de trente ans, le music-hall pour enfants.<\/span><\/span><\/span><\/p>\n<p style=\"text-align: justify;\"><span style=\"color: #222222;\"><span style=\"font-family: Verdana, sans-serif;\"><span style=\"font-size: medium;\">Au cours de la carte blanche que lui offre le PHONO Mus\u00e9um Paris, il fera voyager le public au son des douces m\u00e9lodies qui ont jalonn\u00e9 sa carri\u00e8re.\u00a0<\/span><\/span><\/span><\/p>\n<p style=\"text-align: justify;\"><span style=\"color: #222222;\"><span style=\"font-family: Verdana, sans-serif;\"><span style=\"font-size: medium;\">Une s\u00e9ance de d\u00e9dicace de son nouvel album \u00ab\u00a0<i>Jean-Jacques Debout chante Jean Gabin<\/i>\u00a0\u00bb sera organis\u00e9e \u00e0 l&rsquo;issue de la repr\u00e9sentation.<\/span><\/span><\/span><\/p>\n<p style=\"text-align: justify;\"><a href=\"http:\/\/phonomuseum.fr\/wp-content\/uploads\/2017\/03\/Visuel-JJ-Debout-Gabin.png\" rel=\"attachment wp-att-975\"><img loading=\"lazy\" decoding=\"async\" class=\"aligncenter size-medium wp-image-975\" src=\"http:\/\/phonomuseum.fr\/wp-content\/uploads\/2017\/03\/Visuel-JJ-Debout-Gabin-300x297.png\" alt=\"JJ Debout hommage \u00e0 Gabin\" width=\"300\" height=\"297\" srcset=\"https:\/\/phonomuseum.fr\/wp-content\/uploads\/2017\/03\/Visuel-JJ-Debout-Gabin-300x297.png 300w, https:\/\/phonomuseum.fr\/wp-content\/uploads\/2017\/03\/Visuel-JJ-Debout-Gabin-150x148.png 150w, https:\/\/phonomuseum.fr\/wp-content\/uploads\/2017\/03\/Visuel-JJ-Debout-Gabin-768x760.png 768w, https:\/\/phonomuseum.fr\/wp-content\/uploads\/2017\/03\/Visuel-JJ-Debout-Gabin-1024x1013.png 1024w, https:\/\/phonomuseum.fr\/wp-content\/uploads\/2017\/03\/Visuel-JJ-Debout-Gabin-152x150.png 152w\" sizes=\"auto, (max-width: 300px) 100vw, 300px\" \/><\/a><\/p>\n<p style=\"text-align: justify;\"><span style=\"color: #222222;\"><span style=\"font-family: Verdana, sans-serif;\"><span style=\"font-size: medium;\">En premi\u00e8re partie, <a href=\"http:\/\/vahena8.wixsite.com\/monsite\" target=\"_blank\" rel=\"noopener\">Vahena<\/a>, auteure-compositeure-interpr\u00e8te chantera son r\u00e9pertoire po\u00e9tique dans la lign\u00e9e de Barbara ou de Juliette Gr\u00e9co.<\/span><\/span><\/span><\/p>\n<p style=\"text-align: justify;\"><a href=\"http:\/\/phonomuseum.fr\/wp-content\/uploads\/2017\/03\/Vahena.jpg\" rel=\"attachment wp-att-981\"><img loading=\"lazy\" decoding=\"async\" class=\"aligncenter wp-image-981\" src=\"http:\/\/phonomuseum.fr\/wp-content\/uploads\/2017\/03\/Vahena-186x300.jpg\" alt=\"Vahena\" width=\"397\" height=\"640\" srcset=\"https:\/\/phonomuseum.fr\/wp-content\/uploads\/2017\/03\/Vahena-186x300.jpg 186w, https:\/\/phonomuseum.fr\/wp-content\/uploads\/2017\/03\/Vahena-768x1236.jpg 768w, https:\/\/phonomuseum.fr\/wp-content\/uploads\/2017\/03\/Vahena-636x1024.jpg 636w, https:\/\/phonomuseum.fr\/wp-content\/uploads\/2017\/03\/Vahena-93x150.jpg 93w, https:\/\/phonomuseum.fr\/wp-content\/uploads\/2017\/03\/Vahena.jpg 1080w\" sizes=\"auto, (max-width: 397px) 100vw, 397px\" \/><\/a><\/p>\n<p style=\"text-align: center;\"><strong>Venez nombreux<\/strong><\/p>\n<p style=\"text-align: left;\">53, boulevard de Rochechouart<\/p>\n<p style=\"text-align: left;\">75009 Paris<\/p>\n<p style=\"text-align: left;\">Prix : concert de soutien donc minimum 20\u20ac \/ personne voire plus pour ceux qui voudront bien nous aider<\/p>\n","protected":false},"excerpt":{"rendered":"<p>En soutien au Phono Mus\u00e9um Paris, Jean-Jacques Debout donnera un concert exceptionnel, le vendredi 17 mars 2017, \u00e0 20 h 00. Grand ami de ce lieu unique, \u00e0 deux pas du Moulin Rouge, qui pr\u00e9sente toute l&rsquo;\u00e9volution de la musique enregistr\u00e9e, Jean-Jacques Debout a \u00e0 c\u0153ur de d\u00e9fendre ce patrimoine. Auteur, compositeur et interpr\u00e8te, connu [&hellip;]<\/p>\n","protected":false},"author":1,"featured_media":974,"comment_status":"open","ping_status":"closed","sticky":false,"template":"","format":"standard","meta":{"footnotes":""},"categories":[14,19,28],"tags":[],"class_list":["post-973","post","type-post","status-publish","format-standard","has-post-thumbnail","hentry","category-blog","category-concerts","category-concerts-2017"],"yoast_head":"<!-- This site is optimized with the Yoast SEO plugin v27.5 - https:\/\/yoast.com\/product\/yoast-seo-wordpress\/ -->\n<title>Concert de soutien exceptionnel - PHONO Museum Paris<\/title>\n<meta name=\"robots\" content=\"index, follow, max-snippet:-1, max-image-preview:large, max-video-preview:-1\" \/>\n<link rel=\"canonical\" href=\"https:\/\/phonomuseum.fr\/concert-de-soutien-exceptionnel\/\" \/>\n<meta property=\"og:locale\" content=\"fr_FR\" \/>\n<meta property=\"og:type\" content=\"article\" \/>\n<meta property=\"og:title\" content=\"Concert de soutien exceptionnel - PHONO Museum Paris\" \/>\n<meta property=\"og:description\" content=\"En soutien au Phono Mus\u00e9um Paris, Jean-Jacques Debout donnera un concert exceptionnel, le vendredi 17 mars 2017, \u00e0 20 h 00. Grand ami de ce lieu unique, \u00e0 deux pas du Moulin Rouge, qui pr\u00e9sente toute l&rsquo;\u00e9volution de la musique enregistr\u00e9e, Jean-Jacques Debout a \u00e0 c\u0153ur de d\u00e9fendre ce patrimoine. Auteur, compositeur et interpr\u00e8te, connu [&hellip;]\" \/>\n<meta property=\"og:url\" content=\"https:\/\/phonomuseum.fr\/concert-de-soutien-exceptionnel\/\" \/>\n<meta property=\"og:site_name\" content=\"PHONO Museum Paris\" \/>\n<meta property=\"article:published_time\" content=\"2017-03-14T12:55:22+00:00\" \/>\n<meta property=\"article:modified_time\" content=\"2024-06-01T15:52:06+00:00\" \/>\n<meta property=\"og:image\" content=\"https:\/\/phonomuseum.fr\/wp-content\/uploads\/2017\/03\/Jean-Jacques-portrait-731x1024.jpg\" \/>\n\t<meta property=\"og:image:width\" content=\"731\" \/>\n\t<meta property=\"og:image:height\" content=\"1024\" \/>\n\t<meta property=\"og:image:type\" content=\"image\/jpeg\" \/>\n<meta name=\"author\" content=\"phonogal\" \/>\n<meta name=\"twitter:card\" content=\"summary_large_image\" \/>\n<meta name=\"twitter:label1\" content=\"\u00c9crit par\" \/>\n\t<meta name=\"twitter:data1\" content=\"phonogal\" \/>\n\t<meta name=\"twitter:label2\" content=\"Dur\u00e9e de lecture estim\u00e9e\" \/>\n\t<meta name=\"twitter:data2\" content=\"1 minute\" \/>\n<script type=\"application\/ld+json\" class=\"yoast-schema-graph\">{\"@context\":\"https:\\\/\\\/schema.org\",\"@graph\":[{\"@type\":\"Article\",\"@id\":\"https:\\\/\\\/phonomuseum.fr\\\/concert-de-soutien-exceptionnel\\\/#article\",\"isPartOf\":{\"@id\":\"https:\\\/\\\/phonomuseum.fr\\\/concert-de-soutien-exceptionnel\\\/\"},\"author\":{\"name\":\"phonogal\",\"@id\":\"https:\\\/\\\/phonomuseum.fr\\\/#\\\/schema\\\/person\\\/b51b39064861c794e65298c687fac148\"},\"headline\":\"Concert de soutien exceptionnel\",\"datePublished\":\"2017-03-14T12:55:22+00:00\",\"dateModified\":\"2024-06-01T15:52:06+00:00\",\"mainEntityOfPage\":{\"@id\":\"https:\\\/\\\/phonomuseum.fr\\\/concert-de-soutien-exceptionnel\\\/\"},\"wordCount\":219,\"commentCount\":0,\"image\":{\"@id\":\"https:\\\/\\\/phonomuseum.fr\\\/concert-de-soutien-exceptionnel\\\/#primaryimage\"},\"thumbnailUrl\":\"https:\\\/\\\/phonomuseum.fr\\\/wp-content\\\/uploads\\\/2017\\\/03\\\/Jean-Jacques-portrait.jpg\",\"articleSection\":[\"BLOG\",\"Concerts\",\"Concerts 2017\"],\"inLanguage\":\"fr-FR\",\"potentialAction\":[{\"@type\":\"CommentAction\",\"name\":\"Comment\",\"target\":[\"https:\\\/\\\/phonomuseum.fr\\\/concert-de-soutien-exceptionnel\\\/#respond\"]}]},{\"@type\":\"WebPage\",\"@id\":\"https:\\\/\\\/phonomuseum.fr\\\/concert-de-soutien-exceptionnel\\\/\",\"url\":\"https:\\\/\\\/phonomuseum.fr\\\/concert-de-soutien-exceptionnel\\\/\",\"name\":\"Concert de soutien exceptionnel - PHONO Museum Paris\",\"isPartOf\":{\"@id\":\"https:\\\/\\\/phonomuseum.fr\\\/#website\"},\"primaryImageOfPage\":{\"@id\":\"https:\\\/\\\/phonomuseum.fr\\\/concert-de-soutien-exceptionnel\\\/#primaryimage\"},\"image\":{\"@id\":\"https:\\\/\\\/phonomuseum.fr\\\/concert-de-soutien-exceptionnel\\\/#primaryimage\"},\"thumbnailUrl\":\"https:\\\/\\\/phonomuseum.fr\\\/wp-content\\\/uploads\\\/2017\\\/03\\\/Jean-Jacques-portrait.jpg\",\"datePublished\":\"2017-03-14T12:55:22+00:00\",\"dateModified\":\"2024-06-01T15:52:06+00:00\",\"author\":{\"@id\":\"https:\\\/\\\/phonomuseum.fr\\\/#\\\/schema\\\/person\\\/b51b39064861c794e65298c687fac148\"},\"breadcrumb\":{\"@id\":\"https:\\\/\\\/phonomuseum.fr\\\/concert-de-soutien-exceptionnel\\\/#breadcrumb\"},\"inLanguage\":\"fr-FR\",\"potentialAction\":[{\"@type\":\"ReadAction\",\"target\":[\"https:\\\/\\\/phonomuseum.fr\\\/concert-de-soutien-exceptionnel\\\/\"]}]},{\"@type\":\"ImageObject\",\"inLanguage\":\"fr-FR\",\"@id\":\"https:\\\/\\\/phonomuseum.fr\\\/concert-de-soutien-exceptionnel\\\/#primaryimage\",\"url\":\"https:\\\/\\\/phonomuseum.fr\\\/wp-content\\\/uploads\\\/2017\\\/03\\\/Jean-Jacques-portrait.jpg\",\"contentUrl\":\"https:\\\/\\\/phonomuseum.fr\\\/wp-content\\\/uploads\\\/2017\\\/03\\\/Jean-Jacques-portrait.jpg\",\"width\":2371,\"height\":3323,\"caption\":\"Concert exceptionnel de soutien\"},{\"@type\":\"BreadcrumbList\",\"@id\":\"https:\\\/\\\/phonomuseum.fr\\\/concert-de-soutien-exceptionnel\\\/#breadcrumb\",\"itemListElement\":[{\"@type\":\"ListItem\",\"position\":1,\"name\":\"Accueil\",\"item\":\"https:\\\/\\\/phonomuseum.fr\\\/accueil\\\/\"},{\"@type\":\"ListItem\",\"position\":2,\"name\":\"Concert de soutien exceptionnel\"}]},{\"@type\":\"WebSite\",\"@id\":\"https:\\\/\\\/phonomuseum.fr\\\/#website\",\"url\":\"https:\\\/\\\/phonomuseum.fr\\\/\",\"name\":\"PHONO Museum Paris\",\"description\":\"la grande aventure du son enregistr\u00e9 - L&#039;histoire sonore de 1857 \u00e0 nos jours\",\"potentialAction\":[{\"@type\":\"SearchAction\",\"target\":{\"@type\":\"EntryPoint\",\"urlTemplate\":\"https:\\\/\\\/phonomuseum.fr\\\/?s={search_term_string}\"},\"query-input\":{\"@type\":\"PropertyValueSpecification\",\"valueRequired\":true,\"valueName\":\"search_term_string\"}}],\"inLanguage\":\"fr-FR\"},{\"@type\":\"Person\",\"@id\":\"https:\\\/\\\/phonomuseum.fr\\\/#\\\/schema\\\/person\\\/b51b39064861c794e65298c687fac148\",\"name\":\"phonogal\",\"image\":{\"@type\":\"ImageObject\",\"inLanguage\":\"fr-FR\",\"@id\":\"https:\\\/\\\/secure.gravatar.com\\\/avatar\\\/7375bdeadbf9c16a1aff8222837a079120e65e42bddadff285651b8e345e175a?s=96&d=mm&r=g\",\"url\":\"https:\\\/\\\/secure.gravatar.com\\\/avatar\\\/7375bdeadbf9c16a1aff8222837a079120e65e42bddadff285651b8e345e175a?s=96&d=mm&r=g\",\"contentUrl\":\"https:\\\/\\\/secure.gravatar.com\\\/avatar\\\/7375bdeadbf9c16a1aff8222837a079120e65e42bddadff285651b8e345e175a?s=96&d=mm&r=g\",\"caption\":\"phonogal\"},\"url\":\"https:\\\/\\\/phonomuseum.fr\\\/author\\\/phonogal\\\/\"}]}<\/script>\n<!-- \/ Yoast SEO plugin. -->","yoast_head_json":{"title":"Concert de soutien exceptionnel - PHONO Museum Paris","robots":{"index":"index","follow":"follow","max-snippet":"max-snippet:-1","max-image-preview":"max-image-preview:large","max-video-preview":"max-video-preview:-1"},"canonical":"https:\/\/phonomuseum.fr\/concert-de-soutien-exceptionnel\/","og_locale":"fr_FR","og_type":"article","og_title":"Concert de soutien exceptionnel - PHONO Museum Paris","og_description":"En soutien au Phono Mus\u00e9um Paris, Jean-Jacques Debout donnera un concert exceptionnel, le vendredi 17 mars 2017, \u00e0 20 h 00. Grand ami de ce lieu unique, \u00e0 deux pas du Moulin Rouge, qui pr\u00e9sente toute l&rsquo;\u00e9volution de la musique enregistr\u00e9e, Jean-Jacques Debout a \u00e0 c\u0153ur de d\u00e9fendre ce patrimoine. Auteur, compositeur et interpr\u00e8te, connu [&hellip;]","og_url":"https:\/\/phonomuseum.fr\/concert-de-soutien-exceptionnel\/","og_site_name":"PHONO Museum Paris","article_published_time":"2017-03-14T12:55:22+00:00","article_modified_time":"2024-06-01T15:52:06+00:00","og_image":[{"width":731,"height":1024,"url":"https:\/\/phonomuseum.fr\/wp-content\/uploads\/2017\/03\/Jean-Jacques-portrait-731x1024.jpg","type":"image\/jpeg"}],"author":"phonogal","twitter_card":"summary_large_image","twitter_misc":{"\u00c9crit par":"phonogal","Dur\u00e9e de lecture estim\u00e9e":"1 minute"},"schema":{"@context":"https:\/\/schema.org","@graph":[{"@type":"Article","@id":"https:\/\/phonomuseum.fr\/concert-de-soutien-exceptionnel\/#article","isPartOf":{"@id":"https:\/\/phonomuseum.fr\/concert-de-soutien-exceptionnel\/"},"author":{"name":"phonogal","@id":"https:\/\/phonomuseum.fr\/#\/schema\/person\/b51b39064861c794e65298c687fac148"},"headline":"Concert de soutien exceptionnel","datePublished":"2017-03-14T12:55:22+00:00","dateModified":"2024-06-01T15:52:06+00:00","mainEntityOfPage":{"@id":"https:\/\/phonomuseum.fr\/concert-de-soutien-exceptionnel\/"},"wordCount":219,"commentCount":0,"image":{"@id":"https:\/\/phonomuseum.fr\/concert-de-soutien-exceptionnel\/#primaryimage"},"thumbnailUrl":"https:\/\/phonomuseum.fr\/wp-content\/uploads\/2017\/03\/Jean-Jacques-portrait.jpg","articleSection":["BLOG","Concerts","Concerts 2017"],"inLanguage":"fr-FR","potentialAction":[{"@type":"CommentAction","name":"Comment","target":["https:\/\/phonomuseum.fr\/concert-de-soutien-exceptionnel\/#respond"]}]},{"@type":"WebPage","@id":"https:\/\/phonomuseum.fr\/concert-de-soutien-exceptionnel\/","url":"https:\/\/phonomuseum.fr\/concert-de-soutien-exceptionnel\/","name":"Concert de soutien exceptionnel - PHONO Museum Paris","isPartOf":{"@id":"https:\/\/phonomuseum.fr\/#website"},"primaryImageOfPage":{"@id":"https:\/\/phonomuseum.fr\/concert-de-soutien-exceptionnel\/#primaryimage"},"image":{"@id":"https:\/\/phonomuseum.fr\/concert-de-soutien-exceptionnel\/#primaryimage"},"thumbnailUrl":"https:\/\/phonomuseum.fr\/wp-content\/uploads\/2017\/03\/Jean-Jacques-portrait.jpg","datePublished":"2017-03-14T12:55:22+00:00","dateModified":"2024-06-01T15:52:06+00:00","author":{"@id":"https:\/\/phonomuseum.fr\/#\/schema\/person\/b51b39064861c794e65298c687fac148"},"breadcrumb":{"@id":"https:\/\/phonomuseum.fr\/concert-de-soutien-exceptionnel\/#breadcrumb"},"inLanguage":"fr-FR","potentialAction":[{"@type":"ReadAction","target":["https:\/\/phonomuseum.fr\/concert-de-soutien-exceptionnel\/"]}]},{"@type":"ImageObject","inLanguage":"fr-FR","@id":"https:\/\/phonomuseum.fr\/concert-de-soutien-exceptionnel\/#primaryimage","url":"https:\/\/phonomuseum.fr\/wp-content\/uploads\/2017\/03\/Jean-Jacques-portrait.jpg","contentUrl":"https:\/\/phonomuseum.fr\/wp-content\/uploads\/2017\/03\/Jean-Jacques-portrait.jpg","width":2371,"height":3323,"caption":"Concert exceptionnel de soutien"},{"@type":"BreadcrumbList","@id":"https:\/\/phonomuseum.fr\/concert-de-soutien-exceptionnel\/#breadcrumb","itemListElement":[{"@type":"ListItem","position":1,"name":"Accueil","item":"https:\/\/phonomuseum.fr\/accueil\/"},{"@type":"ListItem","position":2,"name":"Concert de soutien exceptionnel"}]},{"@type":"WebSite","@id":"https:\/\/phonomuseum.fr\/#website","url":"https:\/\/phonomuseum.fr\/","name":"PHONO Museum Paris","description":"la grande aventure du son enregistr\u00e9 - L&#039;histoire sonore de 1857 \u00e0 nos jours","potentialAction":[{"@type":"SearchAction","target":{"@type":"EntryPoint","urlTemplate":"https:\/\/phonomuseum.fr\/?s={search_term_string}"},"query-input":{"@type":"PropertyValueSpecification","valueRequired":true,"valueName":"search_term_string"}}],"inLanguage":"fr-FR"},{"@type":"Person","@id":"https:\/\/phonomuseum.fr\/#\/schema\/person\/b51b39064861c794e65298c687fac148","name":"phonogal","image":{"@type":"ImageObject","inLanguage":"fr-FR","@id":"https:\/\/secure.gravatar.com\/avatar\/7375bdeadbf9c16a1aff8222837a079120e65e42bddadff285651b8e345e175a?s=96&d=mm&r=g","url":"https:\/\/secure.gravatar.com\/avatar\/7375bdeadbf9c16a1aff8222837a079120e65e42bddadff285651b8e345e175a?s=96&d=mm&r=g","contentUrl":"https:\/\/secure.gravatar.com\/avatar\/7375bdeadbf9c16a1aff8222837a079120e65e42bddadff285651b8e345e175a?s=96&d=mm&r=g","caption":"phonogal"},"url":"https:\/\/phonomuseum.fr\/author\/phonogal\/"}]}},"_links":{"self":[{"href":"https:\/\/phonomuseum.fr\/api\/wp\/v2\/posts\/973","targetHints":{"allow":["GET"]}}],"collection":[{"href":"https:\/\/phonomuseum.fr\/api\/wp\/v2\/posts"}],"about":[{"href":"https:\/\/phonomuseum.fr\/api\/wp\/v2\/types\/post"}],"author":[{"embeddable":true,"href":"https:\/\/phonomuseum.fr\/api\/wp\/v2\/users\/1"}],"replies":[{"embeddable":true,"href":"https:\/\/phonomuseum.fr\/api\/wp\/v2\/comments?post=973"}],"version-history":[{"count":3,"href":"https:\/\/phonomuseum.fr\/api\/wp\/v2\/posts\/973\/revisions"}],"predecessor-version":[{"id":4662,"href":"https:\/\/phonomuseum.fr\/api\/wp\/v2\/posts\/973\/revisions\/4662"}],"wp:featuredmedia":[{"embeddable":true,"href":"https:\/\/phonomuseum.fr\/api\/wp\/v2\/media\/974"}],"wp:attachment":[{"href":"https:\/\/phonomuseum.fr\/api\/wp\/v2\/media?parent=973"}],"wp:term":[{"taxonomy":"category","embeddable":true,"href":"https:\/\/phonomuseum.fr\/api\/wp\/v2\/categories?post=973"},{"taxonomy":"post_tag","embeddable":true,"href":"https:\/\/phonomuseum.fr\/api\/wp\/v2\/tags?post=973"}],"curies":[{"name":"wp","href":"https:\/\/api.w.org\/{rel}","templated":true}]}}