{"id":918,"date":"2016-12-12T10:16:28","date_gmt":"2016-12-12T09:16:28","guid":{"rendered":"http:\/\/phonomuseum.fr\/?p=918"},"modified":"2024-06-01T17:56:25","modified_gmt":"2024-06-01T15:56:25","slug":"france-3-ile-de-france-au-musee","status":"publish","type":"post","link":"https:\/\/phonomuseum.fr\/france-3-ile-de-france-au-musee\/","title":{"rendered":"France 3 \u00cele-de-France au mus\u00e9e"},"content":{"rendered":"<p style=\"text-align: justify;\">Une \u00e9quipe de France 3 \u00cele-de-France est venue tourner un reportage pour l&rsquo;\u00e9mission <a href=\"http:\/\/france3-regions.francetvinfo.fr\/paris-ile-de-france\/emissions\/paname\" target=\"_blank\" rel=\"noopener\">Paname<\/a> avec le r\u00e9alisateur Lo\u00efc Le Marchand et le pr\u00e9sentateur Yvan Hallouin. On ne conna\u00eet pas encore la date de diffusion. On vous tient au courant.<\/p>\n<p><a href=\"http:\/\/phonomuseum.fr\/wp-content\/uploads\/2016\/12\/DSC_0021.jpg\" rel=\"attachment wp-att-919\"><img loading=\"lazy\" decoding=\"async\" class=\" wp-image-919 aligncenter\" src=\"http:\/\/phonomuseum.fr\/wp-content\/uploads\/2016\/12\/DSC_0021-300x199.jpg\" alt=\"DSC_0021\" width=\"396\" height=\"263\" srcset=\"https:\/\/phonomuseum.fr\/wp-content\/uploads\/2016\/12\/DSC_0021-300x199.jpg 300w, https:\/\/phonomuseum.fr\/wp-content\/uploads\/2016\/12\/DSC_0021-768x509.jpg 768w, https:\/\/phonomuseum.fr\/wp-content\/uploads\/2016\/12\/DSC_0021-1024x679.jpg 1024w, https:\/\/phonomuseum.fr\/wp-content\/uploads\/2016\/12\/DSC_0021-226x150.jpg 226w, https:\/\/phonomuseum.fr\/wp-content\/uploads\/2016\/12\/DSC_0021-150x99.jpg 150w, https:\/\/phonomuseum.fr\/wp-content\/uploads\/2016\/12\/DSC_0021.jpg 1278w\" sizes=\"auto, (max-width: 396px) 100vw, 396px\" \/><\/a><\/p>\n<p>&nbsp;<\/p>\n<p style=\"text-align: center;\">[kad_youtube url=\u00a0\u00bb<a href=\"https:\/\/youtu.be\/rZ6gve7yqrE\" target=\"_blank\" rel=\"noopener\">https:\/\/youtu.be\/rZ6gve7yqrE<\/a>\u00a0\u00bb ]<\/p>\n<p>&nbsp;<\/p>\n","protected":false},"excerpt":{"rendered":"<p>Une \u00e9quipe de France 3 \u00cele-de-France est venue tourner un reportage pour l&rsquo;\u00e9mission Paname avec le r\u00e9alisateur Lo\u00efc Le Marchand et le pr\u00e9sentateur Yvan Hallouin. On ne conna\u00eet pas encore la date de diffusion. On vous tient au courant. &nbsp; [kad_youtube url=\u00a0\u00bbhttps:\/\/youtu.be\/rZ6gve7yqrE\u00a0\u00bb ] &nbsp;<\/p>\n","protected":false},"author":1,"featured_media":0,"comment_status":"open","ping_status":"closed","sticky":false,"template":"","format":"standard","meta":{"footnotes":""},"categories":[14],"tags":[],"class_list":["post-918","post","type-post","status-publish","format-standard","hentry","category-blog"],"yoast_head":"<!-- This site is optimized with the Yoast SEO plugin v27.5 - https:\/\/yoast.com\/product\/yoast-seo-wordpress\/ -->\n<title>France 3 \u00cele-de-France au mus\u00e9e - PHONO Museum Paris<\/title>\n<meta name=\"robots\" content=\"index, follow, max-snippet:-1, max-image-preview:large, max-video-preview:-1\" \/>\n<link rel=\"canonical\" href=\"https:\/\/phonomuseum.fr\/france-3-ile-de-france-au-musee\/\" \/>\n<meta property=\"og:locale\" content=\"fr_FR\" \/>\n<meta property=\"og:type\" content=\"article\" \/>\n<meta property=\"og:title\" content=\"France 3 \u00cele-de-France au mus\u00e9e - PHONO Museum Paris\" \/>\n<meta property=\"og:description\" content=\"Une \u00e9quipe de France 3 \u00cele-de-France est venue tourner un reportage pour l&rsquo;\u00e9mission Paname avec le r\u00e9alisateur Lo\u00efc Le Marchand et le pr\u00e9sentateur Yvan Hallouin. On ne conna\u00eet pas encore la date de diffusion. On vous tient au courant. &nbsp; [kad_youtube url=\u00a0\u00bbhttps:\/\/youtu.be\/rZ6gve7yqrE\u00a0\u00bb ] &nbsp;\" \/>\n<meta property=\"og:url\" content=\"https:\/\/phonomuseum.fr\/france-3-ile-de-france-au-musee\/\" \/>\n<meta property=\"og:site_name\" content=\"PHONO Museum Paris\" \/>\n<meta property=\"article:published_time\" content=\"2016-12-12T09:16:28+00:00\" \/>\n<meta property=\"article:modified_time\" content=\"2024-06-01T15:56:25+00:00\" \/>\n<meta property=\"og:image\" content=\"http:\/\/phonomuseum.fr\/wp-content\/uploads\/2016\/12\/DSC_0021-300x199.jpg\" \/>\n<meta name=\"author\" content=\"phonogal\" \/>\n<meta name=\"twitter:card\" content=\"summary_large_image\" \/>\n<meta name=\"twitter:label1\" content=\"\u00c9crit par\" \/>\n\t<meta name=\"twitter:data1\" content=\"phonogal\" \/>\n<script type=\"application\/ld+json\" class=\"yoast-schema-graph\">{\"@context\":\"https:\\\/\\\/schema.org\",\"@graph\":[{\"@type\":\"Article\",\"@id\":\"https:\\\/\\\/phonomuseum.fr\\\/france-3-ile-de-france-au-musee\\\/#article\",\"isPartOf\":{\"@id\":\"https:\\\/\\\/phonomuseum.fr\\\/france-3-ile-de-france-au-musee\\\/\"},\"author\":{\"name\":\"phonogal\",\"@id\":\"https:\\\/\\\/phonomuseum.fr\\\/#\\\/schema\\\/person\\\/b51b39064861c794e65298c687fac148\"},\"headline\":\"France 3 \u00cele-de-France au mus\u00e9e\",\"datePublished\":\"2016-12-12T09:16:28+00:00\",\"dateModified\":\"2024-06-01T15:56:25+00:00\",\"mainEntityOfPage\":{\"@id\":\"https:\\\/\\\/phonomuseum.fr\\\/france-3-ile-de-france-au-musee\\\/\"},\"wordCount\":59,\"commentCount\":0,\"image\":{\"@id\":\"https:\\\/\\\/phonomuseum.fr\\\/france-3-ile-de-france-au-musee\\\/#primaryimage\"},\"thumbnailUrl\":\"http:\\\/\\\/phonomuseum.fr\\\/wp-content\\\/uploads\\\/2016\\\/12\\\/DSC_0021-300x199.jpg\",\"articleSection\":[\"BLOG\"],\"inLanguage\":\"fr-FR\",\"potentialAction\":[{\"@type\":\"CommentAction\",\"name\":\"Comment\",\"target\":[\"https:\\\/\\\/phonomuseum.fr\\\/france-3-ile-de-france-au-musee\\\/#respond\"]}]},{\"@type\":\"WebPage\",\"@id\":\"https:\\\/\\\/phonomuseum.fr\\\/france-3-ile-de-france-au-musee\\\/\",\"url\":\"https:\\\/\\\/phonomuseum.fr\\\/france-3-ile-de-france-au-musee\\\/\",\"name\":\"France 3 \u00cele-de-France au mus\u00e9e - PHONO Museum Paris\",\"isPartOf\":{\"@id\":\"https:\\\/\\\/phonomuseum.fr\\\/#website\"},\"primaryImageOfPage\":{\"@id\":\"https:\\\/\\\/phonomuseum.fr\\\/france-3-ile-de-france-au-musee\\\/#primaryimage\"},\"image\":{\"@id\":\"https:\\\/\\\/phonomuseum.fr\\\/france-3-ile-de-france-au-musee\\\/#primaryimage\"},\"thumbnailUrl\":\"http:\\\/\\\/phonomuseum.fr\\\/wp-content\\\/uploads\\\/2016\\\/12\\\/DSC_0021-300x199.jpg\",\"datePublished\":\"2016-12-12T09:16:28+00:00\",\"dateModified\":\"2024-06-01T15:56:25+00:00\",\"author\":{\"@id\":\"https:\\\/\\\/phonomuseum.fr\\\/#\\\/schema\\\/person\\\/b51b39064861c794e65298c687fac148\"},\"breadcrumb\":{\"@id\":\"https:\\\/\\\/phonomuseum.fr\\\/france-3-ile-de-france-au-musee\\\/#breadcrumb\"},\"inLanguage\":\"fr-FR\",\"potentialAction\":[{\"@type\":\"ReadAction\",\"target\":[\"https:\\\/\\\/phonomuseum.fr\\\/france-3-ile-de-france-au-musee\\\/\"]}]},{\"@type\":\"ImageObject\",\"inLanguage\":\"fr-FR\",\"@id\":\"https:\\\/\\\/phonomuseum.fr\\\/france-3-ile-de-france-au-musee\\\/#primaryimage\",\"url\":\"http:\\\/\\\/phonomuseum.fr\\\/wp-content\\\/uploads\\\/2016\\\/12\\\/DSC_0021-300x199.jpg\",\"contentUrl\":\"http:\\\/\\\/phonomuseum.fr\\\/wp-content\\\/uploads\\\/2016\\\/12\\\/DSC_0021-300x199.jpg\"},{\"@type\":\"BreadcrumbList\",\"@id\":\"https:\\\/\\\/phonomuseum.fr\\\/france-3-ile-de-france-au-musee\\\/#breadcrumb\",\"itemListElement\":[{\"@type\":\"ListItem\",\"position\":1,\"name\":\"Accueil\",\"item\":\"https:\\\/\\\/phonomuseum.fr\\\/accueil\\\/\"},{\"@type\":\"ListItem\",\"position\":2,\"name\":\"France 3 Ile de France au mus\u00e9e\"}]},{\"@type\":\"WebSite\",\"@id\":\"https:\\\/\\\/phonomuseum.fr\\\/#website\",\"url\":\"https:\\\/\\\/phonomuseum.fr\\\/\",\"name\":\"PHONO Museum Paris\",\"description\":\"la grande aventure du son enregistr\u00e9 - L&#039;histoire sonore de 1857 \u00e0 nos jours\",\"potentialAction\":[{\"@type\":\"SearchAction\",\"target\":{\"@type\":\"EntryPoint\",\"urlTemplate\":\"https:\\\/\\\/phonomuseum.fr\\\/?s={search_term_string}\"},\"query-input\":{\"@type\":\"PropertyValueSpecification\",\"valueRequired\":true,\"valueName\":\"search_term_string\"}}],\"inLanguage\":\"fr-FR\"},{\"@type\":\"Person\",\"@id\":\"https:\\\/\\\/phonomuseum.fr\\\/#\\\/schema\\\/person\\\/b51b39064861c794e65298c687fac148\",\"name\":\"phonogal\",\"image\":{\"@type\":\"ImageObject\",\"inLanguage\":\"fr-FR\",\"@id\":\"https:\\\/\\\/secure.gravatar.com\\\/avatar\\\/7375bdeadbf9c16a1aff8222837a079120e65e42bddadff285651b8e345e175a?s=96&d=mm&r=g\",\"url\":\"https:\\\/\\\/secure.gravatar.com\\\/avatar\\\/7375bdeadbf9c16a1aff8222837a079120e65e42bddadff285651b8e345e175a?s=96&d=mm&r=g\",\"contentUrl\":\"https:\\\/\\\/secure.gravatar.com\\\/avatar\\\/7375bdeadbf9c16a1aff8222837a079120e65e42bddadff285651b8e345e175a?s=96&d=mm&r=g\",\"caption\":\"phonogal\"},\"url\":\"https:\\\/\\\/phonomuseum.fr\\\/author\\\/phonogal\\\/\"}]}<\/script>\n<!-- \/ Yoast SEO plugin. -->","yoast_head_json":{"title":"France 3 \u00cele-de-France au mus\u00e9e - PHONO Museum Paris","robots":{"index":"index","follow":"follow","max-snippet":"max-snippet:-1","max-image-preview":"max-image-preview:large","max-video-preview":"max-video-preview:-1"},"canonical":"https:\/\/phonomuseum.fr\/france-3-ile-de-france-au-musee\/","og_locale":"fr_FR","og_type":"article","og_title":"France 3 \u00cele-de-France au mus\u00e9e - PHONO Museum Paris","og_description":"Une \u00e9quipe de France 3 \u00cele-de-France est venue tourner un reportage pour l&rsquo;\u00e9mission Paname avec le r\u00e9alisateur Lo\u00efc Le Marchand et le pr\u00e9sentateur Yvan Hallouin. On ne conna\u00eet pas encore la date de diffusion. On vous tient au courant. &nbsp; [kad_youtube url=\u00a0\u00bbhttps:\/\/youtu.be\/rZ6gve7yqrE\u00a0\u00bb ] &nbsp;","og_url":"https:\/\/phonomuseum.fr\/france-3-ile-de-france-au-musee\/","og_site_name":"PHONO Museum Paris","article_published_time":"2016-12-12T09:16:28+00:00","article_modified_time":"2024-06-01T15:56:25+00:00","og_image":[{"url":"http:\/\/phonomuseum.fr\/wp-content\/uploads\/2016\/12\/DSC_0021-300x199.jpg","type":"","width":"","height":""}],"author":"phonogal","twitter_card":"summary_large_image","twitter_misc":{"\u00c9crit par":"phonogal"},"schema":{"@context":"https:\/\/schema.org","@graph":[{"@type":"Article","@id":"https:\/\/phonomuseum.fr\/france-3-ile-de-france-au-musee\/#article","isPartOf":{"@id":"https:\/\/phonomuseum.fr\/france-3-ile-de-france-au-musee\/"},"author":{"name":"phonogal","@id":"https:\/\/phonomuseum.fr\/#\/schema\/person\/b51b39064861c794e65298c687fac148"},"headline":"France 3 \u00cele-de-France au mus\u00e9e","datePublished":"2016-12-12T09:16:28+00:00","dateModified":"2024-06-01T15:56:25+00:00","mainEntityOfPage":{"@id":"https:\/\/phonomuseum.fr\/france-3-ile-de-france-au-musee\/"},"wordCount":59,"commentCount":0,"image":{"@id":"https:\/\/phonomuseum.fr\/france-3-ile-de-france-au-musee\/#primaryimage"},"thumbnailUrl":"http:\/\/phonomuseum.fr\/wp-content\/uploads\/2016\/12\/DSC_0021-300x199.jpg","articleSection":["BLOG"],"inLanguage":"fr-FR","potentialAction":[{"@type":"CommentAction","name":"Comment","target":["https:\/\/phonomuseum.fr\/france-3-ile-de-france-au-musee\/#respond"]}]},{"@type":"WebPage","@id":"https:\/\/phonomuseum.fr\/france-3-ile-de-france-au-musee\/","url":"https:\/\/phonomuseum.fr\/france-3-ile-de-france-au-musee\/","name":"France 3 \u00cele-de-France au mus\u00e9e - PHONO Museum Paris","isPartOf":{"@id":"https:\/\/phonomuseum.fr\/#website"},"primaryImageOfPage":{"@id":"https:\/\/phonomuseum.fr\/france-3-ile-de-france-au-musee\/#primaryimage"},"image":{"@id":"https:\/\/phonomuseum.fr\/france-3-ile-de-france-au-musee\/#primaryimage"},"thumbnailUrl":"http:\/\/phonomuseum.fr\/wp-content\/uploads\/2016\/12\/DSC_0021-300x199.jpg","datePublished":"2016-12-12T09:16:28+00:00","dateModified":"2024-06-01T15:56:25+00:00","author":{"@id":"https:\/\/phonomuseum.fr\/#\/schema\/person\/b51b39064861c794e65298c687fac148"},"breadcrumb":{"@id":"https:\/\/phonomuseum.fr\/france-3-ile-de-france-au-musee\/#breadcrumb"},"inLanguage":"fr-FR","potentialAction":[{"@type":"ReadAction","target":["https:\/\/phonomuseum.fr\/france-3-ile-de-france-au-musee\/"]}]},{"@type":"ImageObject","inLanguage":"fr-FR","@id":"https:\/\/phonomuseum.fr\/france-3-ile-de-france-au-musee\/#primaryimage","url":"http:\/\/phonomuseum.fr\/wp-content\/uploads\/2016\/12\/DSC_0021-300x199.jpg","contentUrl":"http:\/\/phonomuseum.fr\/wp-content\/uploads\/2016\/12\/DSC_0021-300x199.jpg"},{"@type":"BreadcrumbList","@id":"https:\/\/phonomuseum.fr\/france-3-ile-de-france-au-musee\/#breadcrumb","itemListElement":[{"@type":"ListItem","position":1,"name":"Accueil","item":"https:\/\/phonomuseum.fr\/accueil\/"},{"@type":"ListItem","position":2,"name":"France 3 Ile de France au mus\u00e9e"}]},{"@type":"WebSite","@id":"https:\/\/phonomuseum.fr\/#website","url":"https:\/\/phonomuseum.fr\/","name":"PHONO Museum Paris","description":"la grande aventure du son enregistr\u00e9 - L&#039;histoire sonore de 1857 \u00e0 nos jours","potentialAction":[{"@type":"SearchAction","target":{"@type":"EntryPoint","urlTemplate":"https:\/\/phonomuseum.fr\/?s={search_term_string}"},"query-input":{"@type":"PropertyValueSpecification","valueRequired":true,"valueName":"search_term_string"}}],"inLanguage":"fr-FR"},{"@type":"Person","@id":"https:\/\/phonomuseum.fr\/#\/schema\/person\/b51b39064861c794e65298c687fac148","name":"phonogal","image":{"@type":"ImageObject","inLanguage":"fr-FR","@id":"https:\/\/secure.gravatar.com\/avatar\/7375bdeadbf9c16a1aff8222837a079120e65e42bddadff285651b8e345e175a?s=96&d=mm&r=g","url":"https:\/\/secure.gravatar.com\/avatar\/7375bdeadbf9c16a1aff8222837a079120e65e42bddadff285651b8e345e175a?s=96&d=mm&r=g","contentUrl":"https:\/\/secure.gravatar.com\/avatar\/7375bdeadbf9c16a1aff8222837a079120e65e42bddadff285651b8e345e175a?s=96&d=mm&r=g","caption":"phonogal"},"url":"https:\/\/phonomuseum.fr\/author\/phonogal\/"}]}},"_links":{"self":[{"href":"https:\/\/phonomuseum.fr\/api\/wp\/v2\/posts\/918","targetHints":{"allow":["GET"]}}],"collection":[{"href":"https:\/\/phonomuseum.fr\/api\/wp\/v2\/posts"}],"about":[{"href":"https:\/\/phonomuseum.fr\/api\/wp\/v2\/types\/post"}],"author":[{"embeddable":true,"href":"https:\/\/phonomuseum.fr\/api\/wp\/v2\/users\/1"}],"replies":[{"embeddable":true,"href":"https:\/\/phonomuseum.fr\/api\/wp\/v2\/comments?post=918"}],"version-history":[{"count":4,"href":"https:\/\/phonomuseum.fr\/api\/wp\/v2\/posts\/918\/revisions"}],"predecessor-version":[{"id":4668,"href":"https:\/\/phonomuseum.fr\/api\/wp\/v2\/posts\/918\/revisions\/4668"}],"wp:attachment":[{"href":"https:\/\/phonomuseum.fr\/api\/wp\/v2\/media?parent=918"}],"wp:term":[{"taxonomy":"category","embeddable":true,"href":"https:\/\/phonomuseum.fr\/api\/wp\/v2\/categories?post=918"},{"taxonomy":"post_tag","embeddable":true,"href":"https:\/\/phonomuseum.fr\/api\/wp\/v2\/tags?post=918"}],"curies":[{"name":"wp","href":"https:\/\/api.w.org\/{rel}","templated":true}]}}