{"id":895,"date":"2016-12-05T10:33:41","date_gmt":"2016-12-05T09:33:41","guid":{"rendered":"http:\/\/phonomuseum.fr\/?p=895"},"modified":"2024-06-01T18:00:45","modified_gmt":"2024-06-01T16:00:45","slug":"un-moment-de-grace-au-musee","status":"publish","type":"post","link":"https:\/\/phonomuseum.fr\/un-moment-de-grace-au-musee\/","title":{"rendered":"Un moment de gr\u00e2ce au mus\u00e9e !"},"content":{"rendered":"<p><a href=\"http:\/\/phonomuseum.fr\/wp-content\/uploads\/2016\/12\/Franc\u0327oise-Fognini-4-12-2016.jpg\" rel=\"attachment wp-att-900\"><img loading=\"lazy\" decoding=\"async\" class=\" wp-image-900 aligncenter\" src=\"http:\/\/phonomuseum.fr\/wp-content\/uploads\/2016\/12\/Franc\u0327oise-Fognini-4-12-2016-300x169.jpg\" alt=\"Franc\u0327oise Fognini 4 12 2016\" width=\"441\" height=\"248\" srcset=\"https:\/\/phonomuseum.fr\/wp-content\/uploads\/2016\/12\/Franc\u0327oise-Fognini-4-12-2016-300x169.jpg 300w, https:\/\/phonomuseum.fr\/wp-content\/uploads\/2016\/12\/Franc\u0327oise-Fognini-4-12-2016-768x432.jpg 768w, https:\/\/phonomuseum.fr\/wp-content\/uploads\/2016\/12\/Franc\u0327oise-Fognini-4-12-2016-1024x576.jpg 1024w, https:\/\/phonomuseum.fr\/wp-content\/uploads\/2016\/12\/Franc\u0327oise-Fognini-4-12-2016-250x141.jpg 250w, https:\/\/phonomuseum.fr\/wp-content\/uploads\/2016\/12\/Franc\u0327oise-Fognini-4-12-2016-150x84.jpg 150w\" sizes=\"auto, (max-width: 441px) 100vw, 441px\" \/><\/a><\/p>\n<p style=\"text-align: justify;\">Hier soir, dimanche 4 d\u00e9cembre 2016, il y a eu un moment magique au mus\u00e9e : le r\u00e9cital de <strong><a href=\"http:\/\/www.francoisefognini.fr\/\" target=\"_blank\" rel=\"noopener\">Fran\u00e7oise Fognini<\/a><\/strong>.<\/p>\n<p style=\"text-align: justify;\">Fran\u00e7oise Fognini est compositrice interpr\u00e8te de chansons qu&rsquo;elle cr\u00e9e \u00e0 partir de po\u00e8mes. Elle est accompagn\u00e9e, et avec quel talent, par Paul Sta\u00efcu au piano et Pierre Baillot, oud et fl\u00fbtes.<\/p>\n<p style=\"text-align: justify;\">Bien connus sont les po\u00e8mes de Louis Aragon mis en musique et <a href=\"http:\/\/www.senscritique.com\/album\/Ferrat_chante_Aragon\/5860623\" target=\"_blank\" rel=\"noopener\">chant\u00e9s par Jean Ferrat<\/a>. Fran\u00e7oise Fognini suit, \u00e0 sa mani\u00e8re, cette fa\u00e7on d&rsquo;aborder la po\u00e9sie. Mais son style est diff\u00e9rent, disons plut\u00f4t jazzy. Sa voix bien timbr\u00e9e le lui permet ainsi que sa belle amplitude. Elle a choisi Verlaine, Cocteau, Desnos, Carco, Anna de Noailles&#8230; Et m\u00eame Moli\u00e8re dont <a href=\"http:\/\/www.fichesdelecture.com\/analyses-litteraires\/moliere\/le-misanthrope\/acte-i-scene-1-tirade-d-alceste-sur-le-genre-humain\" target=\"_blank\" rel=\"noopener\">la tirade d&rsquo;Alceste<\/a> du <a href=\"https:\/\/fr.wikipedia.org\/wiki\/Le_Misanthrope_ou_l'Atrabilaire_amoureux\" target=\"_blank\" rel=\"noopener\">Misanthrope<\/a>\u00a0est mise en musique avec bonheur.<\/p>\n<p style=\"text-align: justify;\">On trouve facilement des vid\u00e9os de Fran\u00e7oise Fognini sur YouTube et son dernier disque <a href=\"http:\/\/www.francoisefognini.fr\/place-vendome\" target=\"_blank\" rel=\"noopener\">Place Vend\u00f4me<\/a> sur son site. Le prochain devrait \u00eatre enregistr\u00e9 en janvier 2017 avec les chansons\/po\u00e8mes interpr\u00e9t\u00e9s au cours du r\u00e9cital d&rsquo;hier. Impatience !<\/p>\n<p style=\"text-align: justify;\">Ne cachons pas notre plaisir et souhaitons que Fran\u00e7oise Fognini revienne tr\u00e8s vite nous voir.<\/p>\n<p style=\"text-align: justify;\">Au lieu des vid\u00e9os accessibles sur YouTube, nous vous proposons un petit extrait \u00ab\u00a0live\u00a0\u00bb fait hier soir <em>(pardon pour la qualit\u00e9)<\/em> sur un po\u00e8me de Paul Verlaine <em><a href=\"http:\/\/www.poetica.fr\/poeme-186\/paul-verlaine-mon-reve-familier\/\" target=\"_blank\" rel=\"noopener\">Mon r\u00eave familier<\/a><\/em><\/p>\n<p>[kad_youtube url=\u00a0\u00bb<a href=\"https:\/\/youtu.be\/RgCOJu3Y5Tg\" target=\"_blank\" rel=\"noopener\">https:\/\/youtu.be\/RgCOJu3Y5Tg<\/a>\u00a0\u00bb ]<\/p>\n<p>&nbsp;<\/p>\n","protected":false},"excerpt":{"rendered":"<p>Hier soir, dimanche 4 d\u00e9cembre 2016, il y a eu un moment magique au mus\u00e9e : le r\u00e9cital de Fran\u00e7oise Fognini. Fran\u00e7oise Fognini est compositrice interpr\u00e8te de chansons qu&rsquo;elle cr\u00e9e \u00e0 partir de po\u00e8mes. Elle est accompagn\u00e9e, et avec quel talent, par Paul Sta\u00efcu au piano et Pierre Baillot, oud et fl\u00fbtes. Bien connus sont [&hellip;]<\/p>\n","protected":false},"author":1,"featured_media":0,"comment_status":"open","ping_status":"closed","sticky":false,"template":"","format":"standard","meta":{"footnotes":""},"categories":[14],"tags":[],"class_list":["post-895","post","type-post","status-publish","format-standard","hentry","category-blog"],"yoast_head":"<!-- This site is optimized with the Yoast SEO plugin v27.5 - https:\/\/yoast.com\/product\/yoast-seo-wordpress\/ -->\n<title>Un moment de gr\u00e2ce au mus\u00e9e ! - PHONO Museum Paris<\/title>\n<meta name=\"robots\" content=\"index, follow, max-snippet:-1, max-image-preview:large, max-video-preview:-1\" \/>\n<link rel=\"canonical\" href=\"https:\/\/phonomuseum.fr\/un-moment-de-grace-au-musee\/\" \/>\n<meta property=\"og:locale\" content=\"fr_FR\" \/>\n<meta property=\"og:type\" content=\"article\" \/>\n<meta property=\"og:title\" content=\"Un moment de gr\u00e2ce au mus\u00e9e ! - PHONO Museum Paris\" \/>\n<meta property=\"og:description\" content=\"Hier soir, dimanche 4 d\u00e9cembre 2016, il y a eu un moment magique au mus\u00e9e : le r\u00e9cital de Fran\u00e7oise Fognini. Fran\u00e7oise Fognini est compositrice interpr\u00e8te de chansons qu&rsquo;elle cr\u00e9e \u00e0 partir de po\u00e8mes. Elle est accompagn\u00e9e, et avec quel talent, par Paul Sta\u00efcu au piano et Pierre Baillot, oud et fl\u00fbtes. Bien connus sont [&hellip;]\" \/>\n<meta property=\"og:url\" content=\"https:\/\/phonomuseum.fr\/un-moment-de-grace-au-musee\/\" \/>\n<meta property=\"og:site_name\" content=\"PHONO Museum Paris\" \/>\n<meta property=\"article:published_time\" content=\"2016-12-05T09:33:41+00:00\" \/>\n<meta property=\"article:modified_time\" content=\"2024-06-01T16:00:45+00:00\" \/>\n<meta property=\"og:image\" content=\"http:\/\/phonomuseum.fr\/wp-content\/uploads\/2016\/12\/Franc\u0327oise-Fognini-4-12-2016-300x169.jpg\" \/>\n<meta name=\"author\" content=\"phonogal\" \/>\n<meta name=\"twitter:card\" content=\"summary_large_image\" \/>\n<meta name=\"twitter:label1\" content=\"\u00c9crit par\" \/>\n\t<meta name=\"twitter:data1\" content=\"phonogal\" \/>\n\t<meta name=\"twitter:label2\" content=\"Dur\u00e9e de lecture estim\u00e9e\" \/>\n\t<meta name=\"twitter:data2\" content=\"1 minute\" \/>\n<script type=\"application\/ld+json\" class=\"yoast-schema-graph\">{\"@context\":\"https:\\\/\\\/schema.org\",\"@graph\":[{\"@type\":\"Article\",\"@id\":\"https:\\\/\\\/phonomuseum.fr\\\/un-moment-de-grace-au-musee\\\/#article\",\"isPartOf\":{\"@id\":\"https:\\\/\\\/phonomuseum.fr\\\/un-moment-de-grace-au-musee\\\/\"},\"author\":{\"name\":\"phonogal\",\"@id\":\"https:\\\/\\\/phonomuseum.fr\\\/#\\\/schema\\\/person\\\/b51b39064861c794e65298c687fac148\"},\"headline\":\"Un moment de gr\u00e2ce au mus\u00e9e !\",\"datePublished\":\"2016-12-05T09:33:41+00:00\",\"dateModified\":\"2024-06-01T16:00:45+00:00\",\"mainEntityOfPage\":{\"@id\":\"https:\\\/\\\/phonomuseum.fr\\\/un-moment-de-grace-au-musee\\\/\"},\"wordCount\":257,\"commentCount\":0,\"articleSection\":[\"BLOG\"],\"inLanguage\":\"fr-FR\",\"potentialAction\":[{\"@type\":\"CommentAction\",\"name\":\"Comment\",\"target\":[\"https:\\\/\\\/phonomuseum.fr\\\/un-moment-de-grace-au-musee\\\/#respond\"]}]},{\"@type\":\"WebPage\",\"@id\":\"https:\\\/\\\/phonomuseum.fr\\\/un-moment-de-grace-au-musee\\\/\",\"url\":\"https:\\\/\\\/phonomuseum.fr\\\/un-moment-de-grace-au-musee\\\/\",\"name\":\"Un moment de gr\u00e2ce au mus\u00e9e ! - PHONO Museum Paris\",\"isPartOf\":{\"@id\":\"https:\\\/\\\/phonomuseum.fr\\\/#website\"},\"datePublished\":\"2016-12-05T09:33:41+00:00\",\"dateModified\":\"2024-06-01T16:00:45+00:00\",\"author\":{\"@id\":\"https:\\\/\\\/phonomuseum.fr\\\/#\\\/schema\\\/person\\\/b51b39064861c794e65298c687fac148\"},\"breadcrumb\":{\"@id\":\"https:\\\/\\\/phonomuseum.fr\\\/un-moment-de-grace-au-musee\\\/#breadcrumb\"},\"inLanguage\":\"fr-FR\",\"potentialAction\":[{\"@type\":\"ReadAction\",\"target\":[\"https:\\\/\\\/phonomuseum.fr\\\/un-moment-de-grace-au-musee\\\/\"]}]},{\"@type\":\"BreadcrumbList\",\"@id\":\"https:\\\/\\\/phonomuseum.fr\\\/un-moment-de-grace-au-musee\\\/#breadcrumb\",\"itemListElement\":[{\"@type\":\"ListItem\",\"position\":1,\"name\":\"Accueil\",\"item\":\"https:\\\/\\\/phonomuseum.fr\\\/accueil\\\/\"},{\"@type\":\"ListItem\",\"position\":2,\"name\":\"Un moment de gr\u00e2ce au mus\u00e9e !\"}]},{\"@type\":\"WebSite\",\"@id\":\"https:\\\/\\\/phonomuseum.fr\\\/#website\",\"url\":\"https:\\\/\\\/phonomuseum.fr\\\/\",\"name\":\"PHONO Museum Paris\",\"description\":\"la grande aventure du son enregistr\u00e9 - L&#039;histoire sonore de 1857 \u00e0 nos jours\",\"potentialAction\":[{\"@type\":\"SearchAction\",\"target\":{\"@type\":\"EntryPoint\",\"urlTemplate\":\"https:\\\/\\\/phonomuseum.fr\\\/?s={search_term_string}\"},\"query-input\":{\"@type\":\"PropertyValueSpecification\",\"valueRequired\":true,\"valueName\":\"search_term_string\"}}],\"inLanguage\":\"fr-FR\"},{\"@type\":\"Person\",\"@id\":\"https:\\\/\\\/phonomuseum.fr\\\/#\\\/schema\\\/person\\\/b51b39064861c794e65298c687fac148\",\"name\":\"phonogal\",\"image\":{\"@type\":\"ImageObject\",\"inLanguage\":\"fr-FR\",\"@id\":\"https:\\\/\\\/secure.gravatar.com\\\/avatar\\\/7375bdeadbf9c16a1aff8222837a079120e65e42bddadff285651b8e345e175a?s=96&d=mm&r=g\",\"url\":\"https:\\\/\\\/secure.gravatar.com\\\/avatar\\\/7375bdeadbf9c16a1aff8222837a079120e65e42bddadff285651b8e345e175a?s=96&d=mm&r=g\",\"contentUrl\":\"https:\\\/\\\/secure.gravatar.com\\\/avatar\\\/7375bdeadbf9c16a1aff8222837a079120e65e42bddadff285651b8e345e175a?s=96&d=mm&r=g\",\"caption\":\"phonogal\"},\"url\":\"https:\\\/\\\/phonomuseum.fr\\\/author\\\/phonogal\\\/\"}]}<\/script>\n<!-- \/ Yoast SEO plugin. -->","yoast_head_json":{"title":"Un moment de gr\u00e2ce au mus\u00e9e ! - PHONO Museum Paris","robots":{"index":"index","follow":"follow","max-snippet":"max-snippet:-1","max-image-preview":"max-image-preview:large","max-video-preview":"max-video-preview:-1"},"canonical":"https:\/\/phonomuseum.fr\/un-moment-de-grace-au-musee\/","og_locale":"fr_FR","og_type":"article","og_title":"Un moment de gr\u00e2ce au mus\u00e9e ! - PHONO Museum Paris","og_description":"Hier soir, dimanche 4 d\u00e9cembre 2016, il y a eu un moment magique au mus\u00e9e : le r\u00e9cital de Fran\u00e7oise Fognini. Fran\u00e7oise Fognini est compositrice interpr\u00e8te de chansons qu&rsquo;elle cr\u00e9e \u00e0 partir de po\u00e8mes. Elle est accompagn\u00e9e, et avec quel talent, par Paul Sta\u00efcu au piano et Pierre Baillot, oud et fl\u00fbtes. Bien connus sont [&hellip;]","og_url":"https:\/\/phonomuseum.fr\/un-moment-de-grace-au-musee\/","og_site_name":"PHONO Museum Paris","article_published_time":"2016-12-05T09:33:41+00:00","article_modified_time":"2024-06-01T16:00:45+00:00","og_image":[{"url":"http:\/\/phonomuseum.fr\/wp-content\/uploads\/2016\/12\/Franc\u0327oise-Fognini-4-12-2016-300x169.jpg","type":"","width":"","height":""}],"author":"phonogal","twitter_card":"summary_large_image","twitter_misc":{"\u00c9crit par":"phonogal","Dur\u00e9e de lecture estim\u00e9e":"1 minute"},"schema":{"@context":"https:\/\/schema.org","@graph":[{"@type":"Article","@id":"https:\/\/phonomuseum.fr\/un-moment-de-grace-au-musee\/#article","isPartOf":{"@id":"https:\/\/phonomuseum.fr\/un-moment-de-grace-au-musee\/"},"author":{"name":"phonogal","@id":"https:\/\/phonomuseum.fr\/#\/schema\/person\/b51b39064861c794e65298c687fac148"},"headline":"Un moment de gr\u00e2ce au mus\u00e9e !","datePublished":"2016-12-05T09:33:41+00:00","dateModified":"2024-06-01T16:00:45+00:00","mainEntityOfPage":{"@id":"https:\/\/phonomuseum.fr\/un-moment-de-grace-au-musee\/"},"wordCount":257,"commentCount":0,"articleSection":["BLOG"],"inLanguage":"fr-FR","potentialAction":[{"@type":"CommentAction","name":"Comment","target":["https:\/\/phonomuseum.fr\/un-moment-de-grace-au-musee\/#respond"]}]},{"@type":"WebPage","@id":"https:\/\/phonomuseum.fr\/un-moment-de-grace-au-musee\/","url":"https:\/\/phonomuseum.fr\/un-moment-de-grace-au-musee\/","name":"Un moment de gr\u00e2ce au mus\u00e9e ! - PHONO Museum Paris","isPartOf":{"@id":"https:\/\/phonomuseum.fr\/#website"},"datePublished":"2016-12-05T09:33:41+00:00","dateModified":"2024-06-01T16:00:45+00:00","author":{"@id":"https:\/\/phonomuseum.fr\/#\/schema\/person\/b51b39064861c794e65298c687fac148"},"breadcrumb":{"@id":"https:\/\/phonomuseum.fr\/un-moment-de-grace-au-musee\/#breadcrumb"},"inLanguage":"fr-FR","potentialAction":[{"@type":"ReadAction","target":["https:\/\/phonomuseum.fr\/un-moment-de-grace-au-musee\/"]}]},{"@type":"BreadcrumbList","@id":"https:\/\/phonomuseum.fr\/un-moment-de-grace-au-musee\/#breadcrumb","itemListElement":[{"@type":"ListItem","position":1,"name":"Accueil","item":"https:\/\/phonomuseum.fr\/accueil\/"},{"@type":"ListItem","position":2,"name":"Un moment de gr\u00e2ce au mus\u00e9e !"}]},{"@type":"WebSite","@id":"https:\/\/phonomuseum.fr\/#website","url":"https:\/\/phonomuseum.fr\/","name":"PHONO Museum Paris","description":"la grande aventure du son enregistr\u00e9 - L&#039;histoire sonore de 1857 \u00e0 nos jours","potentialAction":[{"@type":"SearchAction","target":{"@type":"EntryPoint","urlTemplate":"https:\/\/phonomuseum.fr\/?s={search_term_string}"},"query-input":{"@type":"PropertyValueSpecification","valueRequired":true,"valueName":"search_term_string"}}],"inLanguage":"fr-FR"},{"@type":"Person","@id":"https:\/\/phonomuseum.fr\/#\/schema\/person\/b51b39064861c794e65298c687fac148","name":"phonogal","image":{"@type":"ImageObject","inLanguage":"fr-FR","@id":"https:\/\/secure.gravatar.com\/avatar\/7375bdeadbf9c16a1aff8222837a079120e65e42bddadff285651b8e345e175a?s=96&d=mm&r=g","url":"https:\/\/secure.gravatar.com\/avatar\/7375bdeadbf9c16a1aff8222837a079120e65e42bddadff285651b8e345e175a?s=96&d=mm&r=g","contentUrl":"https:\/\/secure.gravatar.com\/avatar\/7375bdeadbf9c16a1aff8222837a079120e65e42bddadff285651b8e345e175a?s=96&d=mm&r=g","caption":"phonogal"},"url":"https:\/\/phonomuseum.fr\/author\/phonogal\/"}]}},"_links":{"self":[{"href":"https:\/\/phonomuseum.fr\/api\/wp\/v2\/posts\/895","targetHints":{"allow":["GET"]}}],"collection":[{"href":"https:\/\/phonomuseum.fr\/api\/wp\/v2\/posts"}],"about":[{"href":"https:\/\/phonomuseum.fr\/api\/wp\/v2\/types\/post"}],"author":[{"embeddable":true,"href":"https:\/\/phonomuseum.fr\/api\/wp\/v2\/users\/1"}],"replies":[{"embeddable":true,"href":"https:\/\/phonomuseum.fr\/api\/wp\/v2\/comments?post=895"}],"version-history":[{"count":3,"href":"https:\/\/phonomuseum.fr\/api\/wp\/v2\/posts\/895\/revisions"}],"predecessor-version":[{"id":4672,"href":"https:\/\/phonomuseum.fr\/api\/wp\/v2\/posts\/895\/revisions\/4672"}],"wp:attachment":[{"href":"https:\/\/phonomuseum.fr\/api\/wp\/v2\/media?parent=895"}],"wp:term":[{"taxonomy":"category","embeddable":true,"href":"https:\/\/phonomuseum.fr\/api\/wp\/v2\/categories?post=895"},{"taxonomy":"post_tag","embeddable":true,"href":"https:\/\/phonomuseum.fr\/api\/wp\/v2\/tags?post=895"}],"curies":[{"name":"wp","href":"https:\/\/api.w.org\/{rel}","templated":true}]}}