{"id":850,"date":"2016-11-14T16:49:04","date_gmt":"2016-11-14T15:49:04","guid":{"rendered":"http:\/\/phonomuseum.fr\/?p=850"},"modified":"2024-06-01T18:10:55","modified_gmt":"2024-06-01T16:10:55","slug":"concerts-programme-de-decembre-2016-a-juillet-2017","status":"publish","type":"post","link":"https:\/\/phonomuseum.fr\/concerts-programme-de-decembre-2016-a-juillet-2017\/","title":{"rendered":"Concerts : programme de D\u00e9cembre 2016 \u00e0 Juillet 2017"},"content":{"rendered":"<p style=\"text-align: justify;\">Le programme des concerts du premier dimanche de chaque mois \u00e0 18h30 de D\u00e9cembre 2016 \u00e0 Juillet 2017 est le suivant :<\/p>\n<p style=\"text-align: justify;\"><strong><span style=\"color: #ff0000;\"><span style=\"font-family: Verdana,sans-serif;\"><span style=\"font-size: medium;\"><u>2016<\/u><\/span><\/span><\/span><\/strong><\/p>\n<p style=\"text-align: justify;\"><span style=\"color: #000000;\"><span style=\"font-family: Verdana,sans-serif;\"><span style=\"font-size: medium;\">4 D\u00e9cembre : <strong>Tribu \u00ab\u00a0Modern r\u00e9cital\u00a0\u00bb<\/strong><\/span><\/span><\/span><\/p>\n<p style=\"text-align: justify;\"><span style=\"color: #000000;\"><span style=\"font-family: Verdana,sans-serif;\"><span style=\"font-size: medium;\">Fran\u00e7oise Fognini, chant &amp; compositions<\/span><\/span><\/span><\/p>\n<p style=\"text-align: justify;\"><span style=\"font-family: Verdana,sans-serif;\"><span style=\"font-size: medium;\"><span style=\"color: #000000;\">Paul Sta\u00efcu<\/span><span style=\"color: #000000;\"><b>, <\/b><\/span><span style=\"color: #000000;\">Piano <\/span><\/span><\/span><\/p>\n<p style=\"text-align: justify;\"><span style=\"color: #071f2b;\"><span style=\"font-family: Verdana,sans-serif;\"><span style=\"font-size: medium;\">Invit\u00e9 : Pierre Baillot, fl\u00fbtes Bansuri et Ney, Oud<\/span><\/span><\/span><\/p>\n<p style=\"text-align: justify;\"><span style=\"color: #ff0000;\"><strong><span style=\"font-family: Verdana,sans-serif;\"><span style=\"font-size: medium;\"><u>2017<\/u><\/span><\/span><\/strong><\/span><\/p>\n<p style=\"text-align: justify;\"><span style=\"font-family: Verdana,sans-serif;\"><span style=\"font-size: medium;\"><span style=\"color: #000000;\">8 Janvier :<\/span> <strong><span style=\"color: #000000;\">Monteverdi et Purcell A due<\/span><\/strong><\/span><\/span><\/p>\n<p style=\"text-align: justify;\"><span style=\"color: #000000;\"><span style=\"font-family: Verdana,sans-serif;\"><span style=\"font-size: medium;\">Vanessa Fodil, chant<\/span><\/span><\/span><\/p>\n<p style=\"text-align: justify;\"><span style=\"color: #000000;\"><span style=\"font-family: Verdana,sans-serif;\"><span style=\"font-size: medium;\">Fran\u00e7oise Weeger, viole de gambe<\/span><\/span><\/span><\/p>\n<p style=\"text-align: justify;\"><span style=\"font-family: Verdana,sans-serif;\"><span style=\"font-size: medium;\"><span style=\"color: #000000;\">5 F\u00e9vrier : <strong>Alba Novella : <\/strong><\/span><strong><span style=\"color: #000000;\">Le jardin d&rsquo;amour \u00e0 Anvers<\/span><\/strong><i> <\/i><\/span><\/span><\/p>\n<p style=\"text-align: justify;\"><span style=\"font-family: Verdana,sans-serif;\"><span style=\"font-size: medium;\"><span style=\"color: #000000;\">Quatuor de fl\u00fbte \u00e0 bec :<\/span> <span style=\"color: #000000;\">Thomas Deprez, Anne Catherine Gossel\u00e9, Cl\u00e9mence Gr\u00e9goire, Laura Pok<\/span><\/span><\/span><\/p>\n<p style=\"text-align: justify;\"><span style=\"font-family: Verdana,sans-serif;\"><span style=\"font-size: medium;\"><span style=\"color: #000000;\">5 Mars :<\/span> <strong><span style=\"color: #000000;\">Chansons r\u00e9alistes<\/span><span style=\"color: #000000;\"> \u00ab\u00a0Figures f\u00e9minines en chansons\u00a0\u00bb<\/span><\/strong><\/span><\/span><\/p>\n<p style=\"text-align: justify;\"><span style=\"color: #000000;\"><span style=\"font-family: Verdana,sans-serif;\"><span style=\"font-size: medium;\">Mac Orlan, Ferr\u00e9, Aragon, Rainer Maria Rilke<\/span><\/span><\/span><\/p>\n<p style=\"text-align: justify;\"><span style=\"color: #000000;\"><span style=\"font-family: Verdana,sans-serif;\"><span style=\"font-size: medium;\">Isabelle Servol , chant<\/span><\/span><\/span><\/p>\n<p style=\"text-align: justify;\"><span style=\"font-family: Verdana,sans-serif;\"><span style=\"font-size: medium;\"><span style=\"color: #000000;\">Mathieu Geghre<\/span><span style=\"color: #000000;\">, piano<\/span><\/span><\/span><\/p>\n<p style=\"text-align: justify;\"><span style=\"color: #000000;\"><span style=\"font-family: Verdana,sans-serif;\"><span style=\"font-size: medium;\">5 Avril : <strong>Oud solo<\/strong><\/span><\/span><\/span><\/p>\n<p style=\"text-align: justify;\"><span style=\"color: #000000;\"><span style=\"font-family: Verdana,sans-serif;\"><span style=\"font-size: medium;\">Khaled Aljaramani <\/span><\/span><\/span><\/p>\n<p style=\"text-align: justify;\"><strong><span style=\"color: #fb0007;\"><span style=\"font-family: Verdana,sans-serif;\"><span style=\"font-size: medium;\"><u>Mai Rel\u00e2che<\/u><\/span><\/span><\/span><\/strong><\/p>\n<p style=\"text-align: justify;\"><span style=\"color: #000000;\"><span style=\"font-family: Verdana,sans-serif;\"><span style=\"font-size: medium;\">4 Juin\u00a0: <strong>m\u00e9lodies fran\u00e7aises de Guillaume de Machaut \u00e0 Jacques Brel<\/strong><\/span><\/span><\/span><\/p>\n<p style=\"text-align: justify;\"><span style=\"color: #000000;\"><span style=\"font-family: Verdana,sans-serif;\"><span style=\"font-size: medium;\">Marie Kobayashi, mezzo soprano &#8211; Ma\u00ef Fukui : Harpe<\/span><\/span><\/span><\/p>\n<p style=\"text-align: justify;\"><span style=\"font-family: Verdana,sans-serif;\"><span style=\"font-size: medium;\"><span style=\"color: #000000;\">2 Juillet : <strong>Delphine Joutard et le Cancan Orchestra<\/strong><\/span><\/span><\/span><\/p>\n<p style=\"text-align: justify;\"><span style=\"color: #000000;\"><span style=\"font-family: Verdana,sans-serif;\"><span style=\"font-size: medium;\">Delphine Joutard, Chant<\/span><\/span><\/span><\/p>\n<p style=\"text-align: justify;\"><span style=\"color: #000000;\"><span style=\"font-family: Verdana,sans-serif;\"><span style=\"font-size: medium;\">J\u00e9r\u00f4me Etcheberry, Trompette<\/span><\/span><\/span><\/p>\n<p style=\"text-align: justify;\"><span style=\"color: #000000;\"><span style=\"font-family: Verdana,sans-serif;\"><span style=\"font-size: medium;\">Hugo Lippi, Guitare<\/span><\/span><\/span><\/p>\n<p style=\"text-align: justify;\"><span style=\"color: #000000;\"><span style=\"font-family: Verdana,sans-serif;\"><span style=\"font-size: medium;\">Rapha\u00ebl Dever, Contrebasse<\/span><\/span><\/span><\/p>\n","protected":false},"excerpt":{"rendered":"<p>Le programme des concerts du premier dimanche de chaque mois \u00e0 18h30 de D\u00e9cembre 2016 \u00e0 Juillet 2017 est le suivant : 2016 4 D\u00e9cembre : Tribu \u00ab\u00a0Modern r\u00e9cital\u00a0\u00bb Fran\u00e7oise Fognini, chant &amp; compositions Paul Sta\u00efcu, Piano Invit\u00e9 : Pierre Baillot, fl\u00fbtes Bansuri et Ney, Oud 2017 8 Janvier : Monteverdi et Purcell A due [&hellip;]<\/p>\n","protected":false},"author":1,"featured_media":0,"comment_status":"open","ping_status":"closed","sticky":false,"template":"","format":"standard","meta":{"footnotes":""},"categories":[14],"tags":[],"class_list":["post-850","post","type-post","status-publish","format-standard","hentry","category-blog"],"yoast_head":"<!-- This site is optimized with the Yoast SEO plugin v27.5 - https:\/\/yoast.com\/product\/yoast-seo-wordpress\/ -->\n<title>Concerts : programme de D\u00e9cembre 2016 \u00e0 Juillet 2017 - PHONO Museum Paris<\/title>\n<meta name=\"robots\" content=\"index, follow, max-snippet:-1, max-image-preview:large, max-video-preview:-1\" \/>\n<link rel=\"canonical\" href=\"https:\/\/phonomuseum.fr\/concerts-programme-de-decembre-2016-a-juillet-2017\/\" \/>\n<meta property=\"og:locale\" content=\"fr_FR\" \/>\n<meta property=\"og:type\" content=\"article\" \/>\n<meta property=\"og:title\" content=\"Concerts : programme de D\u00e9cembre 2016 \u00e0 Juillet 2017 - PHONO Museum Paris\" \/>\n<meta property=\"og:description\" content=\"Le programme des concerts du premier dimanche de chaque mois \u00e0 18h30 de D\u00e9cembre 2016 \u00e0 Juillet 2017 est le suivant : 2016 4 D\u00e9cembre : Tribu \u00ab\u00a0Modern r\u00e9cital\u00a0\u00bb Fran\u00e7oise Fognini, chant &amp; compositions Paul Sta\u00efcu, Piano Invit\u00e9 : Pierre Baillot, fl\u00fbtes Bansuri et Ney, Oud 2017 8 Janvier : Monteverdi et Purcell A due [&hellip;]\" \/>\n<meta property=\"og:url\" content=\"https:\/\/phonomuseum.fr\/concerts-programme-de-decembre-2016-a-juillet-2017\/\" \/>\n<meta property=\"og:site_name\" content=\"PHONO Museum Paris\" \/>\n<meta property=\"article:published_time\" content=\"2016-11-14T15:49:04+00:00\" \/>\n<meta property=\"article:modified_time\" content=\"2024-06-01T16:10:55+00:00\" \/>\n<meta name=\"author\" content=\"phonogal\" \/>\n<meta name=\"twitter:card\" content=\"summary_large_image\" \/>\n<meta name=\"twitter:label1\" content=\"\u00c9crit par\" \/>\n\t<meta name=\"twitter:data1\" content=\"phonogal\" \/>\n\t<meta name=\"twitter:label2\" content=\"Dur\u00e9e de lecture estim\u00e9e\" \/>\n\t<meta name=\"twitter:data2\" content=\"1 minute\" \/>\n<script type=\"application\/ld+json\" class=\"yoast-schema-graph\">{\"@context\":\"https:\\\/\\\/schema.org\",\"@graph\":[{\"@type\":\"Article\",\"@id\":\"https:\\\/\\\/phonomuseum.fr\\\/concerts-programme-de-decembre-2016-a-juillet-2017\\\/#article\",\"isPartOf\":{\"@id\":\"https:\\\/\\\/phonomuseum.fr\\\/concerts-programme-de-decembre-2016-a-juillet-2017\\\/\"},\"author\":{\"name\":\"phonogal\",\"@id\":\"https:\\\/\\\/phonomuseum.fr\\\/#\\\/schema\\\/person\\\/b51b39064861c794e65298c687fac148\"},\"headline\":\"Concerts : programme de D\u00e9cembre 2016 \u00e0 Juillet 2017\",\"datePublished\":\"2016-11-14T15:49:04+00:00\",\"dateModified\":\"2024-06-01T16:10:55+00:00\",\"mainEntityOfPage\":{\"@id\":\"https:\\\/\\\/phonomuseum.fr\\\/concerts-programme-de-decembre-2016-a-juillet-2017\\\/\"},\"wordCount\":160,\"commentCount\":0,\"articleSection\":[\"BLOG\"],\"inLanguage\":\"fr-FR\",\"potentialAction\":[{\"@type\":\"CommentAction\",\"name\":\"Comment\",\"target\":[\"https:\\\/\\\/phonomuseum.fr\\\/concerts-programme-de-decembre-2016-a-juillet-2017\\\/#respond\"]}]},{\"@type\":\"WebPage\",\"@id\":\"https:\\\/\\\/phonomuseum.fr\\\/concerts-programme-de-decembre-2016-a-juillet-2017\\\/\",\"url\":\"https:\\\/\\\/phonomuseum.fr\\\/concerts-programme-de-decembre-2016-a-juillet-2017\\\/\",\"name\":\"Concerts : programme de D\u00e9cembre 2016 \u00e0 Juillet 2017 - PHONO Museum Paris\",\"isPartOf\":{\"@id\":\"https:\\\/\\\/phonomuseum.fr\\\/#website\"},\"datePublished\":\"2016-11-14T15:49:04+00:00\",\"dateModified\":\"2024-06-01T16:10:55+00:00\",\"author\":{\"@id\":\"https:\\\/\\\/phonomuseum.fr\\\/#\\\/schema\\\/person\\\/b51b39064861c794e65298c687fac148\"},\"breadcrumb\":{\"@id\":\"https:\\\/\\\/phonomuseum.fr\\\/concerts-programme-de-decembre-2016-a-juillet-2017\\\/#breadcrumb\"},\"inLanguage\":\"fr-FR\",\"potentialAction\":[{\"@type\":\"ReadAction\",\"target\":[\"https:\\\/\\\/phonomuseum.fr\\\/concerts-programme-de-decembre-2016-a-juillet-2017\\\/\"]}]},{\"@type\":\"BreadcrumbList\",\"@id\":\"https:\\\/\\\/phonomuseum.fr\\\/concerts-programme-de-decembre-2016-a-juillet-2017\\\/#breadcrumb\",\"itemListElement\":[{\"@type\":\"ListItem\",\"position\":1,\"name\":\"Accueil\",\"item\":\"https:\\\/\\\/phonomuseum.fr\\\/accueil\\\/\"},{\"@type\":\"ListItem\",\"position\":2,\"name\":\"Concerts : programme de D\u00e9cembre 2016 \u00e0 Juillet 2017\"}]},{\"@type\":\"WebSite\",\"@id\":\"https:\\\/\\\/phonomuseum.fr\\\/#website\",\"url\":\"https:\\\/\\\/phonomuseum.fr\\\/\",\"name\":\"PHONO Museum Paris\",\"description\":\"la grande aventure du son enregistr\u00e9 - L&#039;histoire sonore de 1857 \u00e0 nos jours\",\"potentialAction\":[{\"@type\":\"SearchAction\",\"target\":{\"@type\":\"EntryPoint\",\"urlTemplate\":\"https:\\\/\\\/phonomuseum.fr\\\/?s={search_term_string}\"},\"query-input\":{\"@type\":\"PropertyValueSpecification\",\"valueRequired\":true,\"valueName\":\"search_term_string\"}}],\"inLanguage\":\"fr-FR\"},{\"@type\":\"Person\",\"@id\":\"https:\\\/\\\/phonomuseum.fr\\\/#\\\/schema\\\/person\\\/b51b39064861c794e65298c687fac148\",\"name\":\"phonogal\",\"image\":{\"@type\":\"ImageObject\",\"inLanguage\":\"fr-FR\",\"@id\":\"https:\\\/\\\/secure.gravatar.com\\\/avatar\\\/7375bdeadbf9c16a1aff8222837a079120e65e42bddadff285651b8e345e175a?s=96&d=mm&r=g\",\"url\":\"https:\\\/\\\/secure.gravatar.com\\\/avatar\\\/7375bdeadbf9c16a1aff8222837a079120e65e42bddadff285651b8e345e175a?s=96&d=mm&r=g\",\"contentUrl\":\"https:\\\/\\\/secure.gravatar.com\\\/avatar\\\/7375bdeadbf9c16a1aff8222837a079120e65e42bddadff285651b8e345e175a?s=96&d=mm&r=g\",\"caption\":\"phonogal\"},\"url\":\"https:\\\/\\\/phonomuseum.fr\\\/author\\\/phonogal\\\/\"}]}<\/script>\n<!-- \/ Yoast SEO plugin. -->","yoast_head_json":{"title":"Concerts : programme de D\u00e9cembre 2016 \u00e0 Juillet 2017 - PHONO Museum Paris","robots":{"index":"index","follow":"follow","max-snippet":"max-snippet:-1","max-image-preview":"max-image-preview:large","max-video-preview":"max-video-preview:-1"},"canonical":"https:\/\/phonomuseum.fr\/concerts-programme-de-decembre-2016-a-juillet-2017\/","og_locale":"fr_FR","og_type":"article","og_title":"Concerts : programme de D\u00e9cembre 2016 \u00e0 Juillet 2017 - PHONO Museum Paris","og_description":"Le programme des concerts du premier dimanche de chaque mois \u00e0 18h30 de D\u00e9cembre 2016 \u00e0 Juillet 2017 est le suivant : 2016 4 D\u00e9cembre : Tribu \u00ab\u00a0Modern r\u00e9cital\u00a0\u00bb Fran\u00e7oise Fognini, chant &amp; compositions Paul Sta\u00efcu, Piano Invit\u00e9 : Pierre Baillot, fl\u00fbtes Bansuri et Ney, Oud 2017 8 Janvier : Monteverdi et Purcell A due [&hellip;]","og_url":"https:\/\/phonomuseum.fr\/concerts-programme-de-decembre-2016-a-juillet-2017\/","og_site_name":"PHONO Museum Paris","article_published_time":"2016-11-14T15:49:04+00:00","article_modified_time":"2024-06-01T16:10:55+00:00","author":"phonogal","twitter_card":"summary_large_image","twitter_misc":{"\u00c9crit par":"phonogal","Dur\u00e9e de lecture estim\u00e9e":"1 minute"},"schema":{"@context":"https:\/\/schema.org","@graph":[{"@type":"Article","@id":"https:\/\/phonomuseum.fr\/concerts-programme-de-decembre-2016-a-juillet-2017\/#article","isPartOf":{"@id":"https:\/\/phonomuseum.fr\/concerts-programme-de-decembre-2016-a-juillet-2017\/"},"author":{"name":"phonogal","@id":"https:\/\/phonomuseum.fr\/#\/schema\/person\/b51b39064861c794e65298c687fac148"},"headline":"Concerts : programme de D\u00e9cembre 2016 \u00e0 Juillet 2017","datePublished":"2016-11-14T15:49:04+00:00","dateModified":"2024-06-01T16:10:55+00:00","mainEntityOfPage":{"@id":"https:\/\/phonomuseum.fr\/concerts-programme-de-decembre-2016-a-juillet-2017\/"},"wordCount":160,"commentCount":0,"articleSection":["BLOG"],"inLanguage":"fr-FR","potentialAction":[{"@type":"CommentAction","name":"Comment","target":["https:\/\/phonomuseum.fr\/concerts-programme-de-decembre-2016-a-juillet-2017\/#respond"]}]},{"@type":"WebPage","@id":"https:\/\/phonomuseum.fr\/concerts-programme-de-decembre-2016-a-juillet-2017\/","url":"https:\/\/phonomuseum.fr\/concerts-programme-de-decembre-2016-a-juillet-2017\/","name":"Concerts : programme de D\u00e9cembre 2016 \u00e0 Juillet 2017 - PHONO Museum Paris","isPartOf":{"@id":"https:\/\/phonomuseum.fr\/#website"},"datePublished":"2016-11-14T15:49:04+00:00","dateModified":"2024-06-01T16:10:55+00:00","author":{"@id":"https:\/\/phonomuseum.fr\/#\/schema\/person\/b51b39064861c794e65298c687fac148"},"breadcrumb":{"@id":"https:\/\/phonomuseum.fr\/concerts-programme-de-decembre-2016-a-juillet-2017\/#breadcrumb"},"inLanguage":"fr-FR","potentialAction":[{"@type":"ReadAction","target":["https:\/\/phonomuseum.fr\/concerts-programme-de-decembre-2016-a-juillet-2017\/"]}]},{"@type":"BreadcrumbList","@id":"https:\/\/phonomuseum.fr\/concerts-programme-de-decembre-2016-a-juillet-2017\/#breadcrumb","itemListElement":[{"@type":"ListItem","position":1,"name":"Accueil","item":"https:\/\/phonomuseum.fr\/accueil\/"},{"@type":"ListItem","position":2,"name":"Concerts : programme de D\u00e9cembre 2016 \u00e0 Juillet 2017"}]},{"@type":"WebSite","@id":"https:\/\/phonomuseum.fr\/#website","url":"https:\/\/phonomuseum.fr\/","name":"PHONO Museum Paris","description":"la grande aventure du son enregistr\u00e9 - L&#039;histoire sonore de 1857 \u00e0 nos jours","potentialAction":[{"@type":"SearchAction","target":{"@type":"EntryPoint","urlTemplate":"https:\/\/phonomuseum.fr\/?s={search_term_string}"},"query-input":{"@type":"PropertyValueSpecification","valueRequired":true,"valueName":"search_term_string"}}],"inLanguage":"fr-FR"},{"@type":"Person","@id":"https:\/\/phonomuseum.fr\/#\/schema\/person\/b51b39064861c794e65298c687fac148","name":"phonogal","image":{"@type":"ImageObject","inLanguage":"fr-FR","@id":"https:\/\/secure.gravatar.com\/avatar\/7375bdeadbf9c16a1aff8222837a079120e65e42bddadff285651b8e345e175a?s=96&d=mm&r=g","url":"https:\/\/secure.gravatar.com\/avatar\/7375bdeadbf9c16a1aff8222837a079120e65e42bddadff285651b8e345e175a?s=96&d=mm&r=g","contentUrl":"https:\/\/secure.gravatar.com\/avatar\/7375bdeadbf9c16a1aff8222837a079120e65e42bddadff285651b8e345e175a?s=96&d=mm&r=g","caption":"phonogal"},"url":"https:\/\/phonomuseum.fr\/author\/phonogal\/"}]}},"_links":{"self":[{"href":"https:\/\/phonomuseum.fr\/api\/wp\/v2\/posts\/850","targetHints":{"allow":["GET"]}}],"collection":[{"href":"https:\/\/phonomuseum.fr\/api\/wp\/v2\/posts"}],"about":[{"href":"https:\/\/phonomuseum.fr\/api\/wp\/v2\/types\/post"}],"author":[{"embeddable":true,"href":"https:\/\/phonomuseum.fr\/api\/wp\/v2\/users\/1"}],"replies":[{"embeddable":true,"href":"https:\/\/phonomuseum.fr\/api\/wp\/v2\/comments?post=850"}],"version-history":[{"count":2,"href":"https:\/\/phonomuseum.fr\/api\/wp\/v2\/posts\/850\/revisions"}],"predecessor-version":[{"id":4682,"href":"https:\/\/phonomuseum.fr\/api\/wp\/v2\/posts\/850\/revisions\/4682"}],"wp:attachment":[{"href":"https:\/\/phonomuseum.fr\/api\/wp\/v2\/media?parent=850"}],"wp:term":[{"taxonomy":"category","embeddable":true,"href":"https:\/\/phonomuseum.fr\/api\/wp\/v2\/categories?post=850"},{"taxonomy":"post_tag","embeddable":true,"href":"https:\/\/phonomuseum.fr\/api\/wp\/v2\/tags?post=850"}],"curies":[{"name":"wp","href":"https:\/\/api.w.org\/{rel}","templated":true}]}}