{"id":727,"date":"2016-10-07T17:37:04","date_gmt":"2016-10-07T15:37:04","guid":{"rendered":"http:\/\/phonomuseum.fr\/?p=727"},"modified":"2024-06-01T18:17:33","modified_gmt":"2024-06-01T16:17:33","slug":"une-exposition-a-moulins","status":"publish","type":"post","link":"https:\/\/phonomuseum.fr\/une-exposition-a-moulins\/","title":{"rendered":"Une exposition \u00e0 Moulins"},"content":{"rendered":"<p style=\"text-align: justify;\">Le mus\u00e9e participera \u00e0 l&rsquo;exposition organis\u00e9e du 15 octobre 2016 au 5 mars 2017 par le Centre National du Costume de Sc\u00e8ne : <a href=\"http:\/\/www.cncs.fr\/expositions\/a-venir\" target=\"_blank\" rel=\"noopener\">D\u00e9shabillez-moi ! Les costumes de la pop et de la chanson<\/a>. Nous y exposerons des \u00ab\u00a0machines parlantes\u00a0\u00bb et des affiches.<\/p>\n<p style=\"text-align: center;\"><a href=\"http:\/\/phonomuseum.fr\/wp-content\/uploads\/2016\/10\/Capture-d\u2019e\u0301cran-2016-10-07-a\u0300-17.36.00.png\" rel=\"attachment wp-att-728\"><img loading=\"lazy\" decoding=\"async\" class=\"alignnone size-medium wp-image-728\" src=\"http:\/\/phonomuseum.fr\/wp-content\/uploads\/2016\/10\/Capture-d\u2019e\u0301cran-2016-10-07-a\u0300-17.36.00-300x118.png\" alt=\"Capture d\u2019e\u0301cran 2016-10-07 a\u0300 17.36.00\" width=\"300\" height=\"118\" srcset=\"https:\/\/phonomuseum.fr\/wp-content\/uploads\/2016\/10\/Capture-d\u2019e\u0301cran-2016-10-07-a\u0300-17.36.00-300x118.png 300w, https:\/\/phonomuseum.fr\/wp-content\/uploads\/2016\/10\/Capture-d\u2019e\u0301cran-2016-10-07-a\u0300-17.36.00-250x99.png 250w, https:\/\/phonomuseum.fr\/wp-content\/uploads\/2016\/10\/Capture-d\u2019e\u0301cran-2016-10-07-a\u0300-17.36.00-150x59.png 150w, https:\/\/phonomuseum.fr\/wp-content\/uploads\/2016\/10\/Capture-d\u2019e\u0301cran-2016-10-07-a\u0300-17.36.00.png 357w\" sizes=\"auto, (max-width: 300px) 100vw, 300px\" \/><\/a><\/p>\n","protected":false},"excerpt":{"rendered":"<p>Le mus\u00e9e participera \u00e0 l&rsquo;exposition organis\u00e9e du 15 octobre 2016 au 5 mars 2017 par le Centre National du Costume de Sc\u00e8ne : D\u00e9shabillez-moi ! Les costumes de la pop et de la chanson. Nous y exposerons des \u00ab\u00a0machines parlantes\u00a0\u00bb et des affiches.<\/p>\n","protected":false},"author":1,"featured_media":0,"comment_status":"open","ping_status":"closed","sticky":false,"template":"","format":"standard","meta":{"footnotes":""},"categories":[14],"tags":[],"class_list":["post-727","post","type-post","status-publish","format-standard","hentry","category-blog"],"yoast_head":"<!-- This site is optimized with the Yoast SEO plugin v27.5 - https:\/\/yoast.com\/product\/yoast-seo-wordpress\/ -->\n<title>Une exposition \u00e0 Moulins - PHONO Museum Paris<\/title>\n<meta name=\"robots\" content=\"index, follow, max-snippet:-1, max-image-preview:large, max-video-preview:-1\" \/>\n<link rel=\"canonical\" href=\"https:\/\/phonomuseum.fr\/une-exposition-a-moulins\/\" \/>\n<meta property=\"og:locale\" content=\"fr_FR\" \/>\n<meta property=\"og:type\" content=\"article\" \/>\n<meta property=\"og:title\" content=\"Une exposition \u00e0 Moulins - PHONO Museum Paris\" \/>\n<meta property=\"og:description\" content=\"Le mus\u00e9e participera \u00e0 l&rsquo;exposition organis\u00e9e du 15 octobre 2016 au 5 mars 2017 par le Centre National du Costume de Sc\u00e8ne : D\u00e9shabillez-moi ! Les costumes de la pop et de la chanson. Nous y exposerons des \u00ab\u00a0machines parlantes\u00a0\u00bb et des affiches.\" \/>\n<meta property=\"og:url\" content=\"https:\/\/phonomuseum.fr\/une-exposition-a-moulins\/\" \/>\n<meta property=\"og:site_name\" content=\"PHONO Museum Paris\" \/>\n<meta property=\"article:published_time\" content=\"2016-10-07T15:37:04+00:00\" \/>\n<meta property=\"article:modified_time\" content=\"2024-06-01T16:17:33+00:00\" \/>\n<meta property=\"og:image\" content=\"http:\/\/phonomuseum.fr\/wp-content\/uploads\/2016\/10\/Capture-d\u2019e\u0301cran-2016-10-07-a\u0300-17.36.00-300x118.png\" \/>\n<meta name=\"author\" content=\"phonogal\" \/>\n<meta name=\"twitter:card\" content=\"summary_large_image\" \/>\n<meta name=\"twitter:label1\" content=\"\u00c9crit par\" \/>\n\t<meta name=\"twitter:data1\" content=\"phonogal\" \/>\n<script type=\"application\/ld+json\" class=\"yoast-schema-graph\">{\"@context\":\"https:\\\/\\\/schema.org\",\"@graph\":[{\"@type\":\"Article\",\"@id\":\"https:\\\/\\\/phonomuseum.fr\\\/une-exposition-a-moulins\\\/#article\",\"isPartOf\":{\"@id\":\"https:\\\/\\\/phonomuseum.fr\\\/une-exposition-a-moulins\\\/\"},\"author\":{\"name\":\"phonogal\",\"@id\":\"https:\\\/\\\/phonomuseum.fr\\\/#\\\/schema\\\/person\\\/b51b39064861c794e65298c687fac148\"},\"headline\":\"Une exposition \u00e0 Moulins\",\"datePublished\":\"2016-10-07T15:37:04+00:00\",\"dateModified\":\"2024-06-01T16:17:33+00:00\",\"mainEntityOfPage\":{\"@id\":\"https:\\\/\\\/phonomuseum.fr\\\/une-exposition-a-moulins\\\/\"},\"wordCount\":44,\"commentCount\":0,\"articleSection\":[\"BLOG\"],\"inLanguage\":\"fr-FR\",\"potentialAction\":[{\"@type\":\"CommentAction\",\"name\":\"Comment\",\"target\":[\"https:\\\/\\\/phonomuseum.fr\\\/une-exposition-a-moulins\\\/#respond\"]}]},{\"@type\":\"WebPage\",\"@id\":\"https:\\\/\\\/phonomuseum.fr\\\/une-exposition-a-moulins\\\/\",\"url\":\"https:\\\/\\\/phonomuseum.fr\\\/une-exposition-a-moulins\\\/\",\"name\":\"Une exposition \u00e0 Moulins - PHONO Museum Paris\",\"isPartOf\":{\"@id\":\"https:\\\/\\\/phonomuseum.fr\\\/#website\"},\"datePublished\":\"2016-10-07T15:37:04+00:00\",\"dateModified\":\"2024-06-01T16:17:33+00:00\",\"author\":{\"@id\":\"https:\\\/\\\/phonomuseum.fr\\\/#\\\/schema\\\/person\\\/b51b39064861c794e65298c687fac148\"},\"breadcrumb\":{\"@id\":\"https:\\\/\\\/phonomuseum.fr\\\/une-exposition-a-moulins\\\/#breadcrumb\"},\"inLanguage\":\"fr-FR\",\"potentialAction\":[{\"@type\":\"ReadAction\",\"target\":[\"https:\\\/\\\/phonomuseum.fr\\\/une-exposition-a-moulins\\\/\"]}]},{\"@type\":\"BreadcrumbList\",\"@id\":\"https:\\\/\\\/phonomuseum.fr\\\/une-exposition-a-moulins\\\/#breadcrumb\",\"itemListElement\":[{\"@type\":\"ListItem\",\"position\":1,\"name\":\"Accueil\",\"item\":\"https:\\\/\\\/phonomuseum.fr\\\/accueil\\\/\"},{\"@type\":\"ListItem\",\"position\":2,\"name\":\"Une exposition \u00e0 Moulins\"}]},{\"@type\":\"WebSite\",\"@id\":\"https:\\\/\\\/phonomuseum.fr\\\/#website\",\"url\":\"https:\\\/\\\/phonomuseum.fr\\\/\",\"name\":\"PHONO Museum Paris\",\"description\":\"la grande aventure du son enregistr\u00e9 - L&#039;histoire sonore de 1857 \u00e0 nos jours\",\"potentialAction\":[{\"@type\":\"SearchAction\",\"target\":{\"@type\":\"EntryPoint\",\"urlTemplate\":\"https:\\\/\\\/phonomuseum.fr\\\/?s={search_term_string}\"},\"query-input\":{\"@type\":\"PropertyValueSpecification\",\"valueRequired\":true,\"valueName\":\"search_term_string\"}}],\"inLanguage\":\"fr-FR\"},{\"@type\":\"Person\",\"@id\":\"https:\\\/\\\/phonomuseum.fr\\\/#\\\/schema\\\/person\\\/b51b39064861c794e65298c687fac148\",\"name\":\"phonogal\",\"image\":{\"@type\":\"ImageObject\",\"inLanguage\":\"fr-FR\",\"@id\":\"https:\\\/\\\/secure.gravatar.com\\\/avatar\\\/7375bdeadbf9c16a1aff8222837a079120e65e42bddadff285651b8e345e175a?s=96&d=mm&r=g\",\"url\":\"https:\\\/\\\/secure.gravatar.com\\\/avatar\\\/7375bdeadbf9c16a1aff8222837a079120e65e42bddadff285651b8e345e175a?s=96&d=mm&r=g\",\"contentUrl\":\"https:\\\/\\\/secure.gravatar.com\\\/avatar\\\/7375bdeadbf9c16a1aff8222837a079120e65e42bddadff285651b8e345e175a?s=96&d=mm&r=g\",\"caption\":\"phonogal\"},\"url\":\"https:\\\/\\\/phonomuseum.fr\\\/author\\\/phonogal\\\/\"}]}<\/script>\n<!-- \/ Yoast SEO plugin. -->","yoast_head_json":{"title":"Une exposition \u00e0 Moulins - PHONO Museum Paris","robots":{"index":"index","follow":"follow","max-snippet":"max-snippet:-1","max-image-preview":"max-image-preview:large","max-video-preview":"max-video-preview:-1"},"canonical":"https:\/\/phonomuseum.fr\/une-exposition-a-moulins\/","og_locale":"fr_FR","og_type":"article","og_title":"Une exposition \u00e0 Moulins - PHONO Museum Paris","og_description":"Le mus\u00e9e participera \u00e0 l&rsquo;exposition organis\u00e9e du 15 octobre 2016 au 5 mars 2017 par le Centre National du Costume de Sc\u00e8ne : D\u00e9shabillez-moi ! Les costumes de la pop et de la chanson. Nous y exposerons des \u00ab\u00a0machines parlantes\u00a0\u00bb et des affiches.","og_url":"https:\/\/phonomuseum.fr\/une-exposition-a-moulins\/","og_site_name":"PHONO Museum Paris","article_published_time":"2016-10-07T15:37:04+00:00","article_modified_time":"2024-06-01T16:17:33+00:00","og_image":[{"url":"http:\/\/phonomuseum.fr\/wp-content\/uploads\/2016\/10\/Capture-d\u2019e\u0301cran-2016-10-07-a\u0300-17.36.00-300x118.png","type":"","width":"","height":""}],"author":"phonogal","twitter_card":"summary_large_image","twitter_misc":{"\u00c9crit par":"phonogal"},"schema":{"@context":"https:\/\/schema.org","@graph":[{"@type":"Article","@id":"https:\/\/phonomuseum.fr\/une-exposition-a-moulins\/#article","isPartOf":{"@id":"https:\/\/phonomuseum.fr\/une-exposition-a-moulins\/"},"author":{"name":"phonogal","@id":"https:\/\/phonomuseum.fr\/#\/schema\/person\/b51b39064861c794e65298c687fac148"},"headline":"Une exposition \u00e0 Moulins","datePublished":"2016-10-07T15:37:04+00:00","dateModified":"2024-06-01T16:17:33+00:00","mainEntityOfPage":{"@id":"https:\/\/phonomuseum.fr\/une-exposition-a-moulins\/"},"wordCount":44,"commentCount":0,"articleSection":["BLOG"],"inLanguage":"fr-FR","potentialAction":[{"@type":"CommentAction","name":"Comment","target":["https:\/\/phonomuseum.fr\/une-exposition-a-moulins\/#respond"]}]},{"@type":"WebPage","@id":"https:\/\/phonomuseum.fr\/une-exposition-a-moulins\/","url":"https:\/\/phonomuseum.fr\/une-exposition-a-moulins\/","name":"Une exposition \u00e0 Moulins - PHONO Museum Paris","isPartOf":{"@id":"https:\/\/phonomuseum.fr\/#website"},"datePublished":"2016-10-07T15:37:04+00:00","dateModified":"2024-06-01T16:17:33+00:00","author":{"@id":"https:\/\/phonomuseum.fr\/#\/schema\/person\/b51b39064861c794e65298c687fac148"},"breadcrumb":{"@id":"https:\/\/phonomuseum.fr\/une-exposition-a-moulins\/#breadcrumb"},"inLanguage":"fr-FR","potentialAction":[{"@type":"ReadAction","target":["https:\/\/phonomuseum.fr\/une-exposition-a-moulins\/"]}]},{"@type":"BreadcrumbList","@id":"https:\/\/phonomuseum.fr\/une-exposition-a-moulins\/#breadcrumb","itemListElement":[{"@type":"ListItem","position":1,"name":"Accueil","item":"https:\/\/phonomuseum.fr\/accueil\/"},{"@type":"ListItem","position":2,"name":"Une exposition \u00e0 Moulins"}]},{"@type":"WebSite","@id":"https:\/\/phonomuseum.fr\/#website","url":"https:\/\/phonomuseum.fr\/","name":"PHONO Museum Paris","description":"la grande aventure du son enregistr\u00e9 - L&#039;histoire sonore de 1857 \u00e0 nos jours","potentialAction":[{"@type":"SearchAction","target":{"@type":"EntryPoint","urlTemplate":"https:\/\/phonomuseum.fr\/?s={search_term_string}"},"query-input":{"@type":"PropertyValueSpecification","valueRequired":true,"valueName":"search_term_string"}}],"inLanguage":"fr-FR"},{"@type":"Person","@id":"https:\/\/phonomuseum.fr\/#\/schema\/person\/b51b39064861c794e65298c687fac148","name":"phonogal","image":{"@type":"ImageObject","inLanguage":"fr-FR","@id":"https:\/\/secure.gravatar.com\/avatar\/7375bdeadbf9c16a1aff8222837a079120e65e42bddadff285651b8e345e175a?s=96&d=mm&r=g","url":"https:\/\/secure.gravatar.com\/avatar\/7375bdeadbf9c16a1aff8222837a079120e65e42bddadff285651b8e345e175a?s=96&d=mm&r=g","contentUrl":"https:\/\/secure.gravatar.com\/avatar\/7375bdeadbf9c16a1aff8222837a079120e65e42bddadff285651b8e345e175a?s=96&d=mm&r=g","caption":"phonogal"},"url":"https:\/\/phonomuseum.fr\/author\/phonogal\/"}]}},"_links":{"self":[{"href":"https:\/\/phonomuseum.fr\/api\/wp\/v2\/posts\/727","targetHints":{"allow":["GET"]}}],"collection":[{"href":"https:\/\/phonomuseum.fr\/api\/wp\/v2\/posts"}],"about":[{"href":"https:\/\/phonomuseum.fr\/api\/wp\/v2\/types\/post"}],"author":[{"embeddable":true,"href":"https:\/\/phonomuseum.fr\/api\/wp\/v2\/users\/1"}],"replies":[{"embeddable":true,"href":"https:\/\/phonomuseum.fr\/api\/wp\/v2\/comments?post=727"}],"version-history":[{"count":2,"href":"https:\/\/phonomuseum.fr\/api\/wp\/v2\/posts\/727\/revisions"}],"predecessor-version":[{"id":4693,"href":"https:\/\/phonomuseum.fr\/api\/wp\/v2\/posts\/727\/revisions\/4693"}],"wp:attachment":[{"href":"https:\/\/phonomuseum.fr\/api\/wp\/v2\/media?parent=727"}],"wp:term":[{"taxonomy":"category","embeddable":true,"href":"https:\/\/phonomuseum.fr\/api\/wp\/v2\/categories?post=727"},{"taxonomy":"post_tag","embeddable":true,"href":"https:\/\/phonomuseum.fr\/api\/wp\/v2\/tags?post=727"}],"curies":[{"name":"wp","href":"https:\/\/api.w.org\/{rel}","templated":true}]}}