{"id":723,"date":"2016-10-07T17:23:03","date_gmt":"2016-10-07T15:23:03","guid":{"rendered":"http:\/\/phonomuseum.fr\/?p=723"},"modified":"2024-06-01T18:18:08","modified_gmt":"2024-06-01T16:18:08","slug":"festival-son-et-image","status":"publish","type":"post","link":"https:\/\/phonomuseum.fr\/festival-son-et-image\/","title":{"rendered":"Festival Son et Image"},"content":{"rendered":"<p style=\"text-align: justify;\">Le mus\u00e9e sera pr\u00e9sent au festival <a href=\"http:\/\/www.sonimage.com\/\" target=\"_blank\" rel=\"noopener\">Son &amp; Image<\/a> qui se tiendra les 8 et 9 octobre 2016 \u00e0 l&rsquo;h\u00f4tel Novotel Paris Tour Eiffel. Nous exposerons 8 \u00ab\u00a0machines parlantes\u00a0\u00bb sur le stand du magazine <a href=\"http:\/\/starwaxmag.com\/\" target=\"_blank\" rel=\"noopener\">Star Wax<\/a> qui nous a gentiment invit\u00e9.<\/p>\n<p style=\"text-align: center;\"><a href=\"http:\/\/phonomuseum.fr\/wp-content\/uploads\/2016\/10\/photo.jpg\" rel=\"attachment wp-att-724\"><img loading=\"lazy\" decoding=\"async\" class=\"alignnone wp-image-724 size-full\" src=\"http:\/\/phonomuseum.fr\/wp-content\/uploads\/2016\/10\/photo.jpg\" alt=\"photo\" width=\"1632\" height=\"1224\" srcset=\"https:\/\/phonomuseum.fr\/wp-content\/uploads\/2016\/10\/photo.jpg 1632w, https:\/\/phonomuseum.fr\/wp-content\/uploads\/2016\/10\/photo-300x225.jpg 300w, https:\/\/phonomuseum.fr\/wp-content\/uploads\/2016\/10\/photo-768x576.jpg 768w, https:\/\/phonomuseum.fr\/wp-content\/uploads\/2016\/10\/photo-1024x768.jpg 1024w, https:\/\/phonomuseum.fr\/wp-content\/uploads\/2016\/10\/photo-200x150.jpg 200w, https:\/\/phonomuseum.fr\/wp-content\/uploads\/2016\/10\/photo-150x113.jpg 150w\" sizes=\"auto, (max-width: 1632px) 100vw, 1632px\" \/><\/a><\/p>\n<p style=\"text-align: center;\"><a href=\"http:\/\/phonomuseum.fr\/wp-content\/uploads\/2016\/10\/photo-2.jpg\" rel=\"attachment wp-att-732\"><img loading=\"lazy\" decoding=\"async\" class=\"alignnone wp-image-732 size-full\" src=\"http:\/\/phonomuseum.fr\/wp-content\/uploads\/2016\/10\/photo-2-e1475859512273.jpg\" alt=\"photo 2\" width=\"1224\" height=\"1632\" srcset=\"https:\/\/phonomuseum.fr\/wp-content\/uploads\/2016\/10\/photo-2-e1475859512273.jpg 1224w, https:\/\/phonomuseum.fr\/wp-content\/uploads\/2016\/10\/photo-2-e1475859512273-225x300.jpg 225w, https:\/\/phonomuseum.fr\/wp-content\/uploads\/2016\/10\/photo-2-e1475859512273-768x1024.jpg 768w, https:\/\/phonomuseum.fr\/wp-content\/uploads\/2016\/10\/photo-2-e1475859512273-113x150.jpg 113w\" sizes=\"auto, (max-width: 1224px) 100vw, 1224px\" \/><\/a><\/p>\n","protected":false},"excerpt":{"rendered":"<p>Le mus\u00e9e sera pr\u00e9sent au festival Son &amp; Image qui se tiendra les 8 et 9 octobre 2016 \u00e0 l&rsquo;h\u00f4tel Novotel Paris Tour Eiffel. Nous exposerons 8 \u00ab\u00a0machines parlantes\u00a0\u00bb sur le stand du magazine Star Wax qui nous a gentiment invit\u00e9.<\/p>\n","protected":false},"author":1,"featured_media":0,"comment_status":"open","ping_status":"closed","sticky":false,"template":"","format":"standard","meta":{"footnotes":""},"categories":[14],"tags":[],"class_list":["post-723","post","type-post","status-publish","format-standard","hentry","category-blog"],"yoast_head":"<!-- This site is optimized with the Yoast SEO plugin v27.5 - https:\/\/yoast.com\/product\/yoast-seo-wordpress\/ -->\n<title>Festival Son et Image - PHONO Museum Paris<\/title>\n<meta name=\"robots\" content=\"index, follow, max-snippet:-1, max-image-preview:large, max-video-preview:-1\" \/>\n<link rel=\"canonical\" href=\"https:\/\/phonomuseum.fr\/festival-son-et-image\/\" \/>\n<meta property=\"og:locale\" content=\"fr_FR\" \/>\n<meta property=\"og:type\" content=\"article\" \/>\n<meta property=\"og:title\" content=\"Festival Son et Image - PHONO Museum Paris\" \/>\n<meta property=\"og:description\" content=\"Le mus\u00e9e sera pr\u00e9sent au festival Son &amp; Image qui se tiendra les 8 et 9 octobre 2016 \u00e0 l&rsquo;h\u00f4tel Novotel Paris Tour Eiffel. Nous exposerons 8 \u00ab\u00a0machines parlantes\u00a0\u00bb sur le stand du magazine Star Wax qui nous a gentiment invit\u00e9.\" \/>\n<meta property=\"og:url\" content=\"https:\/\/phonomuseum.fr\/festival-son-et-image\/\" \/>\n<meta property=\"og:site_name\" content=\"PHONO Museum Paris\" \/>\n<meta property=\"article:published_time\" content=\"2016-10-07T15:23:03+00:00\" \/>\n<meta property=\"article:modified_time\" content=\"2024-06-01T16:18:08+00:00\" \/>\n<meta property=\"og:image\" content=\"http:\/\/phonomuseum.fr\/wp-content\/uploads\/2016\/10\/photo.jpg\" \/>\n<meta name=\"author\" content=\"phonogal\" \/>\n<meta name=\"twitter:card\" content=\"summary_large_image\" \/>\n<meta name=\"twitter:label1\" content=\"\u00c9crit par\" \/>\n\t<meta name=\"twitter:data1\" content=\"phonogal\" \/>\n<script type=\"application\/ld+json\" class=\"yoast-schema-graph\">{\"@context\":\"https:\\\/\\\/schema.org\",\"@graph\":[{\"@type\":\"Article\",\"@id\":\"https:\\\/\\\/phonomuseum.fr\\\/festival-son-et-image\\\/#article\",\"isPartOf\":{\"@id\":\"https:\\\/\\\/phonomuseum.fr\\\/festival-son-et-image\\\/\"},\"author\":{\"name\":\"phonogal\",\"@id\":\"https:\\\/\\\/phonomuseum.fr\\\/#\\\/schema\\\/person\\\/b51b39064861c794e65298c687fac148\"},\"headline\":\"Festival Son et Image\",\"datePublished\":\"2016-10-07T15:23:03+00:00\",\"dateModified\":\"2024-06-01T16:18:08+00:00\",\"mainEntityOfPage\":{\"@id\":\"https:\\\/\\\/phonomuseum.fr\\\/festival-son-et-image\\\/\"},\"wordCount\":44,\"commentCount\":0,\"image\":{\"@id\":\"https:\\\/\\\/phonomuseum.fr\\\/festival-son-et-image\\\/#primaryimage\"},\"thumbnailUrl\":\"http:\\\/\\\/phonomuseum.fr\\\/wp-content\\\/uploads\\\/2016\\\/10\\\/photo.jpg\",\"articleSection\":[\"BLOG\"],\"inLanguage\":\"fr-FR\",\"potentialAction\":[{\"@type\":\"CommentAction\",\"name\":\"Comment\",\"target\":[\"https:\\\/\\\/phonomuseum.fr\\\/festival-son-et-image\\\/#respond\"]}]},{\"@type\":\"WebPage\",\"@id\":\"https:\\\/\\\/phonomuseum.fr\\\/festival-son-et-image\\\/\",\"url\":\"https:\\\/\\\/phonomuseum.fr\\\/festival-son-et-image\\\/\",\"name\":\"Festival Son et Image - PHONO Museum Paris\",\"isPartOf\":{\"@id\":\"https:\\\/\\\/phonomuseum.fr\\\/#website\"},\"primaryImageOfPage\":{\"@id\":\"https:\\\/\\\/phonomuseum.fr\\\/festival-son-et-image\\\/#primaryimage\"},\"image\":{\"@id\":\"https:\\\/\\\/phonomuseum.fr\\\/festival-son-et-image\\\/#primaryimage\"},\"thumbnailUrl\":\"http:\\\/\\\/phonomuseum.fr\\\/wp-content\\\/uploads\\\/2016\\\/10\\\/photo.jpg\",\"datePublished\":\"2016-10-07T15:23:03+00:00\",\"dateModified\":\"2024-06-01T16:18:08+00:00\",\"author\":{\"@id\":\"https:\\\/\\\/phonomuseum.fr\\\/#\\\/schema\\\/person\\\/b51b39064861c794e65298c687fac148\"},\"breadcrumb\":{\"@id\":\"https:\\\/\\\/phonomuseum.fr\\\/festival-son-et-image\\\/#breadcrumb\"},\"inLanguage\":\"fr-FR\",\"potentialAction\":[{\"@type\":\"ReadAction\",\"target\":[\"https:\\\/\\\/phonomuseum.fr\\\/festival-son-et-image\\\/\"]}]},{\"@type\":\"ImageObject\",\"inLanguage\":\"fr-FR\",\"@id\":\"https:\\\/\\\/phonomuseum.fr\\\/festival-son-et-image\\\/#primaryimage\",\"url\":\"http:\\\/\\\/phonomuseum.fr\\\/wp-content\\\/uploads\\\/2016\\\/10\\\/photo.jpg\",\"contentUrl\":\"http:\\\/\\\/phonomuseum.fr\\\/wp-content\\\/uploads\\\/2016\\\/10\\\/photo.jpg\"},{\"@type\":\"BreadcrumbList\",\"@id\":\"https:\\\/\\\/phonomuseum.fr\\\/festival-son-et-image\\\/#breadcrumb\",\"itemListElement\":[{\"@type\":\"ListItem\",\"position\":1,\"name\":\"Accueil\",\"item\":\"https:\\\/\\\/phonomuseum.fr\\\/accueil\\\/\"},{\"@type\":\"ListItem\",\"position\":2,\"name\":\"Festival Son et Image\"}]},{\"@type\":\"WebSite\",\"@id\":\"https:\\\/\\\/phonomuseum.fr\\\/#website\",\"url\":\"https:\\\/\\\/phonomuseum.fr\\\/\",\"name\":\"PHONO Museum Paris\",\"description\":\"la grande aventure du son enregistr\u00e9 - L&#039;histoire sonore de 1857 \u00e0 nos jours\",\"potentialAction\":[{\"@type\":\"SearchAction\",\"target\":{\"@type\":\"EntryPoint\",\"urlTemplate\":\"https:\\\/\\\/phonomuseum.fr\\\/?s={search_term_string}\"},\"query-input\":{\"@type\":\"PropertyValueSpecification\",\"valueRequired\":true,\"valueName\":\"search_term_string\"}}],\"inLanguage\":\"fr-FR\"},{\"@type\":\"Person\",\"@id\":\"https:\\\/\\\/phonomuseum.fr\\\/#\\\/schema\\\/person\\\/b51b39064861c794e65298c687fac148\",\"name\":\"phonogal\",\"image\":{\"@type\":\"ImageObject\",\"inLanguage\":\"fr-FR\",\"@id\":\"https:\\\/\\\/secure.gravatar.com\\\/avatar\\\/7375bdeadbf9c16a1aff8222837a079120e65e42bddadff285651b8e345e175a?s=96&d=mm&r=g\",\"url\":\"https:\\\/\\\/secure.gravatar.com\\\/avatar\\\/7375bdeadbf9c16a1aff8222837a079120e65e42bddadff285651b8e345e175a?s=96&d=mm&r=g\",\"contentUrl\":\"https:\\\/\\\/secure.gravatar.com\\\/avatar\\\/7375bdeadbf9c16a1aff8222837a079120e65e42bddadff285651b8e345e175a?s=96&d=mm&r=g\",\"caption\":\"phonogal\"},\"url\":\"https:\\\/\\\/phonomuseum.fr\\\/author\\\/phonogal\\\/\"}]}<\/script>\n<!-- \/ Yoast SEO plugin. -->","yoast_head_json":{"title":"Festival Son et Image - PHONO Museum Paris","robots":{"index":"index","follow":"follow","max-snippet":"max-snippet:-1","max-image-preview":"max-image-preview:large","max-video-preview":"max-video-preview:-1"},"canonical":"https:\/\/phonomuseum.fr\/festival-son-et-image\/","og_locale":"fr_FR","og_type":"article","og_title":"Festival Son et Image - PHONO Museum Paris","og_description":"Le mus\u00e9e sera pr\u00e9sent au festival Son &amp; Image qui se tiendra les 8 et 9 octobre 2016 \u00e0 l&rsquo;h\u00f4tel Novotel Paris Tour Eiffel. Nous exposerons 8 \u00ab\u00a0machines parlantes\u00a0\u00bb sur le stand du magazine Star Wax qui nous a gentiment invit\u00e9.","og_url":"https:\/\/phonomuseum.fr\/festival-son-et-image\/","og_site_name":"PHONO Museum Paris","article_published_time":"2016-10-07T15:23:03+00:00","article_modified_time":"2024-06-01T16:18:08+00:00","og_image":[{"url":"http:\/\/phonomuseum.fr\/wp-content\/uploads\/2016\/10\/photo.jpg","type":"","width":"","height":""}],"author":"phonogal","twitter_card":"summary_large_image","twitter_misc":{"\u00c9crit par":"phonogal"},"schema":{"@context":"https:\/\/schema.org","@graph":[{"@type":"Article","@id":"https:\/\/phonomuseum.fr\/festival-son-et-image\/#article","isPartOf":{"@id":"https:\/\/phonomuseum.fr\/festival-son-et-image\/"},"author":{"name":"phonogal","@id":"https:\/\/phonomuseum.fr\/#\/schema\/person\/b51b39064861c794e65298c687fac148"},"headline":"Festival Son et Image","datePublished":"2016-10-07T15:23:03+00:00","dateModified":"2024-06-01T16:18:08+00:00","mainEntityOfPage":{"@id":"https:\/\/phonomuseum.fr\/festival-son-et-image\/"},"wordCount":44,"commentCount":0,"image":{"@id":"https:\/\/phonomuseum.fr\/festival-son-et-image\/#primaryimage"},"thumbnailUrl":"http:\/\/phonomuseum.fr\/wp-content\/uploads\/2016\/10\/photo.jpg","articleSection":["BLOG"],"inLanguage":"fr-FR","potentialAction":[{"@type":"CommentAction","name":"Comment","target":["https:\/\/phonomuseum.fr\/festival-son-et-image\/#respond"]}]},{"@type":"WebPage","@id":"https:\/\/phonomuseum.fr\/festival-son-et-image\/","url":"https:\/\/phonomuseum.fr\/festival-son-et-image\/","name":"Festival Son et Image - PHONO Museum Paris","isPartOf":{"@id":"https:\/\/phonomuseum.fr\/#website"},"primaryImageOfPage":{"@id":"https:\/\/phonomuseum.fr\/festival-son-et-image\/#primaryimage"},"image":{"@id":"https:\/\/phonomuseum.fr\/festival-son-et-image\/#primaryimage"},"thumbnailUrl":"http:\/\/phonomuseum.fr\/wp-content\/uploads\/2016\/10\/photo.jpg","datePublished":"2016-10-07T15:23:03+00:00","dateModified":"2024-06-01T16:18:08+00:00","author":{"@id":"https:\/\/phonomuseum.fr\/#\/schema\/person\/b51b39064861c794e65298c687fac148"},"breadcrumb":{"@id":"https:\/\/phonomuseum.fr\/festival-son-et-image\/#breadcrumb"},"inLanguage":"fr-FR","potentialAction":[{"@type":"ReadAction","target":["https:\/\/phonomuseum.fr\/festival-son-et-image\/"]}]},{"@type":"ImageObject","inLanguage":"fr-FR","@id":"https:\/\/phonomuseum.fr\/festival-son-et-image\/#primaryimage","url":"http:\/\/phonomuseum.fr\/wp-content\/uploads\/2016\/10\/photo.jpg","contentUrl":"http:\/\/phonomuseum.fr\/wp-content\/uploads\/2016\/10\/photo.jpg"},{"@type":"BreadcrumbList","@id":"https:\/\/phonomuseum.fr\/festival-son-et-image\/#breadcrumb","itemListElement":[{"@type":"ListItem","position":1,"name":"Accueil","item":"https:\/\/phonomuseum.fr\/accueil\/"},{"@type":"ListItem","position":2,"name":"Festival Son et Image"}]},{"@type":"WebSite","@id":"https:\/\/phonomuseum.fr\/#website","url":"https:\/\/phonomuseum.fr\/","name":"PHONO Museum Paris","description":"la grande aventure du son enregistr\u00e9 - L&#039;histoire sonore de 1857 \u00e0 nos jours","potentialAction":[{"@type":"SearchAction","target":{"@type":"EntryPoint","urlTemplate":"https:\/\/phonomuseum.fr\/?s={search_term_string}"},"query-input":{"@type":"PropertyValueSpecification","valueRequired":true,"valueName":"search_term_string"}}],"inLanguage":"fr-FR"},{"@type":"Person","@id":"https:\/\/phonomuseum.fr\/#\/schema\/person\/b51b39064861c794e65298c687fac148","name":"phonogal","image":{"@type":"ImageObject","inLanguage":"fr-FR","@id":"https:\/\/secure.gravatar.com\/avatar\/7375bdeadbf9c16a1aff8222837a079120e65e42bddadff285651b8e345e175a?s=96&d=mm&r=g","url":"https:\/\/secure.gravatar.com\/avatar\/7375bdeadbf9c16a1aff8222837a079120e65e42bddadff285651b8e345e175a?s=96&d=mm&r=g","contentUrl":"https:\/\/secure.gravatar.com\/avatar\/7375bdeadbf9c16a1aff8222837a079120e65e42bddadff285651b8e345e175a?s=96&d=mm&r=g","caption":"phonogal"},"url":"https:\/\/phonomuseum.fr\/author\/phonogal\/"}]}},"_links":{"self":[{"href":"https:\/\/phonomuseum.fr\/api\/wp\/v2\/posts\/723","targetHints":{"allow":["GET"]}}],"collection":[{"href":"https:\/\/phonomuseum.fr\/api\/wp\/v2\/posts"}],"about":[{"href":"https:\/\/phonomuseum.fr\/api\/wp\/v2\/types\/post"}],"author":[{"embeddable":true,"href":"https:\/\/phonomuseum.fr\/api\/wp\/v2\/users\/1"}],"replies":[{"embeddable":true,"href":"https:\/\/phonomuseum.fr\/api\/wp\/v2\/comments?post=723"}],"version-history":[{"count":2,"href":"https:\/\/phonomuseum.fr\/api\/wp\/v2\/posts\/723\/revisions"}],"predecessor-version":[{"id":4695,"href":"https:\/\/phonomuseum.fr\/api\/wp\/v2\/posts\/723\/revisions\/4695"}],"wp:attachment":[{"href":"https:\/\/phonomuseum.fr\/api\/wp\/v2\/media?parent=723"}],"wp:term":[{"taxonomy":"category","embeddable":true,"href":"https:\/\/phonomuseum.fr\/api\/wp\/v2\/categories?post=723"},{"taxonomy":"post_tag","embeddable":true,"href":"https:\/\/phonomuseum.fr\/api\/wp\/v2\/tags?post=723"}],"curies":[{"name":"wp","href":"https:\/\/api.w.org\/{rel}","templated":true}]}}