{"id":5762,"date":"2026-09-05T19:09:02","date_gmt":"2026-09-05T17:09:02","guid":{"rendered":"https:\/\/phonomuseum.fr\/?p=5762"},"modified":"2026-09-05T19:12:00","modified_gmt":"2026-09-05T17:12:00","slug":"silvano-jo-toutes-les-femmes-de-ma-vie","status":"publish","type":"post","link":"https:\/\/phonomuseum.fr\/silvano-jo-toutes-les-femmes-de-ma-vie\/","title":{"rendered":"Silvano Jo &#8211; Cabaret, Th\u00e9\u00e2tre, Chanson, au PHONO Museum Paris"},"content":{"rendered":"<h3 style=\"text-align: center;\">\u00ab TOUTES LES FEMMES DE MA VIE \u00bb &#8211; Ma B.O. en couleurs<\/h3>\n<p style=\"text-align: justify;\">J&rsquo;ai la m\u00e9moire qui chante\u2026<br \/>\nDepuis toujours, les chansons m&rsquo;ont accompagn\u00e9 de leur pr\u00e9sence bienfaitrice, et dans leur sillage, tout un ensemble de chanteurs &#8211; et surtout de chanteuses &#8211; qui, enfant, me fascinaient via les shows t\u00e9l\u00e9, la radio, les vinyles&#8230;<\/p>\n<p style=\"text-align: justify;\">J&rsquo;ai voulu rendre honneur \u00e0 cet univers musical qui a nourri mon imaginaire \u00e0 foison. C\u00e9l\u00e9brer mon admiration pour ces chanteuses, crois\u00e9e \u00e0 celle pour les femmes m\u2019ayant marqu\u00e9 depuis le plus jeune \u00e2ge. Que serais-je sans vous, toutes les femmes de ma vie, mes h\u00e9ro\u00efnes ?!<\/p>\n<p style=\"text-align: justify;\">Certainement pas le com\u00e9dien-chanteur que je suis devenu, cr\u00e9ant des personnages pour mieux leur donner vie devant un public. Le travestissement me permettant aussi de jouer des codes du \u00ab\u00a0Masculin\u00a0\u00bb et du \u00ab\u00a0F\u00e9minin\u00a0\u00bb, et de t\u00e9moigner de la place assign\u00e9e aux femmes dans la soci\u00e9t\u00e9 au fi des \u00e9poques, comme dans la vari\u00e9t\u00e9 fran\u00e7aise&#8230; D\u2019un temps o\u00f9 le machisme ordinaire \u00e9tait roi, le f\u00e9minisme embryonnaire, et o\u00f9 les queers avaient encore une existence \u00e0 affirmer. En d\u00e9roulant la bande-originale de ma vie, je livre un kal\u00e9idoscope musical et th\u00e9\u00e2tral pour tout auto-portrait. Doubl\u00e9 d\u2019un plaidoyer tendre, comique, et engag\u00e9 en hommage \u00e0 la Femme et \u00e0 la libert\u00e9 \u00e9mancipatrice. Sous vos yeux, je deviens successivement cette dizaine de filles et femmes, tant\u00f4t flamboyantes, quotidiennes, fantasques, victimes, battantes, en qu\u00eate d\u2019elles-m\u00eames\u2026 et toujours attachantes car elles nous ressemblent.<\/p>\n<h3 style=\"text-align: center;\"><strong><span style=\"color: #ff6600;\">Jeudi 14 septembre 2026 \u00e0 20h00<\/span> &#8211; <a href=\"https:\/\/www.helloasso.com\/associations\/phonoplanete\/evenements\/toutes-les-femmes-de-ma-vie-ma-b-o-en-couleurs-silvano-jo\" target=\"_blank\" rel=\"noopener\">Tarif : 25 euros\/personne<\/a>.<\/strong><\/h3>\n<p>&nbsp;<\/p>\n<p><a href=\"https:\/\/phonomuseum.fr\/wp-content\/uploads\/2026\/09\/2026.09.14ToutesLesFemmesDeMavie.jpg\"><img loading=\"lazy\" decoding=\"async\" class=\"size-full wp-image-5766 aligncenter\" src=\"https:\/\/phonomuseum.fr\/wp-content\/uploads\/2026\/09\/2026.09.14ToutesLesFemmesDeMavie.jpg\" alt=\"\" width=\"960\" height=\"720\" srcset=\"https:\/\/phonomuseum.fr\/wp-content\/uploads\/2026\/09\/2026.09.14ToutesLesFemmesDeMavie.jpg 960w, https:\/\/phonomuseum.fr\/wp-content\/uploads\/2026\/09\/2026.09.14ToutesLesFemmesDeMavie-300x225.jpg 300w, https:\/\/phonomuseum.fr\/wp-content\/uploads\/2026\/09\/2026.09.14ToutesLesFemmesDeMavie-768x576.jpg 768w, https:\/\/phonomuseum.fr\/wp-content\/uploads\/2026\/09\/2026.09.14ToutesLesFemmesDeMavie-705x529.jpg 705w\" sizes=\"auto, (max-width: 960px) 100vw, 960px\" \/><\/a><\/p>\n<p>&nbsp;<\/p>\n<p style=\"text-align: justify;\">Du Caf\u2019 Con\u00e7\u2019 au Music-hall <em>(Yvette Guilbert, Dranem, Suzy Delair&#8230; )<\/em> en passant par les tubes de la vari\u00e9t\u00e9 d\u2019hier<em> (R\u00e9gine, Sheila, Dalida, Nicole Croisille&#8230;)<\/em> et d\u2019aujourd\u2019hui <em>(Paris Combo, Clarika, <\/em><em>Stromae, Clara Luciani\u2026)<\/em>, embarquez avec nous pour ce voyage transg\u00e9n\u00e9rationnel \u00e0 bord de ces petits vaisseaux \u00e9motionnels que sont les chansons populaires, miroirs miniatures de nos vies. J\u2019aurai l&rsquo;immense bonheur d\u2019\u00eatre accompagn\u00e9 par mon acolyte fid\u00e8le, le fabuleux musicien Mathieu Serradell, qui m\u2019a \u00e9paul\u00e9 pour la cr\u00e9ation de ce spectacle et toutes ses moutures au fil des ann\u00e9es.<\/p>\n<p style=\"text-align: center;\">\u00catre accueillis dans l\u2019\u00e9crin r\u00eav\u00e9 du PHONO Museum Paris est un privil\u00e8ge merveilleux.<\/p>\n<p style=\"text-align: center;\">\u00c0 l\u2019issue de la repr\u00e9sentation, nous nous retrouverons autour d\u2019un pot de l\u2019amiti\u00e9 offert sur place.<\/p>\n<p style=\"text-align: justify;\">Conception, Interpr\u00e9tation : Sylvain Philippe ESPAGNOL<br \/>\nPiano, Accord\u00e9on : Matthieu SERRADELL<br \/>\nMise en sc\u00e8ne : Nadine MALO<br \/>\nCostumes : Sylvain Philippe ESPAGNOL, Christine VILERS<br \/>\nEt les robes de Tata Jacqueline et Tatie Isabelle<br \/>\nPerruques : Jean-Jacques SEMPERE<\/p>\n<h3 style=\"text-align: center;\">Dur\u00e9e : 1h25 &#8211; Tout public<\/h3>\n<p style=\"text-align: center;\">_____<\/p>\n<p style=\"text-align: justify;\"><em>\u00ab\u00a0Un tour de chant-spectacle tr\u00e8s vari\u00e9, color\u00e9, parfois \u00e9mouvant, coquin, un peu nostalgique, et <\/em><em>souvent tr\u00e8s dr\u00f4le.\u00a0\u00bb<\/em><\/p>\n<h3 style=\"text-align: justify;\">MUSICAL ET CIE<\/h3>\n<p style=\"text-align: center;\">_____<\/p>\n<p style=\"text-align: justify;\"><em>\u00ab\u00a0Merci Silvano pour ce show haletant, joyeux, grave, \u00e9clair\u00e9, et si g\u00e9n\u00e9reux. Merci pour les lalala, <\/em><em>merci \u00e0 ton musicien inspir\u00e9. Une belle soir\u00e9e sur un \u00eelot de charmanterie et de folie douce. Je vous <\/em><em>invite \u00e0 d\u00e9couvrir le cabaret de Silvano Jo&#8230; D&rsquo;ailleurs, je ne vous invite pas, je vous somme !\u00a0\u00bb<\/em><\/p>\n<h3 style=\"text-align: justify;\">CLARIKA<\/h3>\n<p style=\"text-align: center;\">_____<\/p>\n<p style=\"text-align: justify;\"><em>\u00ab\u00a0Le paradis, c&rsquo;est chanter en choeur des morceaux bien choisis, c&rsquo;est fredonner avec lui\u2026 <\/em><em>Le paradis, Silvano l&rsquo;a invent\u00e9 parce qu&rsquo;il aime son m\u00e9tier et veut continuer \u00e0 le faire partager. <\/em><em>Le paradis, c&rsquo;est Silvano et son cabaret &#8211; accompagn\u00e9 par un musicien charmant et classieux.\u00a0\u00bb<\/em><\/p>\n<h3 style=\"text-align: justify;\">LA REVUE DU SPECTACLE<\/h3>\n<p style=\"text-align: center;\">_____<\/p>\n<div dir=\"auto\" style=\"text-align: justify;\"><\/div>\n<h3 style=\"text-align: center;\"><strong>Billetterie accessible en cliquant ici : <span style=\"color: #ff6600;\">14 septembre 2026<\/span> &#x27a1;<\/strong><a href=\"https:\/\/www.helloasso.com\/associations\/phonoplanete\/evenements\/toutes-les-femmes-de-ma-vie-ma-b-o-en-couleurs-silvano-jo\" target=\"_blank\" rel=\"noopener\"><strong>Hello Asso<\/strong><\/a><\/h3>\n<p style=\"text-align: center;\">_____<\/p>\n<p style=\"text-align: center;\">\n","protected":false},"excerpt":{"rendered":"<p>\u00ab TOUTES LES FEMMES DE MA VIE \u00bb &#8211; Ma B.O. en couleurs J&rsquo;ai la m\u00e9moire qui chante\u2026 Depuis toujours, les chansons m&rsquo;ont accompagn\u00e9 de leur pr\u00e9sence bienfaitrice, et dans leur sillage, tout un ensemble de chanteurs &#8211; et surtout de chanteuses &#8211; qui, enfant, me fascinaient via les shows t\u00e9l\u00e9, la radio, les vinyles&#8230; [&hellip;]<\/p>\n","protected":false},"author":4,"featured_media":5766,"comment_status":"open","ping_status":"closed","sticky":false,"template":"","format":"standard","meta":{"footnotes":""},"categories":[14,19,62],"tags":[],"class_list":["post-5762","post","type-post","status-publish","format-standard","has-post-thumbnail","hentry","category-blog","category-concerts","category-concerts-2026"],"yoast_head":"<!-- This site is optimized with the Yoast SEO plugin v28.4 - https:\/\/yoast.com\/product\/yoast-seo-wordpress\/ -->\n<title>Silvano Jo - Cabaret, Th\u00e9\u00e2tre, Chanson, au PHONO Museum Paris - PHONO Museum Paris<\/title>\n<meta name=\"robots\" content=\"index, follow, max-snippet:-1, max-image-preview:large, max-video-preview:-1\" \/>\n<link rel=\"canonical\" href=\"https:\/\/phonomuseum.fr\/silvano-jo-toutes-les-femmes-de-ma-vie\/\" \/>\n<meta property=\"og:locale\" content=\"fr_FR\" \/>\n<meta property=\"og:type\" content=\"article\" \/>\n<meta property=\"og:title\" content=\"Silvano Jo - Cabaret, Th\u00e9\u00e2tre, Chanson, au PHONO Museum Paris - PHONO Museum Paris\" \/>\n<meta property=\"og:description\" content=\"\u00ab TOUTES LES FEMMES DE MA VIE \u00bb &#8211; Ma B.O. en couleurs J&rsquo;ai la m\u00e9moire qui chante\u2026 Depuis toujours, les chansons m&rsquo;ont accompagn\u00e9 de leur pr\u00e9sence bienfaitrice, et dans leur sillage, tout un ensemble de chanteurs &#8211; et surtout de chanteuses &#8211; qui, enfant, me fascinaient via les shows t\u00e9l\u00e9, la radio, les vinyles&#8230; [&hellip;]\" \/>\n<meta property=\"og:url\" content=\"https:\/\/phonomuseum.fr\/silvano-jo-toutes-les-femmes-de-ma-vie\/\" \/>\n<meta property=\"og:site_name\" content=\"PHONO Museum Paris\" \/>\n<meta property=\"article:published_time\" content=\"2026-09-05T17:09:02+00:00\" \/>\n<meta property=\"article:modified_time\" content=\"2026-09-05T17:12:00+00:00\" \/>\n<meta property=\"og:image\" content=\"https:\/\/phonomuseum.fr\/wp-content\/uploads\/2026\/09\/2026.09.14ToutesLesFemmesDeMavie.jpg\" \/>\n\t<meta property=\"og:image:width\" content=\"960\" \/>\n\t<meta property=\"og:image:height\" content=\"720\" \/>\n\t<meta property=\"og:image:type\" content=\"image\/jpeg\" \/>\n<meta name=\"author\" content=\"Claude Rizzo\" \/>\n<meta name=\"twitter:card\" content=\"summary_large_image\" \/>\n<meta name=\"twitter:label1\" content=\"\u00c9crit par\" \/>\n\t<meta name=\"twitter:data1\" content=\"Claude Rizzo\" \/>\n<script type=\"application\/ld+json\" class=\"yoast-schema-graph\">{\"@context\":\"https:\\\/\\\/schema.org\",\"@graph\":[{\"@type\":\"Article\",\"@id\":\"https:\\\/\\\/phonomuseum.fr\\\/silvano-jo-toutes-les-femmes-de-ma-vie\\\/#article\",\"isPartOf\":{\"@id\":\"https:\\\/\\\/phonomuseum.fr\\\/silvano-jo-toutes-les-femmes-de-ma-vie\\\/\"},\"author\":{\"name\":\"Claude Rizzo\",\"@id\":\"https:\\\/\\\/phonomuseum.fr\\\/#\\\/schema\\\/person\\\/12fa8688b06aeaa4c1db230c4b619752\"},\"headline\":\"Silvano Jo &#8211; Cabaret, Th\u00e9\u00e2tre, Chanson, au PHONO Museum Paris\",\"datePublished\":\"2026-09-05T17:09:02+00:00\",\"dateModified\":\"2026-09-05T17:12:00+00:00\",\"mainEntityOfPage\":{\"@id\":\"https:\\\/\\\/phonomuseum.fr\\\/silvano-jo-toutes-les-femmes-de-ma-vie\\\/\"},\"wordCount\":601,\"commentCount\":0,\"image\":{\"@id\":\"https:\\\/\\\/phonomuseum.fr\\\/silvano-jo-toutes-les-femmes-de-ma-vie\\\/#primaryimage\"},\"thumbnailUrl\":\"https:\\\/\\\/phonomuseum.fr\\\/wp-content\\\/uploads\\\/2026\\\/09\\\/2026.09.14ToutesLesFemmesDeMavie.jpg\",\"articleSection\":[\"BLOG\",\"Concerts\",\"Concerts 2026\"],\"inLanguage\":\"fr-FR\",\"potentialAction\":[{\"@type\":\"CommentAction\",\"name\":\"Comment\",\"target\":[\"https:\\\/\\\/phonomuseum.fr\\\/silvano-jo-toutes-les-femmes-de-ma-vie\\\/#respond\"]}]},{\"@type\":\"WebPage\",\"@id\":\"https:\\\/\\\/phonomuseum.fr\\\/silvano-jo-toutes-les-femmes-de-ma-vie\\\/\",\"url\":\"https:\\\/\\\/phonomuseum.fr\\\/silvano-jo-toutes-les-femmes-de-ma-vie\\\/\",\"name\":\"Silvano Jo - Cabaret, Th\u00e9\u00e2tre, Chanson, au PHONO Museum Paris - PHONO Museum Paris\",\"isPartOf\":{\"@id\":\"https:\\\/\\\/phonomuseum.fr\\\/#website\"},\"primaryImageOfPage\":{\"@id\":\"https:\\\/\\\/phonomuseum.fr\\\/silvano-jo-toutes-les-femmes-de-ma-vie\\\/#primaryimage\"},\"image\":{\"@id\":\"https:\\\/\\\/phonomuseum.fr\\\/silvano-jo-toutes-les-femmes-de-ma-vie\\\/#primaryimage\"},\"thumbnailUrl\":\"https:\\\/\\\/phonomuseum.fr\\\/wp-content\\\/uploads\\\/2026\\\/09\\\/2026.09.14ToutesLesFemmesDeMavie.jpg\",\"datePublished\":\"2026-09-05T17:09:02+00:00\",\"dateModified\":\"2026-09-05T17:12:00+00:00\",\"author\":{\"@id\":\"https:\\\/\\\/phonomuseum.fr\\\/#\\\/schema\\\/person\\\/12fa8688b06aeaa4c1db230c4b619752\"},\"breadcrumb\":{\"@id\":\"https:\\\/\\\/phonomuseum.fr\\\/silvano-jo-toutes-les-femmes-de-ma-vie\\\/#breadcrumb\"},\"inLanguage\":\"fr-FR\",\"potentialAction\":[{\"@type\":\"ReadAction\",\"target\":[\"https:\\\/\\\/phonomuseum.fr\\\/silvano-jo-toutes-les-femmes-de-ma-vie\\\/\"]}]},{\"@type\":\"ImageObject\",\"inLanguage\":\"fr-FR\",\"@id\":\"https:\\\/\\\/phonomuseum.fr\\\/silvano-jo-toutes-les-femmes-de-ma-vie\\\/#primaryimage\",\"url\":\"https:\\\/\\\/phonomuseum.fr\\\/wp-content\\\/uploads\\\/2026\\\/09\\\/2026.09.14ToutesLesFemmesDeMavie.jpg\",\"contentUrl\":\"https:\\\/\\\/phonomuseum.fr\\\/wp-content\\\/uploads\\\/2026\\\/09\\\/2026.09.14ToutesLesFemmesDeMavie.jpg\",\"width\":960,\"height\":720},{\"@type\":\"BreadcrumbList\",\"@id\":\"https:\\\/\\\/phonomuseum.fr\\\/silvano-jo-toutes-les-femmes-de-ma-vie\\\/#breadcrumb\",\"itemListElement\":[{\"@type\":\"ListItem\",\"position\":1,\"name\":\"Accueil\",\"item\":\"https:\\\/\\\/phonomuseum.fr\\\/accueil\\\/\"},{\"@type\":\"ListItem\",\"position\":2,\"name\":\"Silvano Jo &#8211; Cabaret, Th\u00e9\u00e2tre, Chanson, au PHONO Museum Paris\"}]},{\"@type\":\"WebSite\",\"@id\":\"https:\\\/\\\/phonomuseum.fr\\\/#website\",\"url\":\"https:\\\/\\\/phonomuseum.fr\\\/\",\"name\":\"PHONO Museum Paris\",\"description\":\"la grande aventure du son enregistr\u00e9 - L&#039;histoire sonore de 1857 \u00e0 nos jours\",\"potentialAction\":[{\"@type\":\"SearchAction\",\"target\":{\"@type\":\"EntryPoint\",\"urlTemplate\":\"https:\\\/\\\/phonomuseum.fr\\\/?s={search_term_string}\"},\"query-input\":{\"@type\":\"PropertyValueSpecification\",\"valueRequired\":true,\"valueName\":\"search_term_string\"}}],\"inLanguage\":\"fr-FR\"},{\"@type\":\"Person\",\"@id\":\"https:\\\/\\\/phonomuseum.fr\\\/#\\\/schema\\\/person\\\/12fa8688b06aeaa4c1db230c4b619752\",\"name\":\"Claude Rizzo\",\"image\":{\"@type\":\"ImageObject\",\"inLanguage\":\"fr-FR\",\"@id\":\"https:\\\/\\\/secure.gravatar.com\\\/avatar\\\/d686872f60af76b499f6b18c4cee1c442993ba686b3dcc9f23e48f6f57ca84f5?s=96&d=mm&r=g\",\"url\":\"https:\\\/\\\/secure.gravatar.com\\\/avatar\\\/d686872f60af76b499f6b18c4cee1c442993ba686b3dcc9f23e48f6f57ca84f5?s=96&d=mm&r=g\",\"contentUrl\":\"https:\\\/\\\/secure.gravatar.com\\\/avatar\\\/d686872f60af76b499f6b18c4cee1c442993ba686b3dcc9f23e48f6f57ca84f5?s=96&d=mm&r=g\",\"caption\":\"Claude Rizzo\"},\"url\":\"https:\\\/\\\/phonomuseum.fr\\\/author\\\/claude-rizoo\\\/\"}]}<\/script>\n<!-- \/ Yoast SEO plugin. -->","yoast_head_json":{"title":"Silvano Jo - Cabaret, Th\u00e9\u00e2tre, Chanson, au PHONO Museum Paris - PHONO Museum Paris","robots":{"index":"index","follow":"follow","max-snippet":"max-snippet:-1","max-image-preview":"max-image-preview:large","max-video-preview":"max-video-preview:-1"},"canonical":"https:\/\/phonomuseum.fr\/silvano-jo-toutes-les-femmes-de-ma-vie\/","og_locale":"fr_FR","og_type":"article","og_title":"Silvano Jo - Cabaret, Th\u00e9\u00e2tre, Chanson, au PHONO Museum Paris - PHONO Museum Paris","og_description":"\u00ab TOUTES LES FEMMES DE MA VIE \u00bb &#8211; Ma B.O. en couleurs J&rsquo;ai la m\u00e9moire qui chante\u2026 Depuis toujours, les chansons m&rsquo;ont accompagn\u00e9 de leur pr\u00e9sence bienfaitrice, et dans leur sillage, tout un ensemble de chanteurs &#8211; et surtout de chanteuses &#8211; qui, enfant, me fascinaient via les shows t\u00e9l\u00e9, la radio, les vinyles&#8230; [&hellip;]","og_url":"https:\/\/phonomuseum.fr\/silvano-jo-toutes-les-femmes-de-ma-vie\/","og_site_name":"PHONO Museum Paris","article_published_time":"2026-09-05T17:09:02+00:00","article_modified_time":"2026-09-05T17:12:00+00:00","og_image":[{"width":960,"height":720,"url":"https:\/\/phonomuseum.fr\/wp-content\/uploads\/2026\/09\/2026.09.14ToutesLesFemmesDeMavie.jpg","type":"image\/jpeg"}],"author":"Claude Rizzo","twitter_card":"summary_large_image","twitter_misc":{"\u00c9crit par":"Claude Rizzo"},"schema":{"@context":"https:\/\/schema.org","@graph":[{"@type":"Article","@id":"https:\/\/phonomuseum.fr\/silvano-jo-toutes-les-femmes-de-ma-vie\/#article","isPartOf":{"@id":"https:\/\/phonomuseum.fr\/silvano-jo-toutes-les-femmes-de-ma-vie\/"},"author":{"name":"Claude Rizzo","@id":"https:\/\/phonomuseum.fr\/#\/schema\/person\/12fa8688b06aeaa4c1db230c4b619752"},"headline":"Silvano Jo &#8211; Cabaret, Th\u00e9\u00e2tre, Chanson, au PHONO Museum Paris","datePublished":"2026-09-05T17:09:02+00:00","dateModified":"2026-09-05T17:12:00+00:00","mainEntityOfPage":{"@id":"https:\/\/phonomuseum.fr\/silvano-jo-toutes-les-femmes-de-ma-vie\/"},"wordCount":601,"commentCount":0,"image":{"@id":"https:\/\/phonomuseum.fr\/silvano-jo-toutes-les-femmes-de-ma-vie\/#primaryimage"},"thumbnailUrl":"https:\/\/phonomuseum.fr\/wp-content\/uploads\/2026\/09\/2026.09.14ToutesLesFemmesDeMavie.jpg","articleSection":["BLOG","Concerts","Concerts 2026"],"inLanguage":"fr-FR","potentialAction":[{"@type":"CommentAction","name":"Comment","target":["https:\/\/phonomuseum.fr\/silvano-jo-toutes-les-femmes-de-ma-vie\/#respond"]}]},{"@type":"WebPage","@id":"https:\/\/phonomuseum.fr\/silvano-jo-toutes-les-femmes-de-ma-vie\/","url":"https:\/\/phonomuseum.fr\/silvano-jo-toutes-les-femmes-de-ma-vie\/","name":"Silvano Jo - Cabaret, Th\u00e9\u00e2tre, Chanson, au PHONO Museum Paris - PHONO Museum Paris","isPartOf":{"@id":"https:\/\/phonomuseum.fr\/#website"},"primaryImageOfPage":{"@id":"https:\/\/phonomuseum.fr\/silvano-jo-toutes-les-femmes-de-ma-vie\/#primaryimage"},"image":{"@id":"https:\/\/phonomuseum.fr\/silvano-jo-toutes-les-femmes-de-ma-vie\/#primaryimage"},"thumbnailUrl":"https:\/\/phonomuseum.fr\/wp-content\/uploads\/2026\/09\/2026.09.14ToutesLesFemmesDeMavie.jpg","datePublished":"2026-09-05T17:09:02+00:00","dateModified":"2026-09-05T17:12:00+00:00","author":{"@id":"https:\/\/phonomuseum.fr\/#\/schema\/person\/12fa8688b06aeaa4c1db230c4b619752"},"breadcrumb":{"@id":"https:\/\/phonomuseum.fr\/silvano-jo-toutes-les-femmes-de-ma-vie\/#breadcrumb"},"inLanguage":"fr-FR","potentialAction":[{"@type":"ReadAction","target":["https:\/\/phonomuseum.fr\/silvano-jo-toutes-les-femmes-de-ma-vie\/"]}]},{"@type":"ImageObject","inLanguage":"fr-FR","@id":"https:\/\/phonomuseum.fr\/silvano-jo-toutes-les-femmes-de-ma-vie\/#primaryimage","url":"https:\/\/phonomuseum.fr\/wp-content\/uploads\/2026\/09\/2026.09.14ToutesLesFemmesDeMavie.jpg","contentUrl":"https:\/\/phonomuseum.fr\/wp-content\/uploads\/2026\/09\/2026.09.14ToutesLesFemmesDeMavie.jpg","width":960,"height":720},{"@type":"BreadcrumbList","@id":"https:\/\/phonomuseum.fr\/silvano-jo-toutes-les-femmes-de-ma-vie\/#breadcrumb","itemListElement":[{"@type":"ListItem","position":1,"name":"Accueil","item":"https:\/\/phonomuseum.fr\/accueil\/"},{"@type":"ListItem","position":2,"name":"Silvano Jo &#8211; Cabaret, Th\u00e9\u00e2tre, Chanson, au PHONO Museum Paris"}]},{"@type":"WebSite","@id":"https:\/\/phonomuseum.fr\/#website","url":"https:\/\/phonomuseum.fr\/","name":"PHONO Museum Paris","description":"la grande aventure du son enregistr\u00e9 - L&#039;histoire sonore de 1857 \u00e0 nos jours","potentialAction":[{"@type":"SearchAction","target":{"@type":"EntryPoint","urlTemplate":"https:\/\/phonomuseum.fr\/?s={search_term_string}"},"query-input":{"@type":"PropertyValueSpecification","valueRequired":true,"valueName":"search_term_string"}}],"inLanguage":"fr-FR"},{"@type":"Person","@id":"https:\/\/phonomuseum.fr\/#\/schema\/person\/12fa8688b06aeaa4c1db230c4b619752","name":"Claude Rizzo","image":{"@type":"ImageObject","inLanguage":"fr-FR","@id":"https:\/\/secure.gravatar.com\/avatar\/d686872f60af76b499f6b18c4cee1c442993ba686b3dcc9f23e48f6f57ca84f5?s=96&d=mm&r=g","url":"https:\/\/secure.gravatar.com\/avatar\/d686872f60af76b499f6b18c4cee1c442993ba686b3dcc9f23e48f6f57ca84f5?s=96&d=mm&r=g","contentUrl":"https:\/\/secure.gravatar.com\/avatar\/d686872f60af76b499f6b18c4cee1c442993ba686b3dcc9f23e48f6f57ca84f5?s=96&d=mm&r=g","caption":"Claude Rizzo"},"url":"https:\/\/phonomuseum.fr\/author\/claude-rizoo\/"}]}},"_links":{"self":[{"href":"https:\/\/phonomuseum.fr\/api\/wp\/v2\/posts\/5762","targetHints":{"allow":["GET"]}}],"collection":[{"href":"https:\/\/phonomuseum.fr\/api\/wp\/v2\/posts"}],"about":[{"href":"https:\/\/phonomuseum.fr\/api\/wp\/v2\/types\/post"}],"author":[{"embeddable":true,"href":"https:\/\/phonomuseum.fr\/api\/wp\/v2\/users\/4"}],"replies":[{"embeddable":true,"href":"https:\/\/phonomuseum.fr\/api\/wp\/v2\/comments?post=5762"}],"version-history":[{"count":16,"href":"https:\/\/phonomuseum.fr\/api\/wp\/v2\/posts\/5762\/revisions"}],"predecessor-version":[{"id":5785,"href":"https:\/\/phonomuseum.fr\/api\/wp\/v2\/posts\/5762\/revisions\/5785"}],"wp:featuredmedia":[{"embeddable":true,"href":"https:\/\/phonomuseum.fr\/api\/wp\/v2\/media\/5766"}],"wp:attachment":[{"href":"https:\/\/phonomuseum.fr\/api\/wp\/v2\/media?parent=5762"}],"wp:term":[{"taxonomy":"category","embeddable":true,"href":"https:\/\/phonomuseum.fr\/api\/wp\/v2\/categories?post=5762"},{"taxonomy":"post_tag","embeddable":true,"href":"https:\/\/phonomuseum.fr\/api\/wp\/v2\/tags?post=5762"}],"curies":[{"name":"wp","href":"https:\/\/api.w.org\/{rel}","templated":true}]}}