{"id":5236,"date":"2025-10-23T21:31:30","date_gmt":"2025-10-23T19:31:30","guid":{"rendered":"https:\/\/phonomuseum.fr\/?p=5236"},"modified":"2025-10-23T21:54:03","modified_gmt":"2025-10-23T19:54:03","slug":"concert-jean-de-valcan-phono-museum-paris","status":"publish","type":"post","link":"https:\/\/phonomuseum.fr\/concert-jean-de-valcan-phono-museum-paris\/","title":{"rendered":"Jean de Valcan &#8211; Concert au PHONO Museum Paris"},"content":{"rendered":"<p style=\"text-align: center;\">Jean de Valcan en concert au PHONO Museum Paris.<\/p>\n<h3 style=\"text-align: center;\"><span style=\"color: #ff6600;\"><strong>Vendredi 7 novembre 2025 \u00e0 19h15 &#8211; <a href=\"https:\/\/www.helloasso.com\/associations\/phonoplanete\/evenements\/concert-jean-de-valcan-au-phono-museum-paris\" target=\"_blank\" rel=\"noopener\">Tarif : 20 euros\/personne<\/a>.<br \/>\n<\/strong><\/span><\/h3>\n<p><a href=\"https:\/\/phonomuseum.fr\/storage\/2025\/10\/2025.11.07JeanDeValcan.jpg\"><img loading=\"lazy\" decoding=\"async\" class=\"alignnone size-full wp-image-5238\" src=\"https:\/\/phonomuseum.fr\/storage\/2025\/10\/2025.11.07JeanDeValcan.jpg\" alt=\"\" width=\"1152\" height=\"2048\" srcset=\"https:\/\/phonomuseum.fr\/wp-content\/uploads\/2025\/10\/2025.11.07JeanDeValcan.jpg 1152w, https:\/\/phonomuseum.fr\/wp-content\/uploads\/2025\/10\/2025.11.07JeanDeValcan-169x300.jpg 169w, https:\/\/phonomuseum.fr\/wp-content\/uploads\/2025\/10\/2025.11.07JeanDeValcan-579x1030.jpg 579w, https:\/\/phonomuseum.fr\/wp-content\/uploads\/2025\/10\/2025.11.07JeanDeValcan-768x1365.jpg 768w, https:\/\/phonomuseum.fr\/wp-content\/uploads\/2025\/10\/2025.11.07JeanDeValcan-600x1067.jpg 600w, https:\/\/phonomuseum.fr\/wp-content\/uploads\/2025\/10\/2025.11.07JeanDeValcan-864x1536.jpg 864w, https:\/\/phonomuseum.fr\/wp-content\/uploads\/2025\/10\/2025.11.07JeanDeValcan-844x1500.jpg 844w, https:\/\/phonomuseum.fr\/wp-content\/uploads\/2025\/10\/2025.11.07JeanDeValcan-397x705.jpg 397w\" sizes=\"auto, (max-width: 1152px) 100vw, 1152px\" \/><\/a><\/p>\n<p>&nbsp;<\/p>\n<div dir=\"auto\" style=\"text-align: justify;\"><span class=\"x193iq5w xeuugli x13faqbe x1vvkbs x1xmvt09 x1lliihq x1s928wv xhkezso x1gmr53x x1cpjm7i x1fgarty x1943h6x xudqn12 x3x7a5m x6prxxf xvq8zen xo1l8bm xzsf02u x1yc453h\" dir=\"auto\">Auteur, compositeur, interpr\u00e8te, pianiste, <em>Jean de Valcan<\/em> vous invite \u00e0 d\u00e9couvrir son univers musical po\u00e9tique et souvent nostalgique entre chanson fran\u00e7aise et morceaux de piano.<\/span><\/div>\n<div dir=\"auto\" style=\"text-align: justify;\"><\/div>\n<div dir=\"auto\" style=\"text-align: justify;\">Lors de ce moment suspendu, hors du temps, l&rsquo;artiste convoque vos sentiments \u00e0 travers les histoires qu&rsquo;il raconte, entra\u00eenant \u00e0 sa suite les diff\u00e9rents personnages qu&rsquo;il \u00e9voque comme autant de doubles. Doubles de l&rsquo;Artiste et doubles de vous-m\u00eames, tant les identifications sont palpables, racontant l&rsquo;amour, la mort, la vie finalement&#8230;<\/div>\n<div dir=\"auto\" style=\"text-align: justify;\"><\/div>\n<div dir=\"auto\" style=\"text-align: justify;\">Issu de la musique classique, nous pouvons trouver \u00e0 Jean de Valcan un style &#8211; une po\u00e9sie &#8211; \u00e0 la crois\u00e9e des chemins de Michel Legrand, Michel Polnareff et William Sheller &#8211; tous trois <em>hommes-pianos<\/em> accomplis.<\/div>\n<div dir=\"auto\" style=\"text-align: justify;\"><\/div>\n<div dir=\"auto\" style=\"text-align: justify;\">Parisien originaire d&rsquo;Indre\/Creuse, venir chanter et exercer l&rsquo;enti\u00e8ret\u00e9 de son art musical au PHONO Museum Paris d\u00e9coulait de source et n&rsquo;\u00e9tait, au final, qu&rsquo;une question de temps.<\/div>\n<div dir=\"auto\"><\/div>\n<div dir=\"auto\"><\/div>\n<div dir=\"auto\"><\/div>\n<div dir=\"auto\" style=\"text-align: center;\">_____<\/div>\n<div dir=\"auto\" style=\"text-align: justify;\"><\/div>\n<h3 style=\"text-align: center;\"><strong>Billetterie accessible en cliquant ici \u27a1 <\/strong><a href=\"https:\/\/www.helloasso.com\/associations\/phonoplanete\/evenements\/concert-jean-de-valcan-au-phono-museum-paris\" target=\"_blank\" rel=\"noopener\"><strong>Hello Asso<\/strong><\/a><\/h3>\n<p style=\"text-align: center;\">_____<\/p>\n<p style=\"text-align: center;\">\n","protected":false},"excerpt":{"rendered":"<p>Jean de Valcan en concert au PHONO Museum Paris. Vendredi 7 novembre 2025 \u00e0 19h15 &#8211; Tarif : 20 euros\/personne. &nbsp; Auteur, compositeur, interpr\u00e8te, pianiste, Jean de Valcan vous invite \u00e0 d\u00e9couvrir son univers musical po\u00e9tique et souvent nostalgique entre chanson fran\u00e7aise et morceaux de piano. Lors de ce moment suspendu, hors du temps, l&rsquo;artiste [&hellip;]<\/p>\n","protected":false},"author":4,"featured_media":5238,"comment_status":"open","ping_status":"closed","sticky":false,"template":"","format":"standard","meta":{"footnotes":""},"categories":[14,19,58],"tags":[],"class_list":["post-5236","post","type-post","status-publish","format-standard","has-post-thumbnail","hentry","category-blog","category-concerts","category-concerts-2025"],"yoast_head":"<!-- This site is optimized with the Yoast SEO plugin v27.4 - https:\/\/yoast.com\/product\/yoast-seo-wordpress\/ -->\n<title>Jean de Valcan - Concert au PHONO Museum Paris - PHONO Museum Paris<\/title>\n<meta name=\"robots\" content=\"index, follow, max-snippet:-1, max-image-preview:large, max-video-preview:-1\" \/>\n<link rel=\"canonical\" href=\"https:\/\/phonomuseum.fr\/concert-jean-de-valcan-phono-museum-paris\/\" \/>\n<meta property=\"og:locale\" content=\"fr_FR\" \/>\n<meta property=\"og:type\" content=\"article\" \/>\n<meta property=\"og:title\" content=\"Jean de Valcan - Concert au PHONO Museum Paris - PHONO Museum Paris\" \/>\n<meta property=\"og:description\" content=\"Jean de Valcan en concert au PHONO Museum Paris. Vendredi 7 novembre 2025 \u00e0 19h15 &#8211; Tarif : 20 euros\/personne. &nbsp; Auteur, compositeur, interpr\u00e8te, pianiste, Jean de Valcan vous invite \u00e0 d\u00e9couvrir son univers musical po\u00e9tique et souvent nostalgique entre chanson fran\u00e7aise et morceaux de piano. Lors de ce moment suspendu, hors du temps, l&rsquo;artiste [&hellip;]\" \/>\n<meta property=\"og:url\" content=\"https:\/\/phonomuseum.fr\/concert-jean-de-valcan-phono-museum-paris\/\" \/>\n<meta property=\"og:site_name\" content=\"PHONO Museum Paris\" \/>\n<meta property=\"article:published_time\" content=\"2025-10-23T19:31:30+00:00\" \/>\n<meta property=\"article:modified_time\" content=\"2025-10-23T19:54:03+00:00\" \/>\n<meta property=\"og:image\" content=\"https:\/\/phonomuseum.fr\/wp-content\/uploads\/2025\/10\/2025.11.07JeanDeValcan.jpg\" \/>\n\t<meta property=\"og:image:width\" content=\"1152\" \/>\n\t<meta property=\"og:image:height\" content=\"2048\" \/>\n\t<meta property=\"og:image:type\" content=\"image\/jpeg\" \/>\n<meta name=\"author\" content=\"Claude Rizzo\" \/>\n<meta name=\"twitter:card\" content=\"summary_large_image\" \/>\n<meta name=\"twitter:label1\" content=\"\u00c9crit par\" \/>\n\t<meta name=\"twitter:data1\" content=\"Claude Rizzo\" \/>\n\t<meta name=\"twitter:label2\" content=\"Dur\u00e9e de lecture estim\u00e9e\" \/>\n\t<meta name=\"twitter:data2\" content=\"2 minutes\" \/>\n<script type=\"application\/ld+json\" class=\"yoast-schema-graph\">{\"@context\":\"https:\\\/\\\/schema.org\",\"@graph\":[{\"@type\":\"Article\",\"@id\":\"https:\\\/\\\/phonomuseum.fr\\\/concert-jean-de-valcan-phono-museum-paris\\\/#article\",\"isPartOf\":{\"@id\":\"https:\\\/\\\/phonomuseum.fr\\\/concert-jean-de-valcan-phono-museum-paris\\\/\"},\"author\":{\"name\":\"Claude Rizzo\",\"@id\":\"https:\\\/\\\/phonomuseum.fr\\\/#\\\/schema\\\/person\\\/12fa8688b06aeaa4c1db230c4b619752\"},\"headline\":\"Jean de Valcan &#8211; Concert au PHONO Museum Paris\",\"datePublished\":\"2025-10-23T19:31:30+00:00\",\"dateModified\":\"2025-10-23T19:54:03+00:00\",\"mainEntityOfPage\":{\"@id\":\"https:\\\/\\\/phonomuseum.fr\\\/concert-jean-de-valcan-phono-museum-paris\\\/\"},\"wordCount\":187,\"commentCount\":0,\"image\":{\"@id\":\"https:\\\/\\\/phonomuseum.fr\\\/concert-jean-de-valcan-phono-museum-paris\\\/#primaryimage\"},\"thumbnailUrl\":\"https:\\\/\\\/phonomuseum.fr\\\/wp-content\\\/uploads\\\/2025\\\/10\\\/2025.11.07JeanDeValcan.jpg\",\"articleSection\":[\"BLOG\",\"Concerts\",\"Concerts 2025\"],\"inLanguage\":\"fr-FR\",\"potentialAction\":[{\"@type\":\"CommentAction\",\"name\":\"Comment\",\"target\":[\"https:\\\/\\\/phonomuseum.fr\\\/concert-jean-de-valcan-phono-museum-paris\\\/#respond\"]}]},{\"@type\":\"WebPage\",\"@id\":\"https:\\\/\\\/phonomuseum.fr\\\/concert-jean-de-valcan-phono-museum-paris\\\/\",\"url\":\"https:\\\/\\\/phonomuseum.fr\\\/concert-jean-de-valcan-phono-museum-paris\\\/\",\"name\":\"Jean de Valcan - Concert au PHONO Museum Paris - PHONO Museum Paris\",\"isPartOf\":{\"@id\":\"https:\\\/\\\/phonomuseum.fr\\\/#website\"},\"primaryImageOfPage\":{\"@id\":\"https:\\\/\\\/phonomuseum.fr\\\/concert-jean-de-valcan-phono-museum-paris\\\/#primaryimage\"},\"image\":{\"@id\":\"https:\\\/\\\/phonomuseum.fr\\\/concert-jean-de-valcan-phono-museum-paris\\\/#primaryimage\"},\"thumbnailUrl\":\"https:\\\/\\\/phonomuseum.fr\\\/wp-content\\\/uploads\\\/2025\\\/10\\\/2025.11.07JeanDeValcan.jpg\",\"datePublished\":\"2025-10-23T19:31:30+00:00\",\"dateModified\":\"2025-10-23T19:54:03+00:00\",\"author\":{\"@id\":\"https:\\\/\\\/phonomuseum.fr\\\/#\\\/schema\\\/person\\\/12fa8688b06aeaa4c1db230c4b619752\"},\"breadcrumb\":{\"@id\":\"https:\\\/\\\/phonomuseum.fr\\\/concert-jean-de-valcan-phono-museum-paris\\\/#breadcrumb\"},\"inLanguage\":\"fr-FR\",\"potentialAction\":[{\"@type\":\"ReadAction\",\"target\":[\"https:\\\/\\\/phonomuseum.fr\\\/concert-jean-de-valcan-phono-museum-paris\\\/\"]}]},{\"@type\":\"ImageObject\",\"inLanguage\":\"fr-FR\",\"@id\":\"https:\\\/\\\/phonomuseum.fr\\\/concert-jean-de-valcan-phono-museum-paris\\\/#primaryimage\",\"url\":\"https:\\\/\\\/phonomuseum.fr\\\/wp-content\\\/uploads\\\/2025\\\/10\\\/2025.11.07JeanDeValcan.jpg\",\"contentUrl\":\"https:\\\/\\\/phonomuseum.fr\\\/wp-content\\\/uploads\\\/2025\\\/10\\\/2025.11.07JeanDeValcan.jpg\",\"width\":1152,\"height\":2048},{\"@type\":\"BreadcrumbList\",\"@id\":\"https:\\\/\\\/phonomuseum.fr\\\/concert-jean-de-valcan-phono-museum-paris\\\/#breadcrumb\",\"itemListElement\":[{\"@type\":\"ListItem\",\"position\":1,\"name\":\"Accueil\",\"item\":\"https:\\\/\\\/phonomuseum.fr\\\/accueil\\\/\"},{\"@type\":\"ListItem\",\"position\":2,\"name\":\"Jean de Valcan &#8211; Concert au PHONO Museum Paris\"}]},{\"@type\":\"WebSite\",\"@id\":\"https:\\\/\\\/phonomuseum.fr\\\/#website\",\"url\":\"https:\\\/\\\/phonomuseum.fr\\\/\",\"name\":\"PHONO Museum Paris\",\"description\":\"la grande aventure du son enregistr\u00e9 - L&#039;histoire sonore de 1857 \u00e0 nos jours\",\"potentialAction\":[{\"@type\":\"SearchAction\",\"target\":{\"@type\":\"EntryPoint\",\"urlTemplate\":\"https:\\\/\\\/phonomuseum.fr\\\/?s={search_term_string}\"},\"query-input\":{\"@type\":\"PropertyValueSpecification\",\"valueRequired\":true,\"valueName\":\"search_term_string\"}}],\"inLanguage\":\"fr-FR\"},{\"@type\":\"Person\",\"@id\":\"https:\\\/\\\/phonomuseum.fr\\\/#\\\/schema\\\/person\\\/12fa8688b06aeaa4c1db230c4b619752\",\"name\":\"Claude Rizzo\",\"image\":{\"@type\":\"ImageObject\",\"inLanguage\":\"fr-FR\",\"@id\":\"https:\\\/\\\/secure.gravatar.com\\\/avatar\\\/d686872f60af76b499f6b18c4cee1c442993ba686b3dcc9f23e48f6f57ca84f5?s=96&d=mm&r=g\",\"url\":\"https:\\\/\\\/secure.gravatar.com\\\/avatar\\\/d686872f60af76b499f6b18c4cee1c442993ba686b3dcc9f23e48f6f57ca84f5?s=96&d=mm&r=g\",\"contentUrl\":\"https:\\\/\\\/secure.gravatar.com\\\/avatar\\\/d686872f60af76b499f6b18c4cee1c442993ba686b3dcc9f23e48f6f57ca84f5?s=96&d=mm&r=g\",\"caption\":\"Claude Rizzo\"},\"url\":\"https:\\\/\\\/phonomuseum.fr\\\/author\\\/claude-rizoo\\\/\"}]}<\/script>\n<!-- \/ Yoast SEO plugin. -->","yoast_head_json":{"title":"Jean de Valcan - Concert au PHONO Museum Paris - PHONO Museum Paris","robots":{"index":"index","follow":"follow","max-snippet":"max-snippet:-1","max-image-preview":"max-image-preview:large","max-video-preview":"max-video-preview:-1"},"canonical":"https:\/\/phonomuseum.fr\/concert-jean-de-valcan-phono-museum-paris\/","og_locale":"fr_FR","og_type":"article","og_title":"Jean de Valcan - Concert au PHONO Museum Paris - PHONO Museum Paris","og_description":"Jean de Valcan en concert au PHONO Museum Paris. Vendredi 7 novembre 2025 \u00e0 19h15 &#8211; Tarif : 20 euros\/personne. &nbsp; Auteur, compositeur, interpr\u00e8te, pianiste, Jean de Valcan vous invite \u00e0 d\u00e9couvrir son univers musical po\u00e9tique et souvent nostalgique entre chanson fran\u00e7aise et morceaux de piano. Lors de ce moment suspendu, hors du temps, l&rsquo;artiste [&hellip;]","og_url":"https:\/\/phonomuseum.fr\/concert-jean-de-valcan-phono-museum-paris\/","og_site_name":"PHONO Museum Paris","article_published_time":"2025-10-23T19:31:30+00:00","article_modified_time":"2025-10-23T19:54:03+00:00","og_image":[{"width":1152,"height":2048,"url":"https:\/\/phonomuseum.fr\/wp-content\/uploads\/2025\/10\/2025.11.07JeanDeValcan.jpg","type":"image\/jpeg"}],"author":"Claude Rizzo","twitter_card":"summary_large_image","twitter_misc":{"\u00c9crit par":"Claude Rizzo","Dur\u00e9e de lecture estim\u00e9e":"2 minutes"},"schema":{"@context":"https:\/\/schema.org","@graph":[{"@type":"Article","@id":"https:\/\/phonomuseum.fr\/concert-jean-de-valcan-phono-museum-paris\/#article","isPartOf":{"@id":"https:\/\/phonomuseum.fr\/concert-jean-de-valcan-phono-museum-paris\/"},"author":{"name":"Claude Rizzo","@id":"https:\/\/phonomuseum.fr\/#\/schema\/person\/12fa8688b06aeaa4c1db230c4b619752"},"headline":"Jean de Valcan &#8211; Concert au PHONO Museum Paris","datePublished":"2025-10-23T19:31:30+00:00","dateModified":"2025-10-23T19:54:03+00:00","mainEntityOfPage":{"@id":"https:\/\/phonomuseum.fr\/concert-jean-de-valcan-phono-museum-paris\/"},"wordCount":187,"commentCount":0,"image":{"@id":"https:\/\/phonomuseum.fr\/concert-jean-de-valcan-phono-museum-paris\/#primaryimage"},"thumbnailUrl":"https:\/\/phonomuseum.fr\/wp-content\/uploads\/2025\/10\/2025.11.07JeanDeValcan.jpg","articleSection":["BLOG","Concerts","Concerts 2025"],"inLanguage":"fr-FR","potentialAction":[{"@type":"CommentAction","name":"Comment","target":["https:\/\/phonomuseum.fr\/concert-jean-de-valcan-phono-museum-paris\/#respond"]}]},{"@type":"WebPage","@id":"https:\/\/phonomuseum.fr\/concert-jean-de-valcan-phono-museum-paris\/","url":"https:\/\/phonomuseum.fr\/concert-jean-de-valcan-phono-museum-paris\/","name":"Jean de Valcan - Concert au PHONO Museum Paris - PHONO Museum Paris","isPartOf":{"@id":"https:\/\/phonomuseum.fr\/#website"},"primaryImageOfPage":{"@id":"https:\/\/phonomuseum.fr\/concert-jean-de-valcan-phono-museum-paris\/#primaryimage"},"image":{"@id":"https:\/\/phonomuseum.fr\/concert-jean-de-valcan-phono-museum-paris\/#primaryimage"},"thumbnailUrl":"https:\/\/phonomuseum.fr\/wp-content\/uploads\/2025\/10\/2025.11.07JeanDeValcan.jpg","datePublished":"2025-10-23T19:31:30+00:00","dateModified":"2025-10-23T19:54:03+00:00","author":{"@id":"https:\/\/phonomuseum.fr\/#\/schema\/person\/12fa8688b06aeaa4c1db230c4b619752"},"breadcrumb":{"@id":"https:\/\/phonomuseum.fr\/concert-jean-de-valcan-phono-museum-paris\/#breadcrumb"},"inLanguage":"fr-FR","potentialAction":[{"@type":"ReadAction","target":["https:\/\/phonomuseum.fr\/concert-jean-de-valcan-phono-museum-paris\/"]}]},{"@type":"ImageObject","inLanguage":"fr-FR","@id":"https:\/\/phonomuseum.fr\/concert-jean-de-valcan-phono-museum-paris\/#primaryimage","url":"https:\/\/phonomuseum.fr\/wp-content\/uploads\/2025\/10\/2025.11.07JeanDeValcan.jpg","contentUrl":"https:\/\/phonomuseum.fr\/wp-content\/uploads\/2025\/10\/2025.11.07JeanDeValcan.jpg","width":1152,"height":2048},{"@type":"BreadcrumbList","@id":"https:\/\/phonomuseum.fr\/concert-jean-de-valcan-phono-museum-paris\/#breadcrumb","itemListElement":[{"@type":"ListItem","position":1,"name":"Accueil","item":"https:\/\/phonomuseum.fr\/accueil\/"},{"@type":"ListItem","position":2,"name":"Jean de Valcan &#8211; Concert au PHONO Museum Paris"}]},{"@type":"WebSite","@id":"https:\/\/phonomuseum.fr\/#website","url":"https:\/\/phonomuseum.fr\/","name":"PHONO Museum Paris","description":"la grande aventure du son enregistr\u00e9 - L&#039;histoire sonore de 1857 \u00e0 nos jours","potentialAction":[{"@type":"SearchAction","target":{"@type":"EntryPoint","urlTemplate":"https:\/\/phonomuseum.fr\/?s={search_term_string}"},"query-input":{"@type":"PropertyValueSpecification","valueRequired":true,"valueName":"search_term_string"}}],"inLanguage":"fr-FR"},{"@type":"Person","@id":"https:\/\/phonomuseum.fr\/#\/schema\/person\/12fa8688b06aeaa4c1db230c4b619752","name":"Claude Rizzo","image":{"@type":"ImageObject","inLanguage":"fr-FR","@id":"https:\/\/secure.gravatar.com\/avatar\/d686872f60af76b499f6b18c4cee1c442993ba686b3dcc9f23e48f6f57ca84f5?s=96&d=mm&r=g","url":"https:\/\/secure.gravatar.com\/avatar\/d686872f60af76b499f6b18c4cee1c442993ba686b3dcc9f23e48f6f57ca84f5?s=96&d=mm&r=g","contentUrl":"https:\/\/secure.gravatar.com\/avatar\/d686872f60af76b499f6b18c4cee1c442993ba686b3dcc9f23e48f6f57ca84f5?s=96&d=mm&r=g","caption":"Claude Rizzo"},"url":"https:\/\/phonomuseum.fr\/author\/claude-rizoo\/"}]}},"_links":{"self":[{"href":"https:\/\/phonomuseum.fr\/api\/wp\/v2\/posts\/5236","targetHints":{"allow":["GET"]}}],"collection":[{"href":"https:\/\/phonomuseum.fr\/api\/wp\/v2\/posts"}],"about":[{"href":"https:\/\/phonomuseum.fr\/api\/wp\/v2\/types\/post"}],"author":[{"embeddable":true,"href":"https:\/\/phonomuseum.fr\/api\/wp\/v2\/users\/4"}],"replies":[{"embeddable":true,"href":"https:\/\/phonomuseum.fr\/api\/wp\/v2\/comments?post=5236"}],"version-history":[{"count":10,"href":"https:\/\/phonomuseum.fr\/api\/wp\/v2\/posts\/5236\/revisions"}],"predecessor-version":[{"id":5365,"href":"https:\/\/phonomuseum.fr\/api\/wp\/v2\/posts\/5236\/revisions\/5365"}],"wp:featuredmedia":[{"embeddable":true,"href":"https:\/\/phonomuseum.fr\/api\/wp\/v2\/media\/5238"}],"wp:attachment":[{"href":"https:\/\/phonomuseum.fr\/api\/wp\/v2\/media?parent=5236"}],"wp:term":[{"taxonomy":"category","embeddable":true,"href":"https:\/\/phonomuseum.fr\/api\/wp\/v2\/categories?post=5236"},{"taxonomy":"post_tag","embeddable":true,"href":"https:\/\/phonomuseum.fr\/api\/wp\/v2\/tags?post=5236"}],"curies":[{"name":"wp","href":"https:\/\/api.w.org\/{rel}","templated":true}]}}