{"id":4907,"date":"2025-01-06T15:02:33","date_gmt":"2025-01-06T14:02:33","guid":{"rendered":"https:\/\/phonomuseum.fr\/?p=4907"},"modified":"2025-01-15T19:17:22","modified_gmt":"2025-01-15T18:17:22","slug":"flonflons-et-lampions-a-la-butte-pinson","status":"publish","type":"post","link":"https:\/\/phonomuseum.fr\/flonflons-et-lampions-a-la-butte-pinson\/","title":{"rendered":"Flonflons et Lampions \u00e0 la Butte Pinson"},"content":{"rendered":"<p style=\"text-align: justify;\">\u00c0 l&rsquo;occasion de la publication de son livre<em> FLONFLONS et LAMPIONS \u00e0 LA BUTTE PINSON<\/em>, et pour tout savoir sur les <em>guinguettes<\/em> et leur histoire, nous avons le grand plaisir de vous annoncer qu&rsquo; Isabelle Courtade d\u00e9dicacera son ouvrage et donnera une conf\u00e9rence au mus\u00e9e le :<\/p>\n<h3 style=\"text-align: center;\"><span style=\"color: #ff6600;\"><strong>Mardi 14 janvier 2025 \u00e0 19h<\/strong><\/span><\/h3>\n<p>&nbsp;<\/p>\n<p style=\"text-align: justify;\"><em>Nota : depuis le 15 janvier 2025, le livre FLONFLONS et LAMPIONS \u00e0 LA BUTTE PINSON d&rsquo;Isabelle Courtade est en vente au PHONO Museum Paris, au prix de 20 euros TTC.<\/em><\/p>\n<p>&nbsp;<\/p>\n<p><a href=\"https:\/\/phonomuseum.fr\/storage\/2025\/01\/2025.01.14DedicaceConferenceFlonflonsEtLampionsAffichette.jpg\"><img loading=\"lazy\" decoding=\"async\" class=\" wp-image-4913 aligncenter\" src=\"https:\/\/phonomuseum.fr\/storage\/2025\/01\/2025.01.14DedicaceConferenceFlonflonsEtLampionsAffichette.jpg\" alt=\"\" width=\"501\" height=\"701\" srcset=\"https:\/\/phonomuseum.fr\/wp-content\/uploads\/2025\/01\/2025.01.14DedicaceConferenceFlonflonsEtLampionsAffichette.jpg 1429w, https:\/\/phonomuseum.fr\/wp-content\/uploads\/2025\/01\/2025.01.14DedicaceConferenceFlonflonsEtLampionsAffichette-214x300.jpg 214w, https:\/\/phonomuseum.fr\/wp-content\/uploads\/2025\/01\/2025.01.14DedicaceConferenceFlonflonsEtLampionsAffichette-736x1030.jpg 736w, https:\/\/phonomuseum.fr\/wp-content\/uploads\/2025\/01\/2025.01.14DedicaceConferenceFlonflonsEtLampionsAffichette-768x1075.jpg 768w, https:\/\/phonomuseum.fr\/wp-content\/uploads\/2025\/01\/2025.01.14DedicaceConferenceFlonflonsEtLampionsAffichette-600x840.jpg 600w, https:\/\/phonomuseum.fr\/wp-content\/uploads\/2025\/01\/2025.01.14DedicaceConferenceFlonflonsEtLampionsAffichette-1097x1536.jpg 1097w, https:\/\/phonomuseum.fr\/wp-content\/uploads\/2025\/01\/2025.01.14DedicaceConferenceFlonflonsEtLampionsAffichette-1072x1500.jpg 1072w, https:\/\/phonomuseum.fr\/wp-content\/uploads\/2025\/01\/2025.01.14DedicaceConferenceFlonflonsEtLampionsAffichette-504x705.jpg 504w, https:\/\/phonomuseum.fr\/wp-content\/uploads\/2025\/01\/2025.01.14DedicaceConferenceFlonflonsEtLampionsAffichette-1320x1847.jpg 1320w\" sizes=\"auto, (max-width: 501px) 100vw, 501px\" \/><\/a><\/p>\n<p>&nbsp;<\/p>\n<div class=\"x11i5rnm xat24cr x1mh8g0r x1vvkbs xtlvy1s x126k92a\">\n<div dir=\"auto\" style=\"text-align: justify;\">Et si on parlait de GUINGUETTES ? Avant d&rsquo;avoir trop bu&#8230; Car franchement, on y buvait beaucoup, toutes sortes de boissons fortes, tr\u00e8s fortes m\u00eame <em>(appel\u00e9es \u00abliqueurs\u00bb)<\/em> rien \u00e0 moins de 40 degr\u00e9s, de la bi\u00e8re, du cidre et des cerises&#8230; \u00e0 l&rsquo;eau de vie! La sant\u00e9 par les plantes !!!!!!<\/div>\n<\/div>\n<div dir=\"auto\" style=\"text-align: center;\">_____<\/div>\n<div dir=\"auto\" style=\"text-align: justify;\">Voulez-vous conna\u00eetre ce pan de la culture populaire de la banlieue parisienne ?<\/div>\n<div dir=\"auto\" style=\"text-align: justify;\">Ouvrez <em>FLONFLONS et LAMPIONS \u00e0 LA BUTTE PINSON<\/em>, vous vous retrouverez immerg\u00e9s dans le monde des guinguettes\u2026 Depuis quelques d\u00e9cennies, les guinguettes refleurissent aux quatre coins de la France, pour assouvir notre soif de convivialit\u00e9, alors jetons un \u0153il dans le r\u00e9troviseur pour d\u00e9couvrir vraiment les guinguettes d&rsquo;antan.<\/div>\n<div dir=\"auto\"><\/div>\n<div dir=\"auto\" style=\"text-align: justify;\">Si Nogent-sur-Marne <em>(94)<\/em> a capitalis\u00e9 la m\u00e9moire de ces lieux de divertissement, ceux de la Butte Pinson entre Montmagny <em>(95)<\/em> et Pierrefitte-sur-Seine <em>(93)<\/em>, sont tomb\u00e9s dans un oubli relatif, recouverts par l\u2019urbanisation et la culture urbaine de la Banlieue Nord de Paris, qui n\u2019est pas si \u00e9loign\u00e9e des guinguettes que l\u2019on pourrait le croire.<\/div>\n<div dir=\"auto\"><\/div>\n<div dir=\"auto\" style=\"text-align: justify;\">Petite-fille des fondateurs du <em>Caf\u00e9 Daubercies Bal-des-Panoramas Garden Dancing<\/em>, Isabelle Courtade a cherch\u00e9 \u00e0 reconstituer l&rsquo;histoire de ce lieu festif, ainsi que celle de son concurrent, le <em>Moulin de la Galette du P\u00e8re Bayot<\/em>.<\/div>\n<div dir=\"auto\"><\/div>\n<div dir=\"auto\" style=\"text-align: justify;\">Cette enqu\u00eate \u00e0 conduit l&rsquo;\u00e9crivaine \u00e0 bien d\u2019autres \u00e9tablissements voisins, caf\u00e9s ou buvettes. Un v\u00e9ritable quartier des guinguettes ! Au son de l\u2019accord\u00e9on et au rythme de la java, d\u00e9couvrez les multiples facettes de ces guinguettes \u00e0 travers cette v\u00e9ritable enqu\u00eate illustr\u00e9e, leurs danses et les plaisirs des sens qu\u2019on y partage.<\/div>\n<div dir=\"auto\"><\/div>\n<div dir=\"auto\" style=\"text-align: justify;\">Autre aspect, non des moins \u00e9tonnants, ces \u00e9tablissements avec leurs jeux, font figure d\u2019anc\u00eatres de nos parcs d\u2019attraction actuels. Mais c&rsquo;est une autre histoire&#8230;<\/div>\n<div dir=\"auto\"><\/div>\n<div dir=\"auto\" style=\"text-align: center;\">_____<\/div>\n<div dir=\"auto\"><\/div>\n<div dir=\"auto\"><\/div>\n<div dir=\"auto\" style=\"text-align: justify;\"><span class=\"x193iq5w xeuugli x13faqbe x1vvkbs x1xmvt09 x1lliihq x1s928wv xhkezso x1gmr53x x1cpjm7i x1fgarty x1943h6x xudqn12 x3x7a5m x6prxxf xvq8zen xo1l8bm xzsf02u\" dir=\"auto\" lang=\"fr\"><em>\u00abBreuvages myst\u00e9rieux, color\u00e9s, ces alcools sont humbles au go\u00fbt, mais somptueusement n\u00e9fastes \u00e0 l&rsquo;estomac\u00bb<\/em> et ils coupent l&rsquo;app\u00e9tit plus qu&rsquo;ils ne l&rsquo;ouvrent.<\/span><\/div>\n<div dir=\"auto\"><\/div>\n<div dir=\"auto\"><a href=\"https:\/\/phonomuseum.fr\/storage\/2025\/01\/2025.01.14FlonflonsEtLampionsAquerelle1.jpg\"><img loading=\"lazy\" decoding=\"async\" class=\"alignnone wp-image-4949\" src=\"https:\/\/phonomuseum.fr\/storage\/2025\/01\/2025.01.14FlonflonsEtLampionsAquerelle1.jpg\" alt=\"\" width=\"201\" height=\"285\" srcset=\"https:\/\/phonomuseum.fr\/wp-content\/uploads\/2025\/01\/2025.01.14FlonflonsEtLampionsAquerelle1.jpg 595w, https:\/\/phonomuseum.fr\/wp-content\/uploads\/2025\/01\/2025.01.14FlonflonsEtLampionsAquerelle1-212x300.jpg 212w, https:\/\/phonomuseum.fr\/wp-content\/uploads\/2025\/01\/2025.01.14FlonflonsEtLampionsAquerelle1-499x705.jpg 499w\" sizes=\"auto, (max-width: 201px) 100vw, 201px\" \/><\/a><a href=\"https:\/\/phonomuseum.fr\/storage\/2025\/01\/2025.01.14FlonflonsEtLampionsAquerelle4.jpg\"><img loading=\"lazy\" decoding=\"async\" class=\"wp-image-4952 alignright\" src=\"https:\/\/phonomuseum.fr\/storage\/2025\/01\/2025.01.14FlonflonsEtLampionsAquerelle4.jpg\" alt=\"\" width=\"202\" height=\"270\" srcset=\"https:\/\/phonomuseum.fr\/wp-content\/uploads\/2025\/01\/2025.01.14FlonflonsEtLampionsAquerelle4.jpg 1504w, https:\/\/phonomuseum.fr\/wp-content\/uploads\/2025\/01\/2025.01.14FlonflonsEtLampionsAquerelle4-224x300.jpg 224w, https:\/\/phonomuseum.fr\/wp-content\/uploads\/2025\/01\/2025.01.14FlonflonsEtLampionsAquerelle4-768x1029.jpg 768w, https:\/\/phonomuseum.fr\/wp-content\/uploads\/2025\/01\/2025.01.14FlonflonsEtLampionsAquerelle4-600x804.jpg 600w, https:\/\/phonomuseum.fr\/wp-content\/uploads\/2025\/01\/2025.01.14FlonflonsEtLampionsAquerelle4-1146x1536.jpg 1146w, https:\/\/phonomuseum.fr\/wp-content\/uploads\/2025\/01\/2025.01.14FlonflonsEtLampionsAquerelle4-1119x1500.jpg 1119w, https:\/\/phonomuseum.fr\/wp-content\/uploads\/2025\/01\/2025.01.14FlonflonsEtLampionsAquerelle4-526x705.jpg 526w, https:\/\/phonomuseum.fr\/wp-content\/uploads\/2025\/01\/2025.01.14FlonflonsEtLampionsAquerelle4-1320x1769.jpg 1320w\" sizes=\"auto, (max-width: 202px) 100vw, 202px\" \/><\/a><a href=\"https:\/\/phonomuseum.fr\/storage\/2025\/01\/2025.01.14FlonflonsEtLampionsAquerelle2.jpg\"><img loading=\"lazy\" decoding=\"async\" class=\"wp-image-4950 aligncenter\" src=\"https:\/\/phonomuseum.fr\/storage\/2025\/01\/2025.01.14FlonflonsEtLampionsAquerelle2.jpg\" alt=\"\" width=\"201\" height=\"284\" srcset=\"https:\/\/phonomuseum.fr\/wp-content\/uploads\/2025\/01\/2025.01.14FlonflonsEtLampionsAquerelle2.jpg 595w, https:\/\/phonomuseum.fr\/wp-content\/uploads\/2025\/01\/2025.01.14FlonflonsEtLampionsAquerelle2-212x300.jpg 212w, https:\/\/phonomuseum.fr\/wp-content\/uploads\/2025\/01\/2025.01.14FlonflonsEtLampionsAquerelle2-499x705.jpg 499w\" sizes=\"auto, (max-width: 201px) 100vw, 201px\" \/><\/a><\/div>\n<p>&nbsp;<\/p>\n<p style=\"text-align: justify;\"><span class=\"x193iq5w xeuugli x13faqbe x1vvkbs x1xmvt09 x1lliihq x1s928wv xhkezso x1gmr53x x1cpjm7i x1fgarty x1943h6x xudqn12 x3x7a5m x6prxxf xvq8zen xo1l8bm xzsf02u\" dir=\"auto\" lang=\"fr\">\u00a0<\/span><\/p>\n<p style=\"text-align: center;\"><em>Nota : depuis le 15 janvier 2025, le livre FLONFLONS et LAMPIONS \u00e0 LA BUTTE PINSON d&rsquo;Isabelle Courtade est en vente au PHONO Museum Paris, au prix de 20 euros TTC.<br \/>\n<\/em><\/p>\n","protected":false},"excerpt":{"rendered":"<p>\u00c0 l&rsquo;occasion de la publication de son livre FLONFLONS et LAMPIONS \u00e0 LA BUTTE PINSON, et pour tout savoir sur les guinguettes et leur histoire, nous avons le grand plaisir de vous annoncer qu&rsquo; Isabelle Courtade d\u00e9dicacera son ouvrage et donnera une conf\u00e9rence au mus\u00e9e le : Mardi 14 janvier 2025 \u00e0 19h &nbsp; Nota [&hellip;]<\/p>\n","protected":false},"author":4,"featured_media":4913,"comment_status":"open","ping_status":"closed","sticky":false,"template":"","format":"standard","meta":{"footnotes":""},"categories":[14,35,59],"tags":[],"class_list":["post-4907","post","type-post","status-publish","format-standard","has-post-thumbnail","hentry","category-blog","category-conferences","category-conferences-2025"],"yoast_head":"<!-- This site is optimized with the Yoast SEO plugin v27.5 - https:\/\/yoast.com\/product\/yoast-seo-wordpress\/ -->\n<title>Flonflons et Lampions \u00e0 la Butte Pinson - PHONO Museum Paris<\/title>\n<meta name=\"robots\" content=\"index, follow, max-snippet:-1, max-image-preview:large, max-video-preview:-1\" \/>\n<link rel=\"canonical\" href=\"https:\/\/phonomuseum.fr\/flonflons-et-lampions-a-la-butte-pinson\/\" \/>\n<meta property=\"og:locale\" content=\"fr_FR\" \/>\n<meta property=\"og:type\" content=\"article\" \/>\n<meta property=\"og:title\" content=\"Flonflons et Lampions \u00e0 la Butte Pinson - PHONO Museum Paris\" \/>\n<meta property=\"og:description\" content=\"\u00c0 l&rsquo;occasion de la publication de son livre FLONFLONS et LAMPIONS \u00e0 LA BUTTE PINSON, et pour tout savoir sur les guinguettes et leur histoire, nous avons le grand plaisir de vous annoncer qu&rsquo; Isabelle Courtade d\u00e9dicacera son ouvrage et donnera une conf\u00e9rence au mus\u00e9e le : Mardi 14 janvier 2025 \u00e0 19h &nbsp; Nota [&hellip;]\" \/>\n<meta property=\"og:url\" content=\"https:\/\/phonomuseum.fr\/flonflons-et-lampions-a-la-butte-pinson\/\" \/>\n<meta property=\"og:site_name\" content=\"PHONO Museum Paris\" \/>\n<meta property=\"article:published_time\" content=\"2025-01-06T14:02:33+00:00\" \/>\n<meta property=\"article:modified_time\" content=\"2025-01-15T18:17:22+00:00\" \/>\n<meta property=\"og:image\" content=\"https:\/\/phonomuseum.fr\/wp-content\/uploads\/2025\/01\/2025.01.14DedicaceConferenceFlonflonsEtLampionsAffichette.jpg\" \/>\n\t<meta property=\"og:image:width\" content=\"1429\" \/>\n\t<meta property=\"og:image:height\" content=\"2000\" \/>\n\t<meta property=\"og:image:type\" content=\"image\/jpeg\" \/>\n<meta name=\"author\" content=\"Claude Rizzo\" \/>\n<meta name=\"twitter:card\" content=\"summary_large_image\" \/>\n<meta name=\"twitter:label1\" content=\"\u00c9crit par\" \/>\n\t<meta name=\"twitter:data1\" content=\"Claude Rizzo\" \/>\n\t<meta name=\"twitter:label2\" content=\"Dur\u00e9e de lecture estim\u00e9e\" \/>\n\t<meta name=\"twitter:data2\" content=\"4 minutes\" \/>\n<script type=\"application\/ld+json\" class=\"yoast-schema-graph\">{\"@context\":\"https:\\\/\\\/schema.org\",\"@graph\":[{\"@type\":\"Article\",\"@id\":\"https:\\\/\\\/phonomuseum.fr\\\/flonflons-et-lampions-a-la-butte-pinson\\\/#article\",\"isPartOf\":{\"@id\":\"https:\\\/\\\/phonomuseum.fr\\\/flonflons-et-lampions-a-la-butte-pinson\\\/\"},\"author\":{\"name\":\"Claude Rizzo\",\"@id\":\"https:\\\/\\\/phonomuseum.fr\\\/#\\\/schema\\\/person\\\/12fa8688b06aeaa4c1db230c4b619752\"},\"headline\":\"Flonflons et Lampions \u00e0 la Butte Pinson\",\"datePublished\":\"2025-01-06T14:02:33+00:00\",\"dateModified\":\"2025-01-15T18:17:22+00:00\",\"mainEntityOfPage\":{\"@id\":\"https:\\\/\\\/phonomuseum.fr\\\/flonflons-et-lampions-a-la-butte-pinson\\\/\"},\"wordCount\":443,\"commentCount\":0,\"image\":{\"@id\":\"https:\\\/\\\/phonomuseum.fr\\\/flonflons-et-lampions-a-la-butte-pinson\\\/#primaryimage\"},\"thumbnailUrl\":\"https:\\\/\\\/phonomuseum.fr\\\/wp-content\\\/uploads\\\/2025\\\/01\\\/2025.01.14DedicaceConferenceFlonflonsEtLampionsAffichette.jpg\",\"articleSection\":[\"BLOG\",\"Conf\u00e9rences\",\"Conf\u00e9rences 2025\"],\"inLanguage\":\"fr-FR\",\"potentialAction\":[{\"@type\":\"CommentAction\",\"name\":\"Comment\",\"target\":[\"https:\\\/\\\/phonomuseum.fr\\\/flonflons-et-lampions-a-la-butte-pinson\\\/#respond\"]}]},{\"@type\":\"WebPage\",\"@id\":\"https:\\\/\\\/phonomuseum.fr\\\/flonflons-et-lampions-a-la-butte-pinson\\\/\",\"url\":\"https:\\\/\\\/phonomuseum.fr\\\/flonflons-et-lampions-a-la-butte-pinson\\\/\",\"name\":\"Flonflons et Lampions \u00e0 la Butte Pinson - PHONO Museum Paris\",\"isPartOf\":{\"@id\":\"https:\\\/\\\/phonomuseum.fr\\\/#website\"},\"primaryImageOfPage\":{\"@id\":\"https:\\\/\\\/phonomuseum.fr\\\/flonflons-et-lampions-a-la-butte-pinson\\\/#primaryimage\"},\"image\":{\"@id\":\"https:\\\/\\\/phonomuseum.fr\\\/flonflons-et-lampions-a-la-butte-pinson\\\/#primaryimage\"},\"thumbnailUrl\":\"https:\\\/\\\/phonomuseum.fr\\\/wp-content\\\/uploads\\\/2025\\\/01\\\/2025.01.14DedicaceConferenceFlonflonsEtLampionsAffichette.jpg\",\"datePublished\":\"2025-01-06T14:02:33+00:00\",\"dateModified\":\"2025-01-15T18:17:22+00:00\",\"author\":{\"@id\":\"https:\\\/\\\/phonomuseum.fr\\\/#\\\/schema\\\/person\\\/12fa8688b06aeaa4c1db230c4b619752\"},\"breadcrumb\":{\"@id\":\"https:\\\/\\\/phonomuseum.fr\\\/flonflons-et-lampions-a-la-butte-pinson\\\/#breadcrumb\"},\"inLanguage\":\"fr-FR\",\"potentialAction\":[{\"@type\":\"ReadAction\",\"target\":[\"https:\\\/\\\/phonomuseum.fr\\\/flonflons-et-lampions-a-la-butte-pinson\\\/\"]}]},{\"@type\":\"ImageObject\",\"inLanguage\":\"fr-FR\",\"@id\":\"https:\\\/\\\/phonomuseum.fr\\\/flonflons-et-lampions-a-la-butte-pinson\\\/#primaryimage\",\"url\":\"https:\\\/\\\/phonomuseum.fr\\\/wp-content\\\/uploads\\\/2025\\\/01\\\/2025.01.14DedicaceConferenceFlonflonsEtLampionsAffichette.jpg\",\"contentUrl\":\"https:\\\/\\\/phonomuseum.fr\\\/wp-content\\\/uploads\\\/2025\\\/01\\\/2025.01.14DedicaceConferenceFlonflonsEtLampionsAffichette.jpg\",\"width\":1429,\"height\":2000},{\"@type\":\"BreadcrumbList\",\"@id\":\"https:\\\/\\\/phonomuseum.fr\\\/flonflons-et-lampions-a-la-butte-pinson\\\/#breadcrumb\",\"itemListElement\":[{\"@type\":\"ListItem\",\"position\":1,\"name\":\"Accueil\",\"item\":\"https:\\\/\\\/phonomuseum.fr\\\/accueil\\\/\"},{\"@type\":\"ListItem\",\"position\":2,\"name\":\"Flonflons et Lampions \u00e0 la Butte Pinson\"}]},{\"@type\":\"WebSite\",\"@id\":\"https:\\\/\\\/phonomuseum.fr\\\/#website\",\"url\":\"https:\\\/\\\/phonomuseum.fr\\\/\",\"name\":\"PHONO Museum Paris\",\"description\":\"la grande aventure du son enregistr\u00e9 - L&#039;histoire sonore de 1857 \u00e0 nos jours\",\"potentialAction\":[{\"@type\":\"SearchAction\",\"target\":{\"@type\":\"EntryPoint\",\"urlTemplate\":\"https:\\\/\\\/phonomuseum.fr\\\/?s={search_term_string}\"},\"query-input\":{\"@type\":\"PropertyValueSpecification\",\"valueRequired\":true,\"valueName\":\"search_term_string\"}}],\"inLanguage\":\"fr-FR\"},{\"@type\":\"Person\",\"@id\":\"https:\\\/\\\/phonomuseum.fr\\\/#\\\/schema\\\/person\\\/12fa8688b06aeaa4c1db230c4b619752\",\"name\":\"Claude Rizzo\",\"image\":{\"@type\":\"ImageObject\",\"inLanguage\":\"fr-FR\",\"@id\":\"https:\\\/\\\/secure.gravatar.com\\\/avatar\\\/d686872f60af76b499f6b18c4cee1c442993ba686b3dcc9f23e48f6f57ca84f5?s=96&d=mm&r=g\",\"url\":\"https:\\\/\\\/secure.gravatar.com\\\/avatar\\\/d686872f60af76b499f6b18c4cee1c442993ba686b3dcc9f23e48f6f57ca84f5?s=96&d=mm&r=g\",\"contentUrl\":\"https:\\\/\\\/secure.gravatar.com\\\/avatar\\\/d686872f60af76b499f6b18c4cee1c442993ba686b3dcc9f23e48f6f57ca84f5?s=96&d=mm&r=g\",\"caption\":\"Claude Rizzo\"},\"url\":\"https:\\\/\\\/phonomuseum.fr\\\/author\\\/claude-rizoo\\\/\"}]}<\/script>\n<!-- \/ Yoast SEO plugin. -->","yoast_head_json":{"title":"Flonflons et Lampions \u00e0 la Butte Pinson - PHONO Museum Paris","robots":{"index":"index","follow":"follow","max-snippet":"max-snippet:-1","max-image-preview":"max-image-preview:large","max-video-preview":"max-video-preview:-1"},"canonical":"https:\/\/phonomuseum.fr\/flonflons-et-lampions-a-la-butte-pinson\/","og_locale":"fr_FR","og_type":"article","og_title":"Flonflons et Lampions \u00e0 la Butte Pinson - PHONO Museum Paris","og_description":"\u00c0 l&rsquo;occasion de la publication de son livre FLONFLONS et LAMPIONS \u00e0 LA BUTTE PINSON, et pour tout savoir sur les guinguettes et leur histoire, nous avons le grand plaisir de vous annoncer qu&rsquo; Isabelle Courtade d\u00e9dicacera son ouvrage et donnera une conf\u00e9rence au mus\u00e9e le : Mardi 14 janvier 2025 \u00e0 19h &nbsp; Nota [&hellip;]","og_url":"https:\/\/phonomuseum.fr\/flonflons-et-lampions-a-la-butte-pinson\/","og_site_name":"PHONO Museum Paris","article_published_time":"2025-01-06T14:02:33+00:00","article_modified_time":"2025-01-15T18:17:22+00:00","og_image":[{"width":1429,"height":2000,"url":"https:\/\/phonomuseum.fr\/wp-content\/uploads\/2025\/01\/2025.01.14DedicaceConferenceFlonflonsEtLampionsAffichette.jpg","type":"image\/jpeg"}],"author":"Claude Rizzo","twitter_card":"summary_large_image","twitter_misc":{"\u00c9crit par":"Claude Rizzo","Dur\u00e9e de lecture estim\u00e9e":"4 minutes"},"schema":{"@context":"https:\/\/schema.org","@graph":[{"@type":"Article","@id":"https:\/\/phonomuseum.fr\/flonflons-et-lampions-a-la-butte-pinson\/#article","isPartOf":{"@id":"https:\/\/phonomuseum.fr\/flonflons-et-lampions-a-la-butte-pinson\/"},"author":{"name":"Claude Rizzo","@id":"https:\/\/phonomuseum.fr\/#\/schema\/person\/12fa8688b06aeaa4c1db230c4b619752"},"headline":"Flonflons et Lampions \u00e0 la Butte Pinson","datePublished":"2025-01-06T14:02:33+00:00","dateModified":"2025-01-15T18:17:22+00:00","mainEntityOfPage":{"@id":"https:\/\/phonomuseum.fr\/flonflons-et-lampions-a-la-butte-pinson\/"},"wordCount":443,"commentCount":0,"image":{"@id":"https:\/\/phonomuseum.fr\/flonflons-et-lampions-a-la-butte-pinson\/#primaryimage"},"thumbnailUrl":"https:\/\/phonomuseum.fr\/wp-content\/uploads\/2025\/01\/2025.01.14DedicaceConferenceFlonflonsEtLampionsAffichette.jpg","articleSection":["BLOG","Conf\u00e9rences","Conf\u00e9rences 2025"],"inLanguage":"fr-FR","potentialAction":[{"@type":"CommentAction","name":"Comment","target":["https:\/\/phonomuseum.fr\/flonflons-et-lampions-a-la-butte-pinson\/#respond"]}]},{"@type":"WebPage","@id":"https:\/\/phonomuseum.fr\/flonflons-et-lampions-a-la-butte-pinson\/","url":"https:\/\/phonomuseum.fr\/flonflons-et-lampions-a-la-butte-pinson\/","name":"Flonflons et Lampions \u00e0 la Butte Pinson - PHONO Museum Paris","isPartOf":{"@id":"https:\/\/phonomuseum.fr\/#website"},"primaryImageOfPage":{"@id":"https:\/\/phonomuseum.fr\/flonflons-et-lampions-a-la-butte-pinson\/#primaryimage"},"image":{"@id":"https:\/\/phonomuseum.fr\/flonflons-et-lampions-a-la-butte-pinson\/#primaryimage"},"thumbnailUrl":"https:\/\/phonomuseum.fr\/wp-content\/uploads\/2025\/01\/2025.01.14DedicaceConferenceFlonflonsEtLampionsAffichette.jpg","datePublished":"2025-01-06T14:02:33+00:00","dateModified":"2025-01-15T18:17:22+00:00","author":{"@id":"https:\/\/phonomuseum.fr\/#\/schema\/person\/12fa8688b06aeaa4c1db230c4b619752"},"breadcrumb":{"@id":"https:\/\/phonomuseum.fr\/flonflons-et-lampions-a-la-butte-pinson\/#breadcrumb"},"inLanguage":"fr-FR","potentialAction":[{"@type":"ReadAction","target":["https:\/\/phonomuseum.fr\/flonflons-et-lampions-a-la-butte-pinson\/"]}]},{"@type":"ImageObject","inLanguage":"fr-FR","@id":"https:\/\/phonomuseum.fr\/flonflons-et-lampions-a-la-butte-pinson\/#primaryimage","url":"https:\/\/phonomuseum.fr\/wp-content\/uploads\/2025\/01\/2025.01.14DedicaceConferenceFlonflonsEtLampionsAffichette.jpg","contentUrl":"https:\/\/phonomuseum.fr\/wp-content\/uploads\/2025\/01\/2025.01.14DedicaceConferenceFlonflonsEtLampionsAffichette.jpg","width":1429,"height":2000},{"@type":"BreadcrumbList","@id":"https:\/\/phonomuseum.fr\/flonflons-et-lampions-a-la-butte-pinson\/#breadcrumb","itemListElement":[{"@type":"ListItem","position":1,"name":"Accueil","item":"https:\/\/phonomuseum.fr\/accueil\/"},{"@type":"ListItem","position":2,"name":"Flonflons et Lampions \u00e0 la Butte Pinson"}]},{"@type":"WebSite","@id":"https:\/\/phonomuseum.fr\/#website","url":"https:\/\/phonomuseum.fr\/","name":"PHONO Museum Paris","description":"la grande aventure du son enregistr\u00e9 - L&#039;histoire sonore de 1857 \u00e0 nos jours","potentialAction":[{"@type":"SearchAction","target":{"@type":"EntryPoint","urlTemplate":"https:\/\/phonomuseum.fr\/?s={search_term_string}"},"query-input":{"@type":"PropertyValueSpecification","valueRequired":true,"valueName":"search_term_string"}}],"inLanguage":"fr-FR"},{"@type":"Person","@id":"https:\/\/phonomuseum.fr\/#\/schema\/person\/12fa8688b06aeaa4c1db230c4b619752","name":"Claude Rizzo","image":{"@type":"ImageObject","inLanguage":"fr-FR","@id":"https:\/\/secure.gravatar.com\/avatar\/d686872f60af76b499f6b18c4cee1c442993ba686b3dcc9f23e48f6f57ca84f5?s=96&d=mm&r=g","url":"https:\/\/secure.gravatar.com\/avatar\/d686872f60af76b499f6b18c4cee1c442993ba686b3dcc9f23e48f6f57ca84f5?s=96&d=mm&r=g","contentUrl":"https:\/\/secure.gravatar.com\/avatar\/d686872f60af76b499f6b18c4cee1c442993ba686b3dcc9f23e48f6f57ca84f5?s=96&d=mm&r=g","caption":"Claude Rizzo"},"url":"https:\/\/phonomuseum.fr\/author\/claude-rizoo\/"}]}},"_links":{"self":[{"href":"https:\/\/phonomuseum.fr\/api\/wp\/v2\/posts\/4907","targetHints":{"allow":["GET"]}}],"collection":[{"href":"https:\/\/phonomuseum.fr\/api\/wp\/v2\/posts"}],"about":[{"href":"https:\/\/phonomuseum.fr\/api\/wp\/v2\/types\/post"}],"author":[{"embeddable":true,"href":"https:\/\/phonomuseum.fr\/api\/wp\/v2\/users\/4"}],"replies":[{"embeddable":true,"href":"https:\/\/phonomuseum.fr\/api\/wp\/v2\/comments?post=4907"}],"version-history":[{"count":23,"href":"https:\/\/phonomuseum.fr\/api\/wp\/v2\/posts\/4907\/revisions"}],"predecessor-version":[{"id":4987,"href":"https:\/\/phonomuseum.fr\/api\/wp\/v2\/posts\/4907\/revisions\/4987"}],"wp:featuredmedia":[{"embeddable":true,"href":"https:\/\/phonomuseum.fr\/api\/wp\/v2\/media\/4913"}],"wp:attachment":[{"href":"https:\/\/phonomuseum.fr\/api\/wp\/v2\/media?parent=4907"}],"wp:term":[{"taxonomy":"category","embeddable":true,"href":"https:\/\/phonomuseum.fr\/api\/wp\/v2\/categories?post=4907"},{"taxonomy":"post_tag","embeddable":true,"href":"https:\/\/phonomuseum.fr\/api\/wp\/v2\/tags?post=4907"}],"curies":[{"name":"wp","href":"https:\/\/api.w.org\/{rel}","templated":true}]}}