{"id":4289,"date":"2023-12-12T12:05:00","date_gmt":"2023-12-12T11:05:00","guid":{"rendered":"https:\/\/phonomuseum.fr\/?p=4289"},"modified":"2024-06-01T13:08:36","modified_gmt":"2024-06-01T11:08:36","slug":"farid-hadjadj-et-jean-pierre-hadida-en-concert","status":"publish","type":"post","link":"https:\/\/phonomuseum.fr\/farid-hadjadj-et-jean-pierre-hadida-en-concert\/","title":{"rendered":"Farid Hadjadj et Jean-Pierre Hadida en concert"},"content":{"rendered":"<p><a href=\"https:\/\/phonomuseum.fr\/storage\/2023\/12\/Farid-janv-A6-SHD-1-scaled.jpeg\"><img loading=\"lazy\" decoding=\"async\" class=\"aligncenter wp-image-4293\" src=\"https:\/\/phonomuseum.fr\/storage\/2023\/12\/Farid-janv-A6-SHD-1-212x300.jpeg\" alt=\"\" width=\"311\" height=\"440\" srcset=\"https:\/\/phonomuseum.fr\/wp-content\/uploads\/2023\/12\/Farid-janv-A6-SHD-1-212x300.jpeg 212w, https:\/\/phonomuseum.fr\/wp-content\/uploads\/2023\/12\/Farid-janv-A6-SHD-1-728x1030.jpeg 728w, https:\/\/phonomuseum.fr\/wp-content\/uploads\/2023\/12\/Farid-janv-A6-SHD-1-768x1086.jpeg 768w, https:\/\/phonomuseum.fr\/wp-content\/uploads\/2023\/12\/Farid-janv-A6-SHD-1-600x849.jpeg 600w, https:\/\/phonomuseum.fr\/wp-content\/uploads\/2023\/12\/Farid-janv-A6-SHD-1-1086x1536.jpeg 1086w, https:\/\/phonomuseum.fr\/wp-content\/uploads\/2023\/12\/Farid-janv-A6-SHD-1-1448x2048.jpeg 1448w, https:\/\/phonomuseum.fr\/wp-content\/uploads\/2023\/12\/Farid-janv-A6-SHD-1-1061x1500.jpeg 1061w, https:\/\/phonomuseum.fr\/wp-content\/uploads\/2023\/12\/Farid-janv-A6-SHD-1-498x705.jpeg 498w, https:\/\/phonomuseum.fr\/wp-content\/uploads\/2023\/12\/Farid-janv-A6-SHD-1-scaled.jpeg 1810w\" sizes=\"auto, (max-width: 311px) 100vw, 311px\" \/><\/a><\/p>\n<div dir=\"auto\"><\/div>\n<div dir=\"auto\" style=\"text-align: justify;\">Farid Hadjadj qui lance le 1er One Slam Show&#8230;<\/div>\n<div dir=\"auto\" style=\"text-align: justify;\">Des mots, des chansons, du flow, du slam&#8230; Tout en musique&#8230; .<\/div>\n<div dir=\"auto\" style=\"text-align: justify;\">Accompagn\u00e9 par Jean-Pierre Hadida, au piano.<\/div>\n<div dir=\"auto\" style=\"text-align: justify;\">Un concert avec ses surprises&#8230;<\/div>\n<div dir=\"auto\" style=\"text-align: justify;\">\u00c0 d\u00e9couvrir ou red\u00e9couvrir !<\/div>\n<div dir=\"auto\" style=\"text-align: justify;\"><\/div>\n<div dir=\"auto\" style=\"text-align: justify;\">Facebook\/Instagram\/Tiktok : Farid Hadjadj<\/div>\n<div dir=\"auto\" style=\"text-align: justify;\">Des videos sur <a href=\"https:\/\/www.youtube.com\/user\/FaridHadjadj\" target=\"_blank\" rel=\"noopener\">YouTube<\/a><\/div>\n<div dir=\"auto\" style=\"text-align: justify;\"><\/div>\n<div dir=\"auto\" style=\"text-align: justify;\">Apr\u00e8s un premier concert le 11 janvier, un second aura lieu le 18 janvier 2024. Pour r\u00e9server cliquer sur le lien\u00a0<a href=\"https:\/\/www.helloasso.com\/associations\/phonoplanete\/evenements\/farid-hadjadj-et-jean-pierrehadida-en-concert\" target=\"_blank\" rel=\"noopener\">18 janvier<\/a><\/div>\n<div dir=\"auto\"><\/div>\n<div dir=\"auto\" style=\"text-align: center;\">oOo<\/div>\n<div dir=\"auto\"><\/div>\n<div dir=\"auto\" style=\"text-align: justify;\">Ces deux concerts s&rsquo;inscrivent dans la d\u00e9marche du PHONO Museum Paris de faire conna\u00eetre de jeunes artistes<\/div>\n","protected":false},"excerpt":{"rendered":"<p>Farid Hadjadj qui lance le 1er One Slam Show&#8230; Des mots, des chansons, du flow, du slam&#8230; Tout en musique&#8230; . Accompagn\u00e9 par Jean-Pierre Hadida, au piano. Un concert avec ses surprises&#8230; \u00c0 d\u00e9couvrir ou red\u00e9couvrir ! Facebook\/Instagram\/Tiktok : Farid Hadjadj Des videos sur YouTube Apr\u00e8s un premier concert le 11 janvier, un second aura [&hellip;]<\/p>\n","protected":false},"author":2,"featured_media":4293,"comment_status":"open","ping_status":"closed","sticky":false,"template":"","format":"standard","meta":{"footnotes":""},"categories":[14,54],"tags":[],"class_list":["post-4289","post","type-post","status-publish","format-standard","has-post-thumbnail","hentry","category-blog","category-concerts-2024"],"yoast_head":"<!-- This site is optimized with the Yoast SEO plugin v27.5 - https:\/\/yoast.com\/product\/yoast-seo-wordpress\/ -->\n<title>Farid Hadjadj et Jean-Pierre Hadida en concert - PHONO Museum Paris<\/title>\n<meta name=\"robots\" content=\"index, follow, max-snippet:-1, max-image-preview:large, max-video-preview:-1\" \/>\n<link rel=\"canonical\" href=\"https:\/\/phonomuseum.fr\/farid-hadjadj-et-jean-pierre-hadida-en-concert\/\" \/>\n<meta property=\"og:locale\" content=\"fr_FR\" \/>\n<meta property=\"og:type\" content=\"article\" \/>\n<meta property=\"og:title\" content=\"Farid Hadjadj et Jean-Pierre Hadida en concert - PHONO Museum Paris\" \/>\n<meta property=\"og:description\" content=\"Farid Hadjadj qui lance le 1er One Slam Show&#8230; Des mots, des chansons, du flow, du slam&#8230; Tout en musique&#8230; . Accompagn\u00e9 par Jean-Pierre Hadida, au piano. Un concert avec ses surprises&#8230; \u00c0 d\u00e9couvrir ou red\u00e9couvrir ! Facebook\/Instagram\/Tiktok : Farid Hadjadj Des videos sur YouTube Apr\u00e8s un premier concert le 11 janvier, un second aura [&hellip;]\" \/>\n<meta property=\"og:url\" content=\"https:\/\/phonomuseum.fr\/farid-hadjadj-et-jean-pierre-hadida-en-concert\/\" \/>\n<meta property=\"og:site_name\" content=\"PHONO Museum Paris\" \/>\n<meta property=\"article:author\" content=\"https:\/\/www.facebook.com\/didier.vincent.7\" \/>\n<meta property=\"article:published_time\" content=\"2023-12-12T11:05:00+00:00\" \/>\n<meta property=\"article:modified_time\" content=\"2024-06-01T11:08:36+00:00\" \/>\n<meta property=\"og:image\" content=\"https:\/\/phonomuseum.fr\/wp-content\/uploads\/2023\/12\/Farid-janv-A6-SHD-1-728x1030.jpeg\" \/>\n\t<meta property=\"og:image:width\" content=\"728\" \/>\n\t<meta property=\"og:image:height\" content=\"1030\" \/>\n\t<meta property=\"og:image:type\" content=\"image\/jpeg\" \/>\n<meta name=\"author\" content=\"PHONO Museum Paris\" \/>\n<meta name=\"twitter:card\" content=\"summary_large_image\" \/>\n<meta name=\"twitter:creator\" content=\"@didier_vincent\" \/>\n<meta name=\"twitter:label1\" content=\"\u00c9crit par\" \/>\n\t<meta name=\"twitter:data1\" content=\"PHONO Museum Paris\" \/>\n\t<meta name=\"twitter:label2\" content=\"Dur\u00e9e de lecture estim\u00e9e\" \/>\n\t<meta name=\"twitter:data2\" content=\"1 minute\" \/>\n<script type=\"application\/ld+json\" class=\"yoast-schema-graph\">{\"@context\":\"https:\\\/\\\/schema.org\",\"@graph\":[{\"@type\":\"Article\",\"@id\":\"https:\\\/\\\/phonomuseum.fr\\\/farid-hadjadj-et-jean-pierre-hadida-en-concert\\\/#article\",\"isPartOf\":{\"@id\":\"https:\\\/\\\/phonomuseum.fr\\\/farid-hadjadj-et-jean-pierre-hadida-en-concert\\\/\"},\"author\":{\"name\":\"PHONO Museum Paris\",\"@id\":\"https:\\\/\\\/phonomuseum.fr\\\/#\\\/schema\\\/person\\\/ccddc2cc569da3acc4b8312f4ff2b0b7\"},\"headline\":\"Farid Hadjadj et Jean-Pierre Hadida en concert\",\"datePublished\":\"2023-12-12T11:05:00+00:00\",\"dateModified\":\"2024-06-01T11:08:36+00:00\",\"mainEntityOfPage\":{\"@id\":\"https:\\\/\\\/phonomuseum.fr\\\/farid-hadjadj-et-jean-pierre-hadida-en-concert\\\/\"},\"wordCount\":94,\"commentCount\":0,\"image\":{\"@id\":\"https:\\\/\\\/phonomuseum.fr\\\/farid-hadjadj-et-jean-pierre-hadida-en-concert\\\/#primaryimage\"},\"thumbnailUrl\":\"https:\\\/\\\/phonomuseum.fr\\\/wp-content\\\/uploads\\\/2023\\\/12\\\/Farid-janv-A6-SHD-1-scaled.jpeg\",\"articleSection\":[\"BLOG\",\"Concerts 2024\"],\"inLanguage\":\"fr-FR\",\"potentialAction\":[{\"@type\":\"CommentAction\",\"name\":\"Comment\",\"target\":[\"https:\\\/\\\/phonomuseum.fr\\\/farid-hadjadj-et-jean-pierre-hadida-en-concert\\\/#respond\"]}]},{\"@type\":\"WebPage\",\"@id\":\"https:\\\/\\\/phonomuseum.fr\\\/farid-hadjadj-et-jean-pierre-hadida-en-concert\\\/\",\"url\":\"https:\\\/\\\/phonomuseum.fr\\\/farid-hadjadj-et-jean-pierre-hadida-en-concert\\\/\",\"name\":\"Farid Hadjadj et Jean-Pierre Hadida en concert - PHONO Museum Paris\",\"isPartOf\":{\"@id\":\"https:\\\/\\\/phonomuseum.fr\\\/#website\"},\"primaryImageOfPage\":{\"@id\":\"https:\\\/\\\/phonomuseum.fr\\\/farid-hadjadj-et-jean-pierre-hadida-en-concert\\\/#primaryimage\"},\"image\":{\"@id\":\"https:\\\/\\\/phonomuseum.fr\\\/farid-hadjadj-et-jean-pierre-hadida-en-concert\\\/#primaryimage\"},\"thumbnailUrl\":\"https:\\\/\\\/phonomuseum.fr\\\/wp-content\\\/uploads\\\/2023\\\/12\\\/Farid-janv-A6-SHD-1-scaled.jpeg\",\"datePublished\":\"2023-12-12T11:05:00+00:00\",\"dateModified\":\"2024-06-01T11:08:36+00:00\",\"author\":{\"@id\":\"https:\\\/\\\/phonomuseum.fr\\\/#\\\/schema\\\/person\\\/ccddc2cc569da3acc4b8312f4ff2b0b7\"},\"breadcrumb\":{\"@id\":\"https:\\\/\\\/phonomuseum.fr\\\/farid-hadjadj-et-jean-pierre-hadida-en-concert\\\/#breadcrumb\"},\"inLanguage\":\"fr-FR\",\"potentialAction\":[{\"@type\":\"ReadAction\",\"target\":[\"https:\\\/\\\/phonomuseum.fr\\\/farid-hadjadj-et-jean-pierre-hadida-en-concert\\\/\"]}]},{\"@type\":\"ImageObject\",\"inLanguage\":\"fr-FR\",\"@id\":\"https:\\\/\\\/phonomuseum.fr\\\/farid-hadjadj-et-jean-pierre-hadida-en-concert\\\/#primaryimage\",\"url\":\"https:\\\/\\\/phonomuseum.fr\\\/wp-content\\\/uploads\\\/2023\\\/12\\\/Farid-janv-A6-SHD-1-scaled.jpeg\",\"contentUrl\":\"https:\\\/\\\/phonomuseum.fr\\\/wp-content\\\/uploads\\\/2023\\\/12\\\/Farid-janv-A6-SHD-1-scaled.jpeg\",\"width\":1810,\"height\":2560},{\"@type\":\"BreadcrumbList\",\"@id\":\"https:\\\/\\\/phonomuseum.fr\\\/farid-hadjadj-et-jean-pierre-hadida-en-concert\\\/#breadcrumb\",\"itemListElement\":[{\"@type\":\"ListItem\",\"position\":1,\"name\":\"Accueil\",\"item\":\"https:\\\/\\\/phonomuseum.fr\\\/accueil\\\/\"},{\"@type\":\"ListItem\",\"position\":2,\"name\":\"Farid Hadjadj et Jean-Pierre Hadida en concert\"}]},{\"@type\":\"WebSite\",\"@id\":\"https:\\\/\\\/phonomuseum.fr\\\/#website\",\"url\":\"https:\\\/\\\/phonomuseum.fr\\\/\",\"name\":\"PHONO Museum Paris\",\"description\":\"la grande aventure du son enregistr\u00e9 - L&#039;histoire sonore de 1857 \u00e0 nos jours\",\"potentialAction\":[{\"@type\":\"SearchAction\",\"target\":{\"@type\":\"EntryPoint\",\"urlTemplate\":\"https:\\\/\\\/phonomuseum.fr\\\/?s={search_term_string}\"},\"query-input\":{\"@type\":\"PropertyValueSpecification\",\"valueRequired\":true,\"valueName\":\"search_term_string\"}}],\"inLanguage\":\"fr-FR\"},{\"@type\":\"Person\",\"@id\":\"https:\\\/\\\/phonomuseum.fr\\\/#\\\/schema\\\/person\\\/ccddc2cc569da3acc4b8312f4ff2b0b7\",\"name\":\"PHONO Museum Paris\",\"image\":{\"@type\":\"ImageObject\",\"inLanguage\":\"fr-FR\",\"@id\":\"https:\\\/\\\/secure.gravatar.com\\\/avatar\\\/625e6ca9ffe4c986867da0049f4a8bab481c3379248f90cbf285f445b365f8bd?s=96&d=mm&r=g\",\"url\":\"https:\\\/\\\/secure.gravatar.com\\\/avatar\\\/625e6ca9ffe4c986867da0049f4a8bab481c3379248f90cbf285f445b365f8bd?s=96&d=mm&r=g\",\"contentUrl\":\"https:\\\/\\\/secure.gravatar.com\\\/avatar\\\/625e6ca9ffe4c986867da0049f4a8bab481c3379248f90cbf285f445b365f8bd?s=96&d=mm&r=g\",\"caption\":\"PHONO Museum Paris\"},\"sameAs\":[\"http:\\\/\\\/phonomuseum.fr\",\"https:\\\/\\\/www.facebook.com\\\/didier.vincent.7\",\"https:\\\/\\\/x.com\\\/@didier_vincent\"],\"url\":\"https:\\\/\\\/phonomuseum.fr\\\/author\\\/phono-museum-paris\\\/\"}]}<\/script>\n<!-- \/ Yoast SEO plugin. -->","yoast_head_json":{"title":"Farid Hadjadj et Jean-Pierre Hadida en concert - PHONO Museum Paris","robots":{"index":"index","follow":"follow","max-snippet":"max-snippet:-1","max-image-preview":"max-image-preview:large","max-video-preview":"max-video-preview:-1"},"canonical":"https:\/\/phonomuseum.fr\/farid-hadjadj-et-jean-pierre-hadida-en-concert\/","og_locale":"fr_FR","og_type":"article","og_title":"Farid Hadjadj et Jean-Pierre Hadida en concert - PHONO Museum Paris","og_description":"Farid Hadjadj qui lance le 1er One Slam Show&#8230; Des mots, des chansons, du flow, du slam&#8230; Tout en musique&#8230; . Accompagn\u00e9 par Jean-Pierre Hadida, au piano. Un concert avec ses surprises&#8230; \u00c0 d\u00e9couvrir ou red\u00e9couvrir ! Facebook\/Instagram\/Tiktok : Farid Hadjadj Des videos sur YouTube Apr\u00e8s un premier concert le 11 janvier, un second aura [&hellip;]","og_url":"https:\/\/phonomuseum.fr\/farid-hadjadj-et-jean-pierre-hadida-en-concert\/","og_site_name":"PHONO Museum Paris","article_author":"https:\/\/www.facebook.com\/didier.vincent.7","article_published_time":"2023-12-12T11:05:00+00:00","article_modified_time":"2024-06-01T11:08:36+00:00","og_image":[{"width":728,"height":1030,"url":"https:\/\/phonomuseum.fr\/wp-content\/uploads\/2023\/12\/Farid-janv-A6-SHD-1-728x1030.jpeg","type":"image\/jpeg"}],"author":"PHONO Museum Paris","twitter_card":"summary_large_image","twitter_creator":"@didier_vincent","twitter_misc":{"\u00c9crit par":"PHONO Museum Paris","Dur\u00e9e de lecture estim\u00e9e":"1 minute"},"schema":{"@context":"https:\/\/schema.org","@graph":[{"@type":"Article","@id":"https:\/\/phonomuseum.fr\/farid-hadjadj-et-jean-pierre-hadida-en-concert\/#article","isPartOf":{"@id":"https:\/\/phonomuseum.fr\/farid-hadjadj-et-jean-pierre-hadida-en-concert\/"},"author":{"name":"PHONO Museum Paris","@id":"https:\/\/phonomuseum.fr\/#\/schema\/person\/ccddc2cc569da3acc4b8312f4ff2b0b7"},"headline":"Farid Hadjadj et Jean-Pierre Hadida en concert","datePublished":"2023-12-12T11:05:00+00:00","dateModified":"2024-06-01T11:08:36+00:00","mainEntityOfPage":{"@id":"https:\/\/phonomuseum.fr\/farid-hadjadj-et-jean-pierre-hadida-en-concert\/"},"wordCount":94,"commentCount":0,"image":{"@id":"https:\/\/phonomuseum.fr\/farid-hadjadj-et-jean-pierre-hadida-en-concert\/#primaryimage"},"thumbnailUrl":"https:\/\/phonomuseum.fr\/wp-content\/uploads\/2023\/12\/Farid-janv-A6-SHD-1-scaled.jpeg","articleSection":["BLOG","Concerts 2024"],"inLanguage":"fr-FR","potentialAction":[{"@type":"CommentAction","name":"Comment","target":["https:\/\/phonomuseum.fr\/farid-hadjadj-et-jean-pierre-hadida-en-concert\/#respond"]}]},{"@type":"WebPage","@id":"https:\/\/phonomuseum.fr\/farid-hadjadj-et-jean-pierre-hadida-en-concert\/","url":"https:\/\/phonomuseum.fr\/farid-hadjadj-et-jean-pierre-hadida-en-concert\/","name":"Farid Hadjadj et Jean-Pierre Hadida en concert - PHONO Museum Paris","isPartOf":{"@id":"https:\/\/phonomuseum.fr\/#website"},"primaryImageOfPage":{"@id":"https:\/\/phonomuseum.fr\/farid-hadjadj-et-jean-pierre-hadida-en-concert\/#primaryimage"},"image":{"@id":"https:\/\/phonomuseum.fr\/farid-hadjadj-et-jean-pierre-hadida-en-concert\/#primaryimage"},"thumbnailUrl":"https:\/\/phonomuseum.fr\/wp-content\/uploads\/2023\/12\/Farid-janv-A6-SHD-1-scaled.jpeg","datePublished":"2023-12-12T11:05:00+00:00","dateModified":"2024-06-01T11:08:36+00:00","author":{"@id":"https:\/\/phonomuseum.fr\/#\/schema\/person\/ccddc2cc569da3acc4b8312f4ff2b0b7"},"breadcrumb":{"@id":"https:\/\/phonomuseum.fr\/farid-hadjadj-et-jean-pierre-hadida-en-concert\/#breadcrumb"},"inLanguage":"fr-FR","potentialAction":[{"@type":"ReadAction","target":["https:\/\/phonomuseum.fr\/farid-hadjadj-et-jean-pierre-hadida-en-concert\/"]}]},{"@type":"ImageObject","inLanguage":"fr-FR","@id":"https:\/\/phonomuseum.fr\/farid-hadjadj-et-jean-pierre-hadida-en-concert\/#primaryimage","url":"https:\/\/phonomuseum.fr\/wp-content\/uploads\/2023\/12\/Farid-janv-A6-SHD-1-scaled.jpeg","contentUrl":"https:\/\/phonomuseum.fr\/wp-content\/uploads\/2023\/12\/Farid-janv-A6-SHD-1-scaled.jpeg","width":1810,"height":2560},{"@type":"BreadcrumbList","@id":"https:\/\/phonomuseum.fr\/farid-hadjadj-et-jean-pierre-hadida-en-concert\/#breadcrumb","itemListElement":[{"@type":"ListItem","position":1,"name":"Accueil","item":"https:\/\/phonomuseum.fr\/accueil\/"},{"@type":"ListItem","position":2,"name":"Farid Hadjadj et Jean-Pierre Hadida en concert"}]},{"@type":"WebSite","@id":"https:\/\/phonomuseum.fr\/#website","url":"https:\/\/phonomuseum.fr\/","name":"PHONO Museum Paris","description":"la grande aventure du son enregistr\u00e9 - L&#039;histoire sonore de 1857 \u00e0 nos jours","potentialAction":[{"@type":"SearchAction","target":{"@type":"EntryPoint","urlTemplate":"https:\/\/phonomuseum.fr\/?s={search_term_string}"},"query-input":{"@type":"PropertyValueSpecification","valueRequired":true,"valueName":"search_term_string"}}],"inLanguage":"fr-FR"},{"@type":"Person","@id":"https:\/\/phonomuseum.fr\/#\/schema\/person\/ccddc2cc569da3acc4b8312f4ff2b0b7","name":"PHONO Museum Paris","image":{"@type":"ImageObject","inLanguage":"fr-FR","@id":"https:\/\/secure.gravatar.com\/avatar\/625e6ca9ffe4c986867da0049f4a8bab481c3379248f90cbf285f445b365f8bd?s=96&d=mm&r=g","url":"https:\/\/secure.gravatar.com\/avatar\/625e6ca9ffe4c986867da0049f4a8bab481c3379248f90cbf285f445b365f8bd?s=96&d=mm&r=g","contentUrl":"https:\/\/secure.gravatar.com\/avatar\/625e6ca9ffe4c986867da0049f4a8bab481c3379248f90cbf285f445b365f8bd?s=96&d=mm&r=g","caption":"PHONO Museum Paris"},"sameAs":["http:\/\/phonomuseum.fr","https:\/\/www.facebook.com\/didier.vincent.7","https:\/\/x.com\/@didier_vincent"],"url":"https:\/\/phonomuseum.fr\/author\/phono-museum-paris\/"}]}},"_links":{"self":[{"href":"https:\/\/phonomuseum.fr\/api\/wp\/v2\/posts\/4289","targetHints":{"allow":["GET"]}}],"collection":[{"href":"https:\/\/phonomuseum.fr\/api\/wp\/v2\/posts"}],"about":[{"href":"https:\/\/phonomuseum.fr\/api\/wp\/v2\/types\/post"}],"author":[{"embeddable":true,"href":"https:\/\/phonomuseum.fr\/api\/wp\/v2\/users\/2"}],"replies":[{"embeddable":true,"href":"https:\/\/phonomuseum.fr\/api\/wp\/v2\/comments?post=4289"}],"version-history":[{"count":12,"href":"https:\/\/phonomuseum.fr\/api\/wp\/v2\/posts\/4289\/revisions"}],"predecessor-version":[{"id":4458,"href":"https:\/\/phonomuseum.fr\/api\/wp\/v2\/posts\/4289\/revisions\/4458"}],"wp:featuredmedia":[{"embeddable":true,"href":"https:\/\/phonomuseum.fr\/api\/wp\/v2\/media\/4293"}],"wp:attachment":[{"href":"https:\/\/phonomuseum.fr\/api\/wp\/v2\/media?parent=4289"}],"wp:term":[{"taxonomy":"category","embeddable":true,"href":"https:\/\/phonomuseum.fr\/api\/wp\/v2\/categories?post=4289"},{"taxonomy":"post_tag","embeddable":true,"href":"https:\/\/phonomuseum.fr\/api\/wp\/v2\/tags?post=4289"}],"curies":[{"name":"wp","href":"https:\/\/api.w.org\/{rel}","templated":true}]}}