{"id":4059,"date":"2023-04-29T13:57:28","date_gmt":"2023-04-29T11:57:28","guid":{"rendered":"https:\/\/phonomuseum.fr\/?p=4059"},"modified":"2024-06-01T13:28:13","modified_gmt":"2024-06-01T11:28:13","slug":"retour-sur-le-disquaire-day-2023-au-musee-des-arts-metiers","status":"publish","type":"post","link":"https:\/\/phonomuseum.fr\/retour-sur-le-disquaire-day-2023-au-musee-des-arts-metiers\/","title":{"rendered":"Retour sur le Disquaire Day 2023 au mus\u00e9e des Arts &#038; M\u00e9tiers"},"content":{"rendered":"<p><a href=\"https:\/\/phonomuseum.fr\/storage\/2019\/05\/Affiche-Disquaire-Day-2023.png\"><img loading=\"lazy\" decoding=\"async\" class=\"aligncenter size-medium wp-image-4019\" src=\"https:\/\/phonomuseum.fr\/storage\/2019\/05\/Affiche-Disquaire-Day-2023-300x300.png\" alt=\"\" width=\"300\" height=\"300\" srcset=\"https:\/\/phonomuseum.fr\/wp-content\/uploads\/2019\/05\/Affiche-Disquaire-Day-2023-300x300.png 300w, https:\/\/phonomuseum.fr\/wp-content\/uploads\/2019\/05\/Affiche-Disquaire-Day-2023-80x80.png 80w, https:\/\/phonomuseum.fr\/wp-content\/uploads\/2019\/05\/Affiche-Disquaire-Day-2023-36x36.png 36w, https:\/\/phonomuseum.fr\/wp-content\/uploads\/2019\/05\/Affiche-Disquaire-Day-2023-180x180.png 180w, https:\/\/phonomuseum.fr\/wp-content\/uploads\/2019\/05\/Affiche-Disquaire-Day-2023.png 422w\" sizes=\"auto, (max-width: 300px) 100vw, 300px\" \/><\/a><\/p>\n<p style=\"text-align: justify;\">Samedi dernier 22 avril 2023, \u00e0 l&rsquo;occasion de la Journ\u00e9e Internationale des CD et des Disquaires, le mus\u00e9e des Arts et M\u00e9tiers \u00e0 Paris avait planifi\u00e9 une journ\u00e9e d\u00e9di\u00e9e \u00e0 cet \u00e9v\u00e9nement. La journ\u00e9e a \u00e9t\u00e9 rythm\u00e9e par des expositions, des d\u00e9monstrations, des conf\u00e9rences, des rencontres et des ateliers.<\/p>\n<p style=\"text-align: justify;\">La journ\u00e9e a \u00e9t\u00e9 un vrai succ\u00e8s ! D\u00e8s 10 heures du matin, le public a pu se balader dans des expositions et d\u00e9couvrir des appareils impressionnants.<\/p>\n<p><a href=\"https:\/\/phonomuseum.fr\/storage\/2023\/04\/IMG_20230421_135405-scaled.jpg\"><img loading=\"lazy\" decoding=\"async\" class=\"aligncenter size-medium wp-image-4044\" src=\"https:\/\/phonomuseum.fr\/storage\/2023\/04\/IMG_20230421_135405-300x225.jpg\" alt=\"\" width=\"300\" height=\"225\" srcset=\"https:\/\/phonomuseum.fr\/wp-content\/uploads\/2023\/04\/IMG_20230421_135405-300x225.jpg 300w, https:\/\/phonomuseum.fr\/wp-content\/uploads\/2023\/04\/IMG_20230421_135405-1030x773.jpg 1030w, https:\/\/phonomuseum.fr\/wp-content\/uploads\/2023\/04\/IMG_20230421_135405-768x576.jpg 768w, https:\/\/phonomuseum.fr\/wp-content\/uploads\/2023\/04\/IMG_20230421_135405-600x450.jpg 600w, https:\/\/phonomuseum.fr\/wp-content\/uploads\/2023\/04\/IMG_20230421_135405-1536x1152.jpg 1536w, https:\/\/phonomuseum.fr\/wp-content\/uploads\/2023\/04\/IMG_20230421_135405-2048x1536.jpg 2048w, https:\/\/phonomuseum.fr\/wp-content\/uploads\/2023\/04\/IMG_20230421_135405-1500x1125.jpg 1500w, https:\/\/phonomuseum.fr\/wp-content\/uploads\/2023\/04\/IMG_20230421_135405-705x529.jpg 705w, https:\/\/phonomuseum.fr\/wp-content\/uploads\/2023\/04\/IMG_20230421_135405-1320x990.jpg 1320w\" sizes=\"auto, (max-width: 300px) 100vw, 300px\" \/><\/a><\/p>\n<p style=\"text-align: justify;\">\u00c0 11 heures, une d\u00e9monstration a eu lieu pour faire \u00e9couter des disques 78 tours sur le gramophone invent\u00e9 par les Fr\u00e8res Lumi\u00e8re en 1923.<\/p>\n<p style=\"text-align: justify;\">\u00c0 partir de 11 heures, le DJ Riks a install\u00e9 son stand pour r\u00e9aliser un atelier d\u2019initiation au mix sur les platines. Des enfants accompagn\u00e9s de leurs parents et des adultes seuls sont venus pour en apprendre plus sur le mix et essayer de reproduire le travail du DJ Riks.<\/p>\n<p><a href=\"https:\/\/phonomuseum.fr\/storage\/2023\/04\/IMG_6353-copie-scaled.jpg\"><img loading=\"lazy\" decoding=\"async\" class=\"aligncenter size-medium wp-image-4052\" src=\"https:\/\/phonomuseum.fr\/storage\/2023\/04\/IMG_6353-copie-225x300.jpg\" alt=\"\" width=\"225\" height=\"300\" srcset=\"https:\/\/phonomuseum.fr\/wp-content\/uploads\/2023\/04\/IMG_6353-copie-225x300.jpg 225w, https:\/\/phonomuseum.fr\/wp-content\/uploads\/2023\/04\/IMG_6353-copie-773x1030.jpg 773w, https:\/\/phonomuseum.fr\/wp-content\/uploads\/2023\/04\/IMG_6353-copie-768x1024.jpg 768w, https:\/\/phonomuseum.fr\/wp-content\/uploads\/2023\/04\/IMG_6353-copie-600x800.jpg 600w, https:\/\/phonomuseum.fr\/wp-content\/uploads\/2023\/04\/IMG_6353-copie-1152x1536.jpg 1152w, https:\/\/phonomuseum.fr\/wp-content\/uploads\/2023\/04\/IMG_6353-copie-1536x2048.jpg 1536w, https:\/\/phonomuseum.fr\/wp-content\/uploads\/2023\/04\/IMG_6353-copie-1125x1500.jpg 1125w, https:\/\/phonomuseum.fr\/wp-content\/uploads\/2023\/04\/IMG_6353-copie-529x705.jpg 529w, https:\/\/phonomuseum.fr\/wp-content\/uploads\/2023\/04\/IMG_6353-copie-1320x1760.jpg 1320w, https:\/\/phonomuseum.fr\/wp-content\/uploads\/2023\/04\/IMG_6353-copie-scaled.jpg 1920w\" sizes=\"auto, (max-width: 225px) 100vw, 225px\" \/><\/a><\/p>\n<p style=\"text-align: center;\"><em>DJ RIks devant ses platines<\/em><\/p>\n<p style=\"text-align: justify;\">\u00c0 14 heures, les visiteurs ont pu d\u00e9couvrir le Chronophone Gaumont qui a permis les d\u00e9buts du cin\u00e9ma sonore avec la synchronisation entre le son et l\u2019image. Le public a \u00e9galement pu venir \u00e0 la rencontre de Pascal Bussy, un auteur de livres sur la musique, pour poser des questions sur son travail. Les visites et les d\u00e9monstrations se sont poursuivies avec la visite du th\u00e9\u00e2tre des automates et instruments de musique qui pr\u00e9sentait une s\u00e9lection d\u2019automates dans des jouets et des bo\u00eetes \u00e0 musique. La d\u00e9monstration a \u00e9t\u00e9 faite sur le premier phonographe d\u2019Edison, datant de 1877 et cr\u00e9\u00e9 aux \u00c9tats-Unis. Pour la fin de journ\u00e9e, deux derni\u00e8res activit\u00e9s ont \u00e9t\u00e9 propos\u00e9es. Les visiteurs ont assist\u00e9 \u00e0 une conf\u00e9rence sur le m\u00e9tier de producteur avec Bertrand Burgalat, puis ils ont pu terminer ce Disquaire Day 2023 en \u00e9coutant le DJ-set de Riks.<\/p>\n<p><a href=\"https:\/\/phonomuseum.fr\/storage\/2023\/04\/IMG_20230422_165829_edit_180741736177628-scaled.jpg\"><img loading=\"lazy\" decoding=\"async\" class=\"aligncenter size-medium wp-image-4046\" src=\"https:\/\/phonomuseum.fr\/storage\/2023\/04\/IMG_20230422_165829_edit_180741736177628-225x300.jpg\" alt=\"\" width=\"225\" height=\"300\" srcset=\"https:\/\/phonomuseum.fr\/wp-content\/uploads\/2023\/04\/IMG_20230422_165829_edit_180741736177628-225x300.jpg 225w, https:\/\/phonomuseum.fr\/wp-content\/uploads\/2023\/04\/IMG_20230422_165829_edit_180741736177628-773x1030.jpg 773w, https:\/\/phonomuseum.fr\/wp-content\/uploads\/2023\/04\/IMG_20230422_165829_edit_180741736177628-768x1024.jpg 768w, https:\/\/phonomuseum.fr\/wp-content\/uploads\/2023\/04\/IMG_20230422_165829_edit_180741736177628-600x800.jpg 600w, https:\/\/phonomuseum.fr\/wp-content\/uploads\/2023\/04\/IMG_20230422_165829_edit_180741736177628-1152x1536.jpg 1152w, https:\/\/phonomuseum.fr\/wp-content\/uploads\/2023\/04\/IMG_20230422_165829_edit_180741736177628-1536x2048.jpg 1536w, https:\/\/phonomuseum.fr\/wp-content\/uploads\/2023\/04\/IMG_20230422_165829_edit_180741736177628-1125x1500.jpg 1125w, https:\/\/phonomuseum.fr\/wp-content\/uploads\/2023\/04\/IMG_20230422_165829_edit_180741736177628-529x705.jpg 529w, https:\/\/phonomuseum.fr\/wp-content\/uploads\/2023\/04\/IMG_20230422_165829_edit_180741736177628-1320x1760.jpg 1320w, https:\/\/phonomuseum.fr\/wp-content\/uploads\/2023\/04\/IMG_20230422_165829_edit_180741736177628-scaled.jpg 1920w\" sizes=\"auto, (max-width: 225px) 100vw, 225px\" \/><\/a><\/p>\n<p style=\"text-align: center;\"><em>conf\u00e9rence avec Bertrand Burgalat<\/em><\/p>\n<p style=\"text-align: justify;\">Tout au long de la journ\u00e9e, le public s&rsquo;est rendu sur le stand d&rsquo;exposition du PHONO Museum pour d\u00e9couvrir des objets retra\u00e7ant l&rsquo;histoire de l&rsquo;\u00e9volution du son enregistr\u00e9. De nombreux visiteurs, curieux de voir l&rsquo;\u00e9volution des supports musicaux, ont pos\u00e9 des questions, pris des photos et demand\u00e9 des d\u00e9monstrations de certains des objets.<\/p>\n<p><a href=\"https:\/\/phonomuseum.fr\/storage\/2023\/04\/IMG_6345-copie-scaled.jpg\"><img loading=\"lazy\" decoding=\"async\" class=\"aligncenter size-medium wp-image-4053\" src=\"https:\/\/phonomuseum.fr\/storage\/2023\/04\/IMG_6345-copie-225x300.jpg\" alt=\"\" width=\"225\" height=\"300\" srcset=\"https:\/\/phonomuseum.fr\/wp-content\/uploads\/2023\/04\/IMG_6345-copie-225x300.jpg 225w, https:\/\/phonomuseum.fr\/wp-content\/uploads\/2023\/04\/IMG_6345-copie-773x1030.jpg 773w, https:\/\/phonomuseum.fr\/wp-content\/uploads\/2023\/04\/IMG_6345-copie-768x1024.jpg 768w, https:\/\/phonomuseum.fr\/wp-content\/uploads\/2023\/04\/IMG_6345-copie-600x800.jpg 600w, https:\/\/phonomuseum.fr\/wp-content\/uploads\/2023\/04\/IMG_6345-copie-1152x1536.jpg 1152w, https:\/\/phonomuseum.fr\/wp-content\/uploads\/2023\/04\/IMG_6345-copie-1536x2048.jpg 1536w, https:\/\/phonomuseum.fr\/wp-content\/uploads\/2023\/04\/IMG_6345-copie-1125x1500.jpg 1125w, https:\/\/phonomuseum.fr\/wp-content\/uploads\/2023\/04\/IMG_6345-copie-529x705.jpg 529w, https:\/\/phonomuseum.fr\/wp-content\/uploads\/2023\/04\/IMG_6345-copie-1320x1760.jpg 1320w, https:\/\/phonomuseum.fr\/wp-content\/uploads\/2023\/04\/IMG_6345-copie-scaled.jpg 1920w\" sizes=\"auto, (max-width: 225px) 100vw, 225px\" \/><\/a><\/p>\n<p style=\"text-align: center;\"><em>Stand du PHONO Museum<\/em><\/p>\n<p style=\"text-align: justify;\">L&rsquo;atelier Vinyle-Maton a \u00e9t\u00e9 un succ\u00e8s. De nombreuses personnes se sont d\u00e9plac\u00e9es expr\u00e8s pour immortaliser leur cr\u00e9ation musicale sur un vinyle gr\u00e2ce \u00e0 une machine \u00e0 microsillons datant des ann\u00e9es 1940.<\/p>\n<p><a href=\"https:\/\/phonomuseum.fr\/storage\/2023\/04\/IMG_20230425_132756-scaled.jpg\"><img loading=\"lazy\" decoding=\"async\" class=\"aligncenter size-medium wp-image-4047\" src=\"https:\/\/phonomuseum.fr\/storage\/2023\/04\/IMG_20230425_132756-219x300.jpg\" alt=\"\" width=\"219\" height=\"300\" srcset=\"https:\/\/phonomuseum.fr\/wp-content\/uploads\/2023\/04\/IMG_20230425_132756-219x300.jpg 219w, https:\/\/phonomuseum.fr\/wp-content\/uploads\/2023\/04\/IMG_20230425_132756-750x1030.jpg 750w, https:\/\/phonomuseum.fr\/wp-content\/uploads\/2023\/04\/IMG_20230425_132756-768x1054.jpg 768w, https:\/\/phonomuseum.fr\/wp-content\/uploads\/2023\/04\/IMG_20230425_132756-600x823.jpg 600w, https:\/\/phonomuseum.fr\/wp-content\/uploads\/2023\/04\/IMG_20230425_132756-1119x1536.jpg 1119w, https:\/\/phonomuseum.fr\/wp-content\/uploads\/2023\/04\/IMG_20230425_132756-1492x2048.jpg 1492w, https:\/\/phonomuseum.fr\/wp-content\/uploads\/2023\/04\/IMG_20230425_132756-1093x1500.jpg 1093w, https:\/\/phonomuseum.fr\/wp-content\/uploads\/2023\/04\/IMG_20230425_132756-514x705.jpg 514w, https:\/\/phonomuseum.fr\/wp-content\/uploads\/2023\/04\/IMG_20230425_132756-1320x1812.jpg 1320w, https:\/\/phonomuseum.fr\/wp-content\/uploads\/2023\/04\/IMG_20230425_132756-scaled.jpg 1865w\" sizes=\"auto, (max-width: 219px) 100vw, 219px\" \/><\/a><\/p>\n<p style=\"text-align: center;\"><em>Erwan le technicien\/magicien qui a enregistr\u00e9 vos cr\u00e9ations sur des vinyles !<\/em><\/p>\n<p style=\"text-align: justify;\">Cette journ\u00e9e du Disquaire Day 2023 aux Arts et M\u00e9tiers a \u00e9t\u00e9 une vraie r\u00e9ussite ! Les visiteurs sont repartis heureux d&rsquo;avoir pu c\u00e9l\u00e9brer cette journ\u00e9e d&rsquo;hommage \u00e0 la musique par des activit\u00e9s si diverses m\u00ealant pratique et observation.<\/p>\n","protected":false},"excerpt":{"rendered":"<p>Samedi dernier 22 avril 2023, \u00e0 l&rsquo;occasion de la Journ\u00e9e Internationale des CD et des Disquaires, le mus\u00e9e des Arts et M\u00e9tiers \u00e0 Paris avait planifi\u00e9 une journ\u00e9e d\u00e9di\u00e9e \u00e0 cet \u00e9v\u00e9nement. La journ\u00e9e a \u00e9t\u00e9 rythm\u00e9e par des expositions, des d\u00e9monstrations, des conf\u00e9rences, des rencontres et des ateliers. La journ\u00e9e a \u00e9t\u00e9 un vrai [&hellip;]<\/p>\n","protected":false},"author":2,"featured_media":4053,"comment_status":"open","ping_status":"closed","sticky":false,"template":"","format":"standard","meta":{"footnotes":""},"categories":[14,51],"tags":[],"class_list":["post-4059","post","type-post","status-publish","format-standard","has-post-thumbnail","hentry","category-blog","category-expositions-2023"],"yoast_head":"<!-- This site is optimized with the Yoast SEO plugin v27.5 - https:\/\/yoast.com\/product\/yoast-seo-wordpress\/ -->\n<title>Retour sur le Disquaire Day 2023 au mus\u00e9e des Arts &amp; M\u00e9tiers - PHONO Museum Paris<\/title>\n<meta name=\"robots\" content=\"index, follow, max-snippet:-1, max-image-preview:large, max-video-preview:-1\" \/>\n<link rel=\"canonical\" href=\"https:\/\/phonomuseum.fr\/retour-sur-le-disquaire-day-2023-au-musee-des-arts-metiers\/\" \/>\n<meta property=\"og:locale\" content=\"fr_FR\" \/>\n<meta property=\"og:type\" content=\"article\" \/>\n<meta property=\"og:title\" content=\"Retour sur le Disquaire Day 2023 au mus\u00e9e des Arts &amp; M\u00e9tiers - PHONO Museum Paris\" \/>\n<meta property=\"og:description\" content=\"Samedi dernier 22 avril 2023, \u00e0 l&rsquo;occasion de la Journ\u00e9e Internationale des CD et des Disquaires, le mus\u00e9e des Arts et M\u00e9tiers \u00e0 Paris avait planifi\u00e9 une journ\u00e9e d\u00e9di\u00e9e \u00e0 cet \u00e9v\u00e9nement. La journ\u00e9e a \u00e9t\u00e9 rythm\u00e9e par des expositions, des d\u00e9monstrations, des conf\u00e9rences, des rencontres et des ateliers. La journ\u00e9e a \u00e9t\u00e9 un vrai [&hellip;]\" \/>\n<meta property=\"og:url\" content=\"https:\/\/phonomuseum.fr\/retour-sur-le-disquaire-day-2023-au-musee-des-arts-metiers\/\" \/>\n<meta property=\"og:site_name\" content=\"PHONO Museum Paris\" \/>\n<meta property=\"article:author\" content=\"https:\/\/www.facebook.com\/didier.vincent.7\" \/>\n<meta property=\"article:published_time\" content=\"2023-04-29T11:57:28+00:00\" \/>\n<meta property=\"article:modified_time\" content=\"2024-06-01T11:28:13+00:00\" \/>\n<meta property=\"og:image\" content=\"https:\/\/phonomuseum.fr\/wp-content\/uploads\/2023\/04\/IMG_6345-copie-773x1030.jpg\" \/>\n\t<meta property=\"og:image:width\" content=\"773\" \/>\n\t<meta property=\"og:image:height\" content=\"1030\" \/>\n\t<meta property=\"og:image:type\" content=\"image\/jpeg\" \/>\n<meta name=\"author\" content=\"PHONO Museum Paris\" \/>\n<meta name=\"twitter:card\" content=\"summary_large_image\" \/>\n<meta name=\"twitter:creator\" content=\"@didier_vincent\" \/>\n<meta name=\"twitter:label1\" content=\"\u00c9crit par\" \/>\n\t<meta name=\"twitter:data1\" content=\"PHONO Museum Paris\" \/>\n\t<meta name=\"twitter:label2\" content=\"Dur\u00e9e de lecture estim\u00e9e\" \/>\n\t<meta name=\"twitter:data2\" content=\"4 minutes\" \/>\n<script type=\"application\/ld+json\" class=\"yoast-schema-graph\">{\"@context\":\"https:\\\/\\\/schema.org\",\"@graph\":[{\"@type\":\"Article\",\"@id\":\"https:\\\/\\\/phonomuseum.fr\\\/retour-sur-le-disquaire-day-2023-au-musee-des-arts-metiers\\\/#article\",\"isPartOf\":{\"@id\":\"https:\\\/\\\/phonomuseum.fr\\\/retour-sur-le-disquaire-day-2023-au-musee-des-arts-metiers\\\/\"},\"author\":{\"name\":\"PHONO Museum Paris\",\"@id\":\"https:\\\/\\\/phonomuseum.fr\\\/#\\\/schema\\\/person\\\/ccddc2cc569da3acc4b8312f4ff2b0b7\"},\"headline\":\"Retour sur le Disquaire Day 2023 au mus\u00e9e des Arts &#038; M\u00e9tiers\",\"datePublished\":\"2023-04-29T11:57:28+00:00\",\"dateModified\":\"2024-06-01T11:28:13+00:00\",\"mainEntityOfPage\":{\"@id\":\"https:\\\/\\\/phonomuseum.fr\\\/retour-sur-le-disquaire-day-2023-au-musee-des-arts-metiers\\\/\"},\"wordCount\":497,\"commentCount\":0,\"image\":{\"@id\":\"https:\\\/\\\/phonomuseum.fr\\\/retour-sur-le-disquaire-day-2023-au-musee-des-arts-metiers\\\/#primaryimage\"},\"thumbnailUrl\":\"https:\\\/\\\/phonomuseum.fr\\\/wp-content\\\/uploads\\\/2023\\\/04\\\/IMG_6345-copie-scaled.jpg\",\"articleSection\":[\"BLOG\",\"Expositions 2023\"],\"inLanguage\":\"fr-FR\",\"potentialAction\":[{\"@type\":\"CommentAction\",\"name\":\"Comment\",\"target\":[\"https:\\\/\\\/phonomuseum.fr\\\/retour-sur-le-disquaire-day-2023-au-musee-des-arts-metiers\\\/#respond\"]}]},{\"@type\":\"WebPage\",\"@id\":\"https:\\\/\\\/phonomuseum.fr\\\/retour-sur-le-disquaire-day-2023-au-musee-des-arts-metiers\\\/\",\"url\":\"https:\\\/\\\/phonomuseum.fr\\\/retour-sur-le-disquaire-day-2023-au-musee-des-arts-metiers\\\/\",\"name\":\"Retour sur le Disquaire Day 2023 au mus\u00e9e des Arts & M\u00e9tiers - PHONO Museum Paris\",\"isPartOf\":{\"@id\":\"https:\\\/\\\/phonomuseum.fr\\\/#website\"},\"primaryImageOfPage\":{\"@id\":\"https:\\\/\\\/phonomuseum.fr\\\/retour-sur-le-disquaire-day-2023-au-musee-des-arts-metiers\\\/#primaryimage\"},\"image\":{\"@id\":\"https:\\\/\\\/phonomuseum.fr\\\/retour-sur-le-disquaire-day-2023-au-musee-des-arts-metiers\\\/#primaryimage\"},\"thumbnailUrl\":\"https:\\\/\\\/phonomuseum.fr\\\/wp-content\\\/uploads\\\/2023\\\/04\\\/IMG_6345-copie-scaled.jpg\",\"datePublished\":\"2023-04-29T11:57:28+00:00\",\"dateModified\":\"2024-06-01T11:28:13+00:00\",\"author\":{\"@id\":\"https:\\\/\\\/phonomuseum.fr\\\/#\\\/schema\\\/person\\\/ccddc2cc569da3acc4b8312f4ff2b0b7\"},\"breadcrumb\":{\"@id\":\"https:\\\/\\\/phonomuseum.fr\\\/retour-sur-le-disquaire-day-2023-au-musee-des-arts-metiers\\\/#breadcrumb\"},\"inLanguage\":\"fr-FR\",\"potentialAction\":[{\"@type\":\"ReadAction\",\"target\":[\"https:\\\/\\\/phonomuseum.fr\\\/retour-sur-le-disquaire-day-2023-au-musee-des-arts-metiers\\\/\"]}]},{\"@type\":\"ImageObject\",\"inLanguage\":\"fr-FR\",\"@id\":\"https:\\\/\\\/phonomuseum.fr\\\/retour-sur-le-disquaire-day-2023-au-musee-des-arts-metiers\\\/#primaryimage\",\"url\":\"https:\\\/\\\/phonomuseum.fr\\\/wp-content\\\/uploads\\\/2023\\\/04\\\/IMG_6345-copie-scaled.jpg\",\"contentUrl\":\"https:\\\/\\\/phonomuseum.fr\\\/wp-content\\\/uploads\\\/2023\\\/04\\\/IMG_6345-copie-scaled.jpg\",\"width\":1920,\"height\":2560},{\"@type\":\"BreadcrumbList\",\"@id\":\"https:\\\/\\\/phonomuseum.fr\\\/retour-sur-le-disquaire-day-2023-au-musee-des-arts-metiers\\\/#breadcrumb\",\"itemListElement\":[{\"@type\":\"ListItem\",\"position\":1,\"name\":\"Accueil\",\"item\":\"https:\\\/\\\/phonomuseum.fr\\\/accueil\\\/\"},{\"@type\":\"ListItem\",\"position\":2,\"name\":\"Retour sur le Disquaire Day 2023 au mus\u00e9e des Arts &#038; M\u00e9tiers\"}]},{\"@type\":\"WebSite\",\"@id\":\"https:\\\/\\\/phonomuseum.fr\\\/#website\",\"url\":\"https:\\\/\\\/phonomuseum.fr\\\/\",\"name\":\"PHONO Museum Paris\",\"description\":\"la grande aventure du son enregistr\u00e9 - L&#039;histoire sonore de 1857 \u00e0 nos jours\",\"potentialAction\":[{\"@type\":\"SearchAction\",\"target\":{\"@type\":\"EntryPoint\",\"urlTemplate\":\"https:\\\/\\\/phonomuseum.fr\\\/?s={search_term_string}\"},\"query-input\":{\"@type\":\"PropertyValueSpecification\",\"valueRequired\":true,\"valueName\":\"search_term_string\"}}],\"inLanguage\":\"fr-FR\"},{\"@type\":\"Person\",\"@id\":\"https:\\\/\\\/phonomuseum.fr\\\/#\\\/schema\\\/person\\\/ccddc2cc569da3acc4b8312f4ff2b0b7\",\"name\":\"PHONO Museum Paris\",\"image\":{\"@type\":\"ImageObject\",\"inLanguage\":\"fr-FR\",\"@id\":\"https:\\\/\\\/secure.gravatar.com\\\/avatar\\\/625e6ca9ffe4c986867da0049f4a8bab481c3379248f90cbf285f445b365f8bd?s=96&d=mm&r=g\",\"url\":\"https:\\\/\\\/secure.gravatar.com\\\/avatar\\\/625e6ca9ffe4c986867da0049f4a8bab481c3379248f90cbf285f445b365f8bd?s=96&d=mm&r=g\",\"contentUrl\":\"https:\\\/\\\/secure.gravatar.com\\\/avatar\\\/625e6ca9ffe4c986867da0049f4a8bab481c3379248f90cbf285f445b365f8bd?s=96&d=mm&r=g\",\"caption\":\"PHONO Museum Paris\"},\"sameAs\":[\"http:\\\/\\\/phonomuseum.fr\",\"https:\\\/\\\/www.facebook.com\\\/didier.vincent.7\",\"https:\\\/\\\/x.com\\\/@didier_vincent\"],\"url\":\"https:\\\/\\\/phonomuseum.fr\\\/author\\\/phono-museum-paris\\\/\"}]}<\/script>\n<!-- \/ Yoast SEO plugin. -->","yoast_head_json":{"title":"Retour sur le Disquaire Day 2023 au mus\u00e9e des Arts & M\u00e9tiers - PHONO Museum Paris","robots":{"index":"index","follow":"follow","max-snippet":"max-snippet:-1","max-image-preview":"max-image-preview:large","max-video-preview":"max-video-preview:-1"},"canonical":"https:\/\/phonomuseum.fr\/retour-sur-le-disquaire-day-2023-au-musee-des-arts-metiers\/","og_locale":"fr_FR","og_type":"article","og_title":"Retour sur le Disquaire Day 2023 au mus\u00e9e des Arts & M\u00e9tiers - PHONO Museum Paris","og_description":"Samedi dernier 22 avril 2023, \u00e0 l&rsquo;occasion de la Journ\u00e9e Internationale des CD et des Disquaires, le mus\u00e9e des Arts et M\u00e9tiers \u00e0 Paris avait planifi\u00e9 une journ\u00e9e d\u00e9di\u00e9e \u00e0 cet \u00e9v\u00e9nement. La journ\u00e9e a \u00e9t\u00e9 rythm\u00e9e par des expositions, des d\u00e9monstrations, des conf\u00e9rences, des rencontres et des ateliers. La journ\u00e9e a \u00e9t\u00e9 un vrai [&hellip;]","og_url":"https:\/\/phonomuseum.fr\/retour-sur-le-disquaire-day-2023-au-musee-des-arts-metiers\/","og_site_name":"PHONO Museum Paris","article_author":"https:\/\/www.facebook.com\/didier.vincent.7","article_published_time":"2023-04-29T11:57:28+00:00","article_modified_time":"2024-06-01T11:28:13+00:00","og_image":[{"width":773,"height":1030,"url":"https:\/\/phonomuseum.fr\/wp-content\/uploads\/2023\/04\/IMG_6345-copie-773x1030.jpg","type":"image\/jpeg"}],"author":"PHONO Museum Paris","twitter_card":"summary_large_image","twitter_creator":"@didier_vincent","twitter_misc":{"\u00c9crit par":"PHONO Museum Paris","Dur\u00e9e de lecture estim\u00e9e":"4 minutes"},"schema":{"@context":"https:\/\/schema.org","@graph":[{"@type":"Article","@id":"https:\/\/phonomuseum.fr\/retour-sur-le-disquaire-day-2023-au-musee-des-arts-metiers\/#article","isPartOf":{"@id":"https:\/\/phonomuseum.fr\/retour-sur-le-disquaire-day-2023-au-musee-des-arts-metiers\/"},"author":{"name":"PHONO Museum Paris","@id":"https:\/\/phonomuseum.fr\/#\/schema\/person\/ccddc2cc569da3acc4b8312f4ff2b0b7"},"headline":"Retour sur le Disquaire Day 2023 au mus\u00e9e des Arts &#038; M\u00e9tiers","datePublished":"2023-04-29T11:57:28+00:00","dateModified":"2024-06-01T11:28:13+00:00","mainEntityOfPage":{"@id":"https:\/\/phonomuseum.fr\/retour-sur-le-disquaire-day-2023-au-musee-des-arts-metiers\/"},"wordCount":497,"commentCount":0,"image":{"@id":"https:\/\/phonomuseum.fr\/retour-sur-le-disquaire-day-2023-au-musee-des-arts-metiers\/#primaryimage"},"thumbnailUrl":"https:\/\/phonomuseum.fr\/wp-content\/uploads\/2023\/04\/IMG_6345-copie-scaled.jpg","articleSection":["BLOG","Expositions 2023"],"inLanguage":"fr-FR","potentialAction":[{"@type":"CommentAction","name":"Comment","target":["https:\/\/phonomuseum.fr\/retour-sur-le-disquaire-day-2023-au-musee-des-arts-metiers\/#respond"]}]},{"@type":"WebPage","@id":"https:\/\/phonomuseum.fr\/retour-sur-le-disquaire-day-2023-au-musee-des-arts-metiers\/","url":"https:\/\/phonomuseum.fr\/retour-sur-le-disquaire-day-2023-au-musee-des-arts-metiers\/","name":"Retour sur le Disquaire Day 2023 au mus\u00e9e des Arts & M\u00e9tiers - PHONO Museum Paris","isPartOf":{"@id":"https:\/\/phonomuseum.fr\/#website"},"primaryImageOfPage":{"@id":"https:\/\/phonomuseum.fr\/retour-sur-le-disquaire-day-2023-au-musee-des-arts-metiers\/#primaryimage"},"image":{"@id":"https:\/\/phonomuseum.fr\/retour-sur-le-disquaire-day-2023-au-musee-des-arts-metiers\/#primaryimage"},"thumbnailUrl":"https:\/\/phonomuseum.fr\/wp-content\/uploads\/2023\/04\/IMG_6345-copie-scaled.jpg","datePublished":"2023-04-29T11:57:28+00:00","dateModified":"2024-06-01T11:28:13+00:00","author":{"@id":"https:\/\/phonomuseum.fr\/#\/schema\/person\/ccddc2cc569da3acc4b8312f4ff2b0b7"},"breadcrumb":{"@id":"https:\/\/phonomuseum.fr\/retour-sur-le-disquaire-day-2023-au-musee-des-arts-metiers\/#breadcrumb"},"inLanguage":"fr-FR","potentialAction":[{"@type":"ReadAction","target":["https:\/\/phonomuseum.fr\/retour-sur-le-disquaire-day-2023-au-musee-des-arts-metiers\/"]}]},{"@type":"ImageObject","inLanguage":"fr-FR","@id":"https:\/\/phonomuseum.fr\/retour-sur-le-disquaire-day-2023-au-musee-des-arts-metiers\/#primaryimage","url":"https:\/\/phonomuseum.fr\/wp-content\/uploads\/2023\/04\/IMG_6345-copie-scaled.jpg","contentUrl":"https:\/\/phonomuseum.fr\/wp-content\/uploads\/2023\/04\/IMG_6345-copie-scaled.jpg","width":1920,"height":2560},{"@type":"BreadcrumbList","@id":"https:\/\/phonomuseum.fr\/retour-sur-le-disquaire-day-2023-au-musee-des-arts-metiers\/#breadcrumb","itemListElement":[{"@type":"ListItem","position":1,"name":"Accueil","item":"https:\/\/phonomuseum.fr\/accueil\/"},{"@type":"ListItem","position":2,"name":"Retour sur le Disquaire Day 2023 au mus\u00e9e des Arts &#038; M\u00e9tiers"}]},{"@type":"WebSite","@id":"https:\/\/phonomuseum.fr\/#website","url":"https:\/\/phonomuseum.fr\/","name":"PHONO Museum Paris","description":"la grande aventure du son enregistr\u00e9 - L&#039;histoire sonore de 1857 \u00e0 nos jours","potentialAction":[{"@type":"SearchAction","target":{"@type":"EntryPoint","urlTemplate":"https:\/\/phonomuseum.fr\/?s={search_term_string}"},"query-input":{"@type":"PropertyValueSpecification","valueRequired":true,"valueName":"search_term_string"}}],"inLanguage":"fr-FR"},{"@type":"Person","@id":"https:\/\/phonomuseum.fr\/#\/schema\/person\/ccddc2cc569da3acc4b8312f4ff2b0b7","name":"PHONO Museum Paris","image":{"@type":"ImageObject","inLanguage":"fr-FR","@id":"https:\/\/secure.gravatar.com\/avatar\/625e6ca9ffe4c986867da0049f4a8bab481c3379248f90cbf285f445b365f8bd?s=96&d=mm&r=g","url":"https:\/\/secure.gravatar.com\/avatar\/625e6ca9ffe4c986867da0049f4a8bab481c3379248f90cbf285f445b365f8bd?s=96&d=mm&r=g","contentUrl":"https:\/\/secure.gravatar.com\/avatar\/625e6ca9ffe4c986867da0049f4a8bab481c3379248f90cbf285f445b365f8bd?s=96&d=mm&r=g","caption":"PHONO Museum Paris"},"sameAs":["http:\/\/phonomuseum.fr","https:\/\/www.facebook.com\/didier.vincent.7","https:\/\/x.com\/@didier_vincent"],"url":"https:\/\/phonomuseum.fr\/author\/phono-museum-paris\/"}]}},"_links":{"self":[{"href":"https:\/\/phonomuseum.fr\/api\/wp\/v2\/posts\/4059","targetHints":{"allow":["GET"]}}],"collection":[{"href":"https:\/\/phonomuseum.fr\/api\/wp\/v2\/posts"}],"about":[{"href":"https:\/\/phonomuseum.fr\/api\/wp\/v2\/types\/post"}],"author":[{"embeddable":true,"href":"https:\/\/phonomuseum.fr\/api\/wp\/v2\/users\/2"}],"replies":[{"embeddable":true,"href":"https:\/\/phonomuseum.fr\/api\/wp\/v2\/comments?post=4059"}],"version-history":[{"count":4,"href":"https:\/\/phonomuseum.fr\/api\/wp\/v2\/posts\/4059\/revisions"}],"predecessor-version":[{"id":4476,"href":"https:\/\/phonomuseum.fr\/api\/wp\/v2\/posts\/4059\/revisions\/4476"}],"wp:featuredmedia":[{"embeddable":true,"href":"https:\/\/phonomuseum.fr\/api\/wp\/v2\/media\/4053"}],"wp:attachment":[{"href":"https:\/\/phonomuseum.fr\/api\/wp\/v2\/media?parent=4059"}],"wp:term":[{"taxonomy":"category","embeddable":true,"href":"https:\/\/phonomuseum.fr\/api\/wp\/v2\/categories?post=4059"},{"taxonomy":"post_tag","embeddable":true,"href":"https:\/\/phonomuseum.fr\/api\/wp\/v2\/tags?post=4059"}],"curies":[{"name":"wp","href":"https:\/\/api.w.org\/{rel}","templated":true}]}}