{"id":4035,"date":"2023-04-21T17:33:30","date_gmt":"2023-04-21T15:33:30","guid":{"rendered":"https:\/\/phonomuseum.fr\/?p=4035"},"modified":"2023-05-15T14:37:35","modified_gmt":"2023-05-15T12:37:35","slug":"jazz-age-2023","status":"publish","type":"post","link":"https:\/\/phonomuseum.fr\/jazz-age-2023\/","title":{"rendered":"Jazz Age 2023"},"content":{"rendered":"<p style=\"text-align: center;\"><span style=\"color: #ff3333;\"><span style=\"font-family: Trebuchet MS, sans-serif;\"><span style=\"font-size: large;\"><b>ATTENTION Concert report\u00e9 \u00e0 l&rsquo;automne 2023. Avec nos excuses<\/b><\/span><\/span><\/span><\/p>\n<p>&nbsp;<\/p>\n<p>C\u00e9l\u00e9bration au mus\u00e9e du hit-parade de 1923, <span style=\"color: #ff6600;\"><strong>lundi 22 mai 2023 \u00e0 20h<\/strong>.<\/span><\/p>\n<p>Pour r\u00e9server,\u00a0<a href=\"https:\/\/www.helloasso.com\/associations\/phonoplanete\/evenements\/jazz-age-2023\" target=\"_blank\" rel=\"noopener\"><strong>c\u2019est ICI<\/strong><\/a><\/p>\n<p><a href=\"https:\/\/phonomuseum.fr\/storage\/2023\/04\/WhatsApp-Image-2023-04-21-at-16.42.22.jpeg\"><img loading=\"lazy\" decoding=\"async\" class=\"size-medium wp-image-4036 aligncenter\" src=\"https:\/\/phonomuseum.fr\/storage\/2023\/04\/WhatsApp-Image-2023-04-21-at-16.42.22-237x300.jpeg\" alt=\"\" width=\"237\" height=\"300\" srcset=\"https:\/\/phonomuseum.fr\/wp-content\/uploads\/2023\/04\/WhatsApp-Image-2023-04-21-at-16.42.22-237x300.jpeg 237w, https:\/\/phonomuseum.fr\/wp-content\/uploads\/2023\/04\/WhatsApp-Image-2023-04-21-at-16.42.22-815x1030.jpeg 815w, https:\/\/phonomuseum.fr\/wp-content\/uploads\/2023\/04\/WhatsApp-Image-2023-04-21-at-16.42.22-768x971.jpeg 768w, https:\/\/phonomuseum.fr\/wp-content\/uploads\/2023\/04\/WhatsApp-Image-2023-04-21-at-16.42.22-600x759.jpeg 600w, https:\/\/phonomuseum.fr\/wp-content\/uploads\/2023\/04\/WhatsApp-Image-2023-04-21-at-16.42.22-1215x1536.jpeg 1215w, https:\/\/phonomuseum.fr\/wp-content\/uploads\/2023\/04\/WhatsApp-Image-2023-04-21-at-16.42.22-1186x1500.jpeg 1186w, https:\/\/phonomuseum.fr\/wp-content\/uploads\/2023\/04\/WhatsApp-Image-2023-04-21-at-16.42.22-558x705.jpeg 558w, https:\/\/phonomuseum.fr\/wp-content\/uploads\/2023\/04\/WhatsApp-Image-2023-04-21-at-16.42.22-1320x1669.jpeg 1320w, https:\/\/phonomuseum.fr\/wp-content\/uploads\/2023\/04\/WhatsApp-Image-2023-04-21-at-16.42.22.jpeg 1452w\" sizes=\"auto, (max-width: 237px) 100vw, 237px\" \/><\/a><\/p>\n<p><a href=\"https:\/\/phonomuseum.fr\/storage\/2023\/04\/WhatsApp-Image-2023-04-21-at-16.42.56.jpeg\"><img loading=\"lazy\" decoding=\"async\" class=\"size-medium wp-image-4037 aligncenter\" src=\"https:\/\/phonomuseum.fr\/storage\/2023\/04\/WhatsApp-Image-2023-04-21-at-16.42.56-300x300.jpeg\" alt=\"\" width=\"300\" height=\"300\" srcset=\"https:\/\/phonomuseum.fr\/wp-content\/uploads\/2023\/04\/WhatsApp-Image-2023-04-21-at-16.42.56-300x300.jpeg 300w, https:\/\/phonomuseum.fr\/wp-content\/uploads\/2023\/04\/WhatsApp-Image-2023-04-21-at-16.42.56-1030x1030.jpeg 1030w, https:\/\/phonomuseum.fr\/wp-content\/uploads\/2023\/04\/WhatsApp-Image-2023-04-21-at-16.42.56-80x80.jpeg 80w, https:\/\/phonomuseum.fr\/wp-content\/uploads\/2023\/04\/WhatsApp-Image-2023-04-21-at-16.42.56-768x769.jpeg 768w, https:\/\/phonomuseum.fr\/wp-content\/uploads\/2023\/04\/WhatsApp-Image-2023-04-21-at-16.42.56-600x601.jpeg 600w, https:\/\/phonomuseum.fr\/wp-content\/uploads\/2023\/04\/WhatsApp-Image-2023-04-21-at-16.42.56-36x36.jpeg 36w, https:\/\/phonomuseum.fr\/wp-content\/uploads\/2023\/04\/WhatsApp-Image-2023-04-21-at-16.42.56-180x180.jpeg 180w, https:\/\/phonomuseum.fr\/wp-content\/uploads\/2023\/04\/WhatsApp-Image-2023-04-21-at-16.42.56-1498x1500.jpeg 1498w, https:\/\/phonomuseum.fr\/wp-content\/uploads\/2023\/04\/WhatsApp-Image-2023-04-21-at-16.42.56-705x705.jpeg 705w, https:\/\/phonomuseum.fr\/wp-content\/uploads\/2023\/04\/WhatsApp-Image-2023-04-21-at-16.42.56-1320x1322.jpeg 1320w, https:\/\/phonomuseum.fr\/wp-content\/uploads\/2023\/04\/WhatsApp-Image-2023-04-21-at-16.42.56.jpeg 1535w\" sizes=\"auto, (max-width: 300px) 100vw, 300px\" \/><\/a><\/p>\n","protected":false},"excerpt":{"rendered":"<p>ATTENTION Concert report\u00e9 \u00e0 l&rsquo;automne 2023. Avec nos excuses &nbsp; C\u00e9l\u00e9bration au mus\u00e9e du hit-parade de 1923, lundi 22 mai 2023 \u00e0 20h. Pour r\u00e9server,\u00a0c\u2019est ICI<\/p>\n","protected":false},"author":2,"featured_media":4036,"comment_status":"open","ping_status":"closed","sticky":false,"template":"","format":"standard","meta":{"footnotes":""},"categories":[14,19,52],"tags":[],"class_list":["post-4035","post","type-post","status-publish","format-standard","has-post-thumbnail","hentry","category-blog","category-concerts","category-concerts-2023"],"yoast_head":"<!-- This site is optimized with the Yoast SEO plugin v27.4 - https:\/\/yoast.com\/product\/yoast-seo-wordpress\/ -->\n<title>Jazz Age 2023 - PHONO Museum Paris<\/title>\n<meta name=\"robots\" content=\"index, follow, max-snippet:-1, max-image-preview:large, max-video-preview:-1\" \/>\n<link rel=\"canonical\" href=\"https:\/\/phonomuseum.fr\/jazz-age-2023\/\" \/>\n<meta property=\"og:locale\" content=\"fr_FR\" \/>\n<meta property=\"og:type\" content=\"article\" \/>\n<meta property=\"og:title\" content=\"Jazz Age 2023 - PHONO Museum Paris\" \/>\n<meta property=\"og:description\" content=\"ATTENTION Concert report\u00e9 \u00e0 l&rsquo;automne 2023. Avec nos excuses &nbsp; C\u00e9l\u00e9bration au mus\u00e9e du hit-parade de 1923, lundi 22 mai 2023 \u00e0 20h. Pour r\u00e9server,\u00a0c\u2019est ICI\" \/>\n<meta property=\"og:url\" content=\"https:\/\/phonomuseum.fr\/jazz-age-2023\/\" \/>\n<meta property=\"og:site_name\" content=\"PHONO Museum Paris\" \/>\n<meta property=\"article:author\" content=\"https:\/\/www.facebook.com\/didier.vincent.7\" \/>\n<meta property=\"article:published_time\" content=\"2023-04-21T15:33:30+00:00\" \/>\n<meta property=\"article:modified_time\" content=\"2023-05-15T12:37:35+00:00\" \/>\n<meta property=\"og:image\" content=\"https:\/\/phonomuseum.fr\/wp-content\/uploads\/2023\/04\/WhatsApp-Image-2023-04-21-at-16.42.22.jpeg\" \/>\n\t<meta property=\"og:image:width\" content=\"1452\" \/>\n\t<meta property=\"og:image:height\" content=\"1836\" \/>\n\t<meta property=\"og:image:type\" content=\"image\/jpeg\" \/>\n<meta name=\"author\" content=\"PHONO Museum Paris\" \/>\n<meta name=\"twitter:card\" content=\"summary_large_image\" \/>\n<meta name=\"twitter:creator\" content=\"@didier_vincent\" \/>\n<meta name=\"twitter:label1\" content=\"\u00c9crit par\" \/>\n\t<meta name=\"twitter:data1\" content=\"PHONO Museum Paris\" \/>\n\t<meta name=\"twitter:label2\" content=\"Dur\u00e9e de lecture estim\u00e9e\" \/>\n\t<meta name=\"twitter:data2\" content=\"1 minute\" \/>\n<script type=\"application\/ld+json\" class=\"yoast-schema-graph\">{\"@context\":\"https:\\\/\\\/schema.org\",\"@graph\":[{\"@type\":\"Article\",\"@id\":\"https:\\\/\\\/phonomuseum.fr\\\/jazz-age-2023\\\/#article\",\"isPartOf\":{\"@id\":\"https:\\\/\\\/phonomuseum.fr\\\/jazz-age-2023\\\/\"},\"author\":{\"name\":\"PHONO Museum Paris\",\"@id\":\"https:\\\/\\\/phonomuseum.fr\\\/#\\\/schema\\\/person\\\/ccddc2cc569da3acc4b8312f4ff2b0b7\"},\"headline\":\"Jazz Age 2023\",\"datePublished\":\"2023-04-21T15:33:30+00:00\",\"dateModified\":\"2023-05-15T12:37:35+00:00\",\"mainEntityOfPage\":{\"@id\":\"https:\\\/\\\/phonomuseum.fr\\\/jazz-age-2023\\\/\"},\"wordCount\":29,\"commentCount\":0,\"image\":{\"@id\":\"https:\\\/\\\/phonomuseum.fr\\\/jazz-age-2023\\\/#primaryimage\"},\"thumbnailUrl\":\"https:\\\/\\\/phonomuseum.fr\\\/wp-content\\\/uploads\\\/2023\\\/04\\\/WhatsApp-Image-2023-04-21-at-16.42.22.jpeg\",\"articleSection\":[\"BLOG\",\"Concerts\",\"Concerts 2023\"],\"inLanguage\":\"fr-FR\",\"potentialAction\":[{\"@type\":\"CommentAction\",\"name\":\"Comment\",\"target\":[\"https:\\\/\\\/phonomuseum.fr\\\/jazz-age-2023\\\/#respond\"]}]},{\"@type\":\"WebPage\",\"@id\":\"https:\\\/\\\/phonomuseum.fr\\\/jazz-age-2023\\\/\",\"url\":\"https:\\\/\\\/phonomuseum.fr\\\/jazz-age-2023\\\/\",\"name\":\"Jazz Age 2023 - PHONO Museum Paris\",\"isPartOf\":{\"@id\":\"https:\\\/\\\/phonomuseum.fr\\\/#website\"},\"primaryImageOfPage\":{\"@id\":\"https:\\\/\\\/phonomuseum.fr\\\/jazz-age-2023\\\/#primaryimage\"},\"image\":{\"@id\":\"https:\\\/\\\/phonomuseum.fr\\\/jazz-age-2023\\\/#primaryimage\"},\"thumbnailUrl\":\"https:\\\/\\\/phonomuseum.fr\\\/wp-content\\\/uploads\\\/2023\\\/04\\\/WhatsApp-Image-2023-04-21-at-16.42.22.jpeg\",\"datePublished\":\"2023-04-21T15:33:30+00:00\",\"dateModified\":\"2023-05-15T12:37:35+00:00\",\"author\":{\"@id\":\"https:\\\/\\\/phonomuseum.fr\\\/#\\\/schema\\\/person\\\/ccddc2cc569da3acc4b8312f4ff2b0b7\"},\"breadcrumb\":{\"@id\":\"https:\\\/\\\/phonomuseum.fr\\\/jazz-age-2023\\\/#breadcrumb\"},\"inLanguage\":\"fr-FR\",\"potentialAction\":[{\"@type\":\"ReadAction\",\"target\":[\"https:\\\/\\\/phonomuseum.fr\\\/jazz-age-2023\\\/\"]}]},{\"@type\":\"ImageObject\",\"inLanguage\":\"fr-FR\",\"@id\":\"https:\\\/\\\/phonomuseum.fr\\\/jazz-age-2023\\\/#primaryimage\",\"url\":\"https:\\\/\\\/phonomuseum.fr\\\/wp-content\\\/uploads\\\/2023\\\/04\\\/WhatsApp-Image-2023-04-21-at-16.42.22.jpeg\",\"contentUrl\":\"https:\\\/\\\/phonomuseum.fr\\\/wp-content\\\/uploads\\\/2023\\\/04\\\/WhatsApp-Image-2023-04-21-at-16.42.22.jpeg\",\"width\":1452,\"height\":1836},{\"@type\":\"BreadcrumbList\",\"@id\":\"https:\\\/\\\/phonomuseum.fr\\\/jazz-age-2023\\\/#breadcrumb\",\"itemListElement\":[{\"@type\":\"ListItem\",\"position\":1,\"name\":\"Accueil\",\"item\":\"https:\\\/\\\/phonomuseum.fr\\\/accueil\\\/\"},{\"@type\":\"ListItem\",\"position\":2,\"name\":\"Jazz Age 2023\"}]},{\"@type\":\"WebSite\",\"@id\":\"https:\\\/\\\/phonomuseum.fr\\\/#website\",\"url\":\"https:\\\/\\\/phonomuseum.fr\\\/\",\"name\":\"PHONO Museum Paris\",\"description\":\"la grande aventure du son enregistr\u00e9 - L&#039;histoire sonore de 1857 \u00e0 nos jours\",\"potentialAction\":[{\"@type\":\"SearchAction\",\"target\":{\"@type\":\"EntryPoint\",\"urlTemplate\":\"https:\\\/\\\/phonomuseum.fr\\\/?s={search_term_string}\"},\"query-input\":{\"@type\":\"PropertyValueSpecification\",\"valueRequired\":true,\"valueName\":\"search_term_string\"}}],\"inLanguage\":\"fr-FR\"},{\"@type\":\"Person\",\"@id\":\"https:\\\/\\\/phonomuseum.fr\\\/#\\\/schema\\\/person\\\/ccddc2cc569da3acc4b8312f4ff2b0b7\",\"name\":\"PHONO Museum Paris\",\"image\":{\"@type\":\"ImageObject\",\"inLanguage\":\"fr-FR\",\"@id\":\"https:\\\/\\\/secure.gravatar.com\\\/avatar\\\/625e6ca9ffe4c986867da0049f4a8bab481c3379248f90cbf285f445b365f8bd?s=96&d=mm&r=g\",\"url\":\"https:\\\/\\\/secure.gravatar.com\\\/avatar\\\/625e6ca9ffe4c986867da0049f4a8bab481c3379248f90cbf285f445b365f8bd?s=96&d=mm&r=g\",\"contentUrl\":\"https:\\\/\\\/secure.gravatar.com\\\/avatar\\\/625e6ca9ffe4c986867da0049f4a8bab481c3379248f90cbf285f445b365f8bd?s=96&d=mm&r=g\",\"caption\":\"PHONO Museum Paris\"},\"sameAs\":[\"http:\\\/\\\/phonomuseum.fr\",\"https:\\\/\\\/www.facebook.com\\\/didier.vincent.7\",\"https:\\\/\\\/x.com\\\/@didier_vincent\"],\"url\":\"https:\\\/\\\/phonomuseum.fr\\\/author\\\/phono-museum-paris\\\/\"}]}<\/script>\n<!-- \/ Yoast SEO plugin. -->","yoast_head_json":{"title":"Jazz Age 2023 - PHONO Museum Paris","robots":{"index":"index","follow":"follow","max-snippet":"max-snippet:-1","max-image-preview":"max-image-preview:large","max-video-preview":"max-video-preview:-1"},"canonical":"https:\/\/phonomuseum.fr\/jazz-age-2023\/","og_locale":"fr_FR","og_type":"article","og_title":"Jazz Age 2023 - PHONO Museum Paris","og_description":"ATTENTION Concert report\u00e9 \u00e0 l&rsquo;automne 2023. Avec nos excuses &nbsp; C\u00e9l\u00e9bration au mus\u00e9e du hit-parade de 1923, lundi 22 mai 2023 \u00e0 20h. Pour r\u00e9server,\u00a0c\u2019est ICI","og_url":"https:\/\/phonomuseum.fr\/jazz-age-2023\/","og_site_name":"PHONO Museum Paris","article_author":"https:\/\/www.facebook.com\/didier.vincent.7","article_published_time":"2023-04-21T15:33:30+00:00","article_modified_time":"2023-05-15T12:37:35+00:00","og_image":[{"width":1452,"height":1836,"url":"https:\/\/phonomuseum.fr\/wp-content\/uploads\/2023\/04\/WhatsApp-Image-2023-04-21-at-16.42.22.jpeg","type":"image\/jpeg"}],"author":"PHONO Museum Paris","twitter_card":"summary_large_image","twitter_creator":"@didier_vincent","twitter_misc":{"\u00c9crit par":"PHONO Museum Paris","Dur\u00e9e de lecture estim\u00e9e":"1 minute"},"schema":{"@context":"https:\/\/schema.org","@graph":[{"@type":"Article","@id":"https:\/\/phonomuseum.fr\/jazz-age-2023\/#article","isPartOf":{"@id":"https:\/\/phonomuseum.fr\/jazz-age-2023\/"},"author":{"name":"PHONO Museum Paris","@id":"https:\/\/phonomuseum.fr\/#\/schema\/person\/ccddc2cc569da3acc4b8312f4ff2b0b7"},"headline":"Jazz Age 2023","datePublished":"2023-04-21T15:33:30+00:00","dateModified":"2023-05-15T12:37:35+00:00","mainEntityOfPage":{"@id":"https:\/\/phonomuseum.fr\/jazz-age-2023\/"},"wordCount":29,"commentCount":0,"image":{"@id":"https:\/\/phonomuseum.fr\/jazz-age-2023\/#primaryimage"},"thumbnailUrl":"https:\/\/phonomuseum.fr\/wp-content\/uploads\/2023\/04\/WhatsApp-Image-2023-04-21-at-16.42.22.jpeg","articleSection":["BLOG","Concerts","Concerts 2023"],"inLanguage":"fr-FR","potentialAction":[{"@type":"CommentAction","name":"Comment","target":["https:\/\/phonomuseum.fr\/jazz-age-2023\/#respond"]}]},{"@type":"WebPage","@id":"https:\/\/phonomuseum.fr\/jazz-age-2023\/","url":"https:\/\/phonomuseum.fr\/jazz-age-2023\/","name":"Jazz Age 2023 - PHONO Museum Paris","isPartOf":{"@id":"https:\/\/phonomuseum.fr\/#website"},"primaryImageOfPage":{"@id":"https:\/\/phonomuseum.fr\/jazz-age-2023\/#primaryimage"},"image":{"@id":"https:\/\/phonomuseum.fr\/jazz-age-2023\/#primaryimage"},"thumbnailUrl":"https:\/\/phonomuseum.fr\/wp-content\/uploads\/2023\/04\/WhatsApp-Image-2023-04-21-at-16.42.22.jpeg","datePublished":"2023-04-21T15:33:30+00:00","dateModified":"2023-05-15T12:37:35+00:00","author":{"@id":"https:\/\/phonomuseum.fr\/#\/schema\/person\/ccddc2cc569da3acc4b8312f4ff2b0b7"},"breadcrumb":{"@id":"https:\/\/phonomuseum.fr\/jazz-age-2023\/#breadcrumb"},"inLanguage":"fr-FR","potentialAction":[{"@type":"ReadAction","target":["https:\/\/phonomuseum.fr\/jazz-age-2023\/"]}]},{"@type":"ImageObject","inLanguage":"fr-FR","@id":"https:\/\/phonomuseum.fr\/jazz-age-2023\/#primaryimage","url":"https:\/\/phonomuseum.fr\/wp-content\/uploads\/2023\/04\/WhatsApp-Image-2023-04-21-at-16.42.22.jpeg","contentUrl":"https:\/\/phonomuseum.fr\/wp-content\/uploads\/2023\/04\/WhatsApp-Image-2023-04-21-at-16.42.22.jpeg","width":1452,"height":1836},{"@type":"BreadcrumbList","@id":"https:\/\/phonomuseum.fr\/jazz-age-2023\/#breadcrumb","itemListElement":[{"@type":"ListItem","position":1,"name":"Accueil","item":"https:\/\/phonomuseum.fr\/accueil\/"},{"@type":"ListItem","position":2,"name":"Jazz Age 2023"}]},{"@type":"WebSite","@id":"https:\/\/phonomuseum.fr\/#website","url":"https:\/\/phonomuseum.fr\/","name":"PHONO Museum Paris","description":"la grande aventure du son enregistr\u00e9 - L&#039;histoire sonore de 1857 \u00e0 nos jours","potentialAction":[{"@type":"SearchAction","target":{"@type":"EntryPoint","urlTemplate":"https:\/\/phonomuseum.fr\/?s={search_term_string}"},"query-input":{"@type":"PropertyValueSpecification","valueRequired":true,"valueName":"search_term_string"}}],"inLanguage":"fr-FR"},{"@type":"Person","@id":"https:\/\/phonomuseum.fr\/#\/schema\/person\/ccddc2cc569da3acc4b8312f4ff2b0b7","name":"PHONO Museum Paris","image":{"@type":"ImageObject","inLanguage":"fr-FR","@id":"https:\/\/secure.gravatar.com\/avatar\/625e6ca9ffe4c986867da0049f4a8bab481c3379248f90cbf285f445b365f8bd?s=96&d=mm&r=g","url":"https:\/\/secure.gravatar.com\/avatar\/625e6ca9ffe4c986867da0049f4a8bab481c3379248f90cbf285f445b365f8bd?s=96&d=mm&r=g","contentUrl":"https:\/\/secure.gravatar.com\/avatar\/625e6ca9ffe4c986867da0049f4a8bab481c3379248f90cbf285f445b365f8bd?s=96&d=mm&r=g","caption":"PHONO Museum Paris"},"sameAs":["http:\/\/phonomuseum.fr","https:\/\/www.facebook.com\/didier.vincent.7","https:\/\/x.com\/@didier_vincent"],"url":"https:\/\/phonomuseum.fr\/author\/phono-museum-paris\/"}]}},"_links":{"self":[{"href":"https:\/\/phonomuseum.fr\/api\/wp\/v2\/posts\/4035","targetHints":{"allow":["GET"]}}],"collection":[{"href":"https:\/\/phonomuseum.fr\/api\/wp\/v2\/posts"}],"about":[{"href":"https:\/\/phonomuseum.fr\/api\/wp\/v2\/types\/post"}],"author":[{"embeddable":true,"href":"https:\/\/phonomuseum.fr\/api\/wp\/v2\/users\/2"}],"replies":[{"embeddable":true,"href":"https:\/\/phonomuseum.fr\/api\/wp\/v2\/comments?post=4035"}],"version-history":[{"count":6,"href":"https:\/\/phonomuseum.fr\/api\/wp\/v2\/posts\/4035\/revisions"}],"predecessor-version":[{"id":4478,"href":"https:\/\/phonomuseum.fr\/api\/wp\/v2\/posts\/4035\/revisions\/4478"}],"wp:featuredmedia":[{"embeddable":true,"href":"https:\/\/phonomuseum.fr\/api\/wp\/v2\/media\/4036"}],"wp:attachment":[{"href":"https:\/\/phonomuseum.fr\/api\/wp\/v2\/media?parent=4035"}],"wp:term":[{"taxonomy":"category","embeddable":true,"href":"https:\/\/phonomuseum.fr\/api\/wp\/v2\/categories?post=4035"},{"taxonomy":"post_tag","embeddable":true,"href":"https:\/\/phonomuseum.fr\/api\/wp\/v2\/tags?post=4035"}],"curies":[{"name":"wp","href":"https:\/\/api.w.org\/{rel}","templated":true}]}}