{"id":4021,"date":"2023-04-17T13:34:05","date_gmt":"2023-04-17T11:34:05","guid":{"rendered":"https:\/\/phonomuseum.fr\/?p=4021"},"modified":"2024-06-01T13:32:44","modified_gmt":"2024-06-01T11:32:44","slug":"en-souvenir-de-claude-vega","status":"publish","type":"post","link":"https:\/\/phonomuseum.fr\/en-souvenir-de-claude-vega\/","title":{"rendered":"En souvenir de Claude V\u00e9ga"},"content":{"rendered":"<h6><a href=\"https:\/\/phonomuseum.fr\/storage\/2023\/04\/mail.ovh_.png\"><img loading=\"lazy\" decoding=\"async\" class=\"aligncenter size-full wp-image-4023\" src=\"https:\/\/phonomuseum.fr\/storage\/2023\/04\/mail.ovh_.png\" alt=\"\" width=\"240\" height=\"159\" \/><\/a><\/h6>\n<h6 style=\"text-align: center;\"><em>Claude Vega au PHONO Museum Paris en 2019 avec au centre Delphine B\u00fcrkli, Maire du 9\u00e8me arrondissement de Paris.<\/em><\/h6>\n<p class=\"v1MsoNormal\" style=\"text-align: justify;\">Le 11 avril 2023, une plaque comm\u00e9morative en hommage \u00e0 Claude V\u00e9ga a \u00e9t\u00e9 inaugur\u00e9e au 42 rue des Martyrs dans le 9\u00e8me arrondissement de Paris. Au cours de cette c\u00e9r\u00e9monie, des mots ont \u00e9t\u00e9 prononc\u00e9s par ses proches, en souvenir de l&rsquo;humoriste d\u00e9c\u00e9d\u00e9, et un enregistrement sonore d&rsquo;une de ses imitations a \u00e9t\u00e9 diffus\u00e9 avant que la plaque ne soit d\u00e9voil\u00e9e par lMme la Maire Delphine B\u00fcrkli. Cette plaque comm\u00e9morative, install\u00e9e l\u00e0 o\u00f9 il a grandi, perp\u00e9tue sa m\u00e9moire et rend hommage \u00e0 son art.<\/p>\n<p class=\"v1MsoNormal\" style=\"text-align: justify;\"><a href=\"https:\/\/mairie09.paris.fr\/pages\/claude-vega-un-comedien-a-la-voix-d-or-a-partir-du-3-avril-23526\" target=\"_blank\" rel=\"noopener\">Une exposition retra\u00e7ant la vie de Claude V\u00e9ga<\/a> est organis\u00e9e du 3 avril au 3 mai, \u00e0 la mairie du 9<sup>\u00e8me <\/sup>arrondissement de Paris, \u00e0 l&rsquo;occasion du premier anniversaire de sa disparition.<\/p>\n<p class=\"v1MsoNormal\"><strong><span style=\"color: #ff6600;\">Qui \u00e9tait Claude V\u00e9ga ?<\/span><\/strong><\/p>\n<p class=\"v1MsoNormal\" style=\"text-align: justify;\">Claude V\u00e9ga, n\u00e9 en 1930 \u00e0 Paris, a consacr\u00e9 sa vie \u00e0 l&rsquo;imitation, \u00e0 la com\u00e9die et \u00e0 l&rsquo;humour. D\u00e8s les ann\u00e9es 1950, il a marqu\u00e9 son \u00e9poque avec des imitations dr\u00f4les, os\u00e9es mais toujours bienveillantes. Il a \u00e9t\u00e9 le premier homme \u00e0 incarner sur sc\u00e8ne des c\u00e9l\u00e9brit\u00e9s f\u00e9minines. \u00ab\u00a0<em>Il me suffit de penser pour me transformer en elles<\/em>\u00ab\u00a0, disait-il. Ses imitations, remarquables pour leur ressemblance bluffante avec les artistes imit\u00e9s, ont subjugu\u00e9 et fait rire beaucoup de gens. Claude V\u00e9ga s&rsquo;est \u00e9galement produit \u00e0 de nombreuses reprises \u00e0 Bobino et a assur\u00e9 les premi\u00e8res parties de plusieurs chanteurs. Passionn\u00e9 par l&rsquo;art dans son ensemble, le dessin faisait \u00e9galement partie de ses activit\u00e9s et il a r\u00e9guli\u00e8rement publi\u00e9 des almanachs de dessins. Son ind\u00e9niable talent a fait de lui un artiste embl\u00e9matique dans ses domaines, connaissant un immense succ\u00e8s. D\u00e9c\u00e9d\u00e9 le 11 avril 2022 \u00e0 l&rsquo;\u00e2ge de 91 ans, Claude V\u00e9ga est profond\u00e9ment regrett\u00e9 par ses proches et la communaut\u00e9 qui l&rsquo;admirait.<\/p>\n<p class=\"v1MsoNormal\" style=\"text-align: justify;\">Le PHONO Museum Paris se souvient avec joie et sourire d&rsquo;avoir re\u00e7u Claude V\u00e9ga en mars 2019 au mus\u00e9e pour un moment de partage et de d\u00e9dicaces de ses livres de dessin, de son CD et de son DVD.<\/p>\n<p style=\"text-align: left;\"><a href=\"https:\/\/phonomuseum.fr\/storage\/2023\/04\/photo_claude_vega_3.png\"><img loading=\"lazy\" decoding=\"async\" class=\"size-medium wp-image-4025 alignleft\" src=\"https:\/\/phonomuseum.fr\/storage\/2023\/04\/photo_claude_vega_3-205x300.png\" alt=\"\" width=\"205\" height=\"300\" srcset=\"https:\/\/phonomuseum.fr\/wp-content\/uploads\/2023\/04\/photo_claude_vega_3-205x300.png 205w, https:\/\/phonomuseum.fr\/wp-content\/uploads\/2023\/04\/photo_claude_vega_3.png 279w\" sizes=\"auto, (max-width: 205px) 100vw, 205px\" \/><\/a><\/p>\n<p>&nbsp;<\/p>\n<p><a href=\"https:\/\/phonomuseum.fr\/storage\/2023\/04\/mail.ovh-1.png\"><img loading=\"lazy\" decoding=\"async\" class=\"size-full wp-image-4026 alignleft\" src=\"https:\/\/phonomuseum.fr\/storage\/2023\/04\/mail.ovh-1.png\" alt=\"\" width=\"170\" height=\"239\" \/><\/a><\/p>\n<p>Venez en d\u00e9couvrir plus sur ce com\u00e9dien \u00e0 la voix d&rsquo;or qui a marqu\u00e9 plusieurs g\u00e9n\u00e9rations \u00e0 la mairie du 9\u00e8me, 6 rue Drouot \u2013 75009 Paris pour une exposition sur son histoire !<\/p>\n<p>&nbsp;<\/p>\n<p>&nbsp;<\/p>\n<p>&nbsp;<\/p>\n<p><a href=\"https:\/\/phonomuseum.fr\/storage\/2023\/04\/mail.ovh-3.png\"><img loading=\"lazy\" decoding=\"async\" class=\"size-full wp-image-4030 aligncenter\" src=\"https:\/\/phonomuseum.fr\/storage\/2023\/04\/mail.ovh-3.png\" alt=\"\" width=\"165\" height=\"240\" \/><\/a><a href=\"https:\/\/phonomuseum.fr\/storage\/2023\/04\/mail.ovh-2.png\"><img loading=\"lazy\" decoding=\"async\" class=\"size-full wp-image-4029 aligncenter\" src=\"https:\/\/phonomuseum.fr\/storage\/2023\/04\/mail.ovh-2.png\" alt=\"\" width=\"161\" height=\"240\" \/><\/a><\/p>\n","protected":false},"excerpt":{"rendered":"<p>Claude Vega au PHONO Museum Paris en 2019 avec au centre Delphine B\u00fcrkli, Maire du 9\u00e8me arrondissement de Paris. Le 11 avril 2023, une plaque comm\u00e9morative en hommage \u00e0 Claude V\u00e9ga a \u00e9t\u00e9 inaugur\u00e9e au 42 rue des Martyrs dans le 9\u00e8me arrondissement de Paris. Au cours de cette c\u00e9r\u00e9monie, des mots ont \u00e9t\u00e9 prononc\u00e9s [&hellip;]<\/p>\n","protected":false},"author":2,"featured_media":4023,"comment_status":"open","ping_status":"closed","sticky":false,"template":"","format":"standard","meta":{"footnotes":""},"categories":[14],"tags":[],"class_list":["post-4021","post","type-post","status-publish","format-standard","has-post-thumbnail","hentry","category-blog"],"yoast_head":"<!-- This site is optimized with the Yoast SEO plugin v27.5 - https:\/\/yoast.com\/product\/yoast-seo-wordpress\/ -->\n<title>En souvenir de Claude V\u00e9ga - PHONO Museum Paris<\/title>\n<meta name=\"robots\" content=\"index, follow, max-snippet:-1, max-image-preview:large, max-video-preview:-1\" \/>\n<link rel=\"canonical\" href=\"https:\/\/phonomuseum.fr\/en-souvenir-de-claude-vega\/\" \/>\n<meta property=\"og:locale\" content=\"fr_FR\" \/>\n<meta property=\"og:type\" content=\"article\" \/>\n<meta property=\"og:title\" content=\"En souvenir de Claude V\u00e9ga - PHONO Museum Paris\" \/>\n<meta property=\"og:description\" content=\"Claude Vega au PHONO Museum Paris en 2019 avec au centre Delphine B\u00fcrkli, Maire du 9\u00e8me arrondissement de Paris. Le 11 avril 2023, une plaque comm\u00e9morative en hommage \u00e0 Claude V\u00e9ga a \u00e9t\u00e9 inaugur\u00e9e au 42 rue des Martyrs dans le 9\u00e8me arrondissement de Paris. Au cours de cette c\u00e9r\u00e9monie, des mots ont \u00e9t\u00e9 prononc\u00e9s [&hellip;]\" \/>\n<meta property=\"og:url\" content=\"https:\/\/phonomuseum.fr\/en-souvenir-de-claude-vega\/\" \/>\n<meta property=\"og:site_name\" content=\"PHONO Museum Paris\" \/>\n<meta property=\"article:author\" content=\"https:\/\/www.facebook.com\/didier.vincent.7\" \/>\n<meta property=\"article:published_time\" content=\"2023-04-17T11:34:05+00:00\" \/>\n<meta property=\"article:modified_time\" content=\"2024-06-01T11:32:44+00:00\" \/>\n<meta property=\"og:image\" content=\"https:\/\/phonomuseum.fr\/wp-content\/uploads\/2023\/04\/mail.ovh_.png\" \/>\n\t<meta property=\"og:image:width\" content=\"240\" \/>\n\t<meta property=\"og:image:height\" content=\"159\" \/>\n\t<meta property=\"og:image:type\" content=\"image\/png\" \/>\n<meta name=\"author\" content=\"PHONO Museum Paris\" \/>\n<meta name=\"twitter:card\" content=\"summary_large_image\" \/>\n<meta name=\"twitter:creator\" content=\"@didier_vincent\" \/>\n<meta name=\"twitter:label1\" content=\"\u00c9crit par\" \/>\n\t<meta name=\"twitter:data1\" content=\"PHONO Museum Paris\" \/>\n\t<meta name=\"twitter:label2\" content=\"Dur\u00e9e de lecture estim\u00e9e\" \/>\n\t<meta name=\"twitter:data2\" content=\"3 minutes\" \/>\n<script type=\"application\/ld+json\" class=\"yoast-schema-graph\">{\"@context\":\"https:\\\/\\\/schema.org\",\"@graph\":[{\"@type\":\"Article\",\"@id\":\"https:\\\/\\\/phonomuseum.fr\\\/en-souvenir-de-claude-vega\\\/#article\",\"isPartOf\":{\"@id\":\"https:\\\/\\\/phonomuseum.fr\\\/en-souvenir-de-claude-vega\\\/\"},\"author\":{\"name\":\"PHONO Museum Paris\",\"@id\":\"https:\\\/\\\/phonomuseum.fr\\\/#\\\/schema\\\/person\\\/ccddc2cc569da3acc4b8312f4ff2b0b7\"},\"headline\":\"En souvenir de Claude V\u00e9ga\",\"datePublished\":\"2023-04-17T11:34:05+00:00\",\"dateModified\":\"2024-06-01T11:32:44+00:00\",\"mainEntityOfPage\":{\"@id\":\"https:\\\/\\\/phonomuseum.fr\\\/en-souvenir-de-claude-vega\\\/\"},\"wordCount\":419,\"commentCount\":0,\"image\":{\"@id\":\"https:\\\/\\\/phonomuseum.fr\\\/en-souvenir-de-claude-vega\\\/#primaryimage\"},\"thumbnailUrl\":\"https:\\\/\\\/phonomuseum.fr\\\/wp-content\\\/uploads\\\/2023\\\/04\\\/mail.ovh_.png\",\"articleSection\":[\"BLOG\"],\"inLanguage\":\"fr-FR\",\"potentialAction\":[{\"@type\":\"CommentAction\",\"name\":\"Comment\",\"target\":[\"https:\\\/\\\/phonomuseum.fr\\\/en-souvenir-de-claude-vega\\\/#respond\"]}]},{\"@type\":\"WebPage\",\"@id\":\"https:\\\/\\\/phonomuseum.fr\\\/en-souvenir-de-claude-vega\\\/\",\"url\":\"https:\\\/\\\/phonomuseum.fr\\\/en-souvenir-de-claude-vega\\\/\",\"name\":\"En souvenir de Claude V\u00e9ga - PHONO Museum Paris\",\"isPartOf\":{\"@id\":\"https:\\\/\\\/phonomuseum.fr\\\/#website\"},\"primaryImageOfPage\":{\"@id\":\"https:\\\/\\\/phonomuseum.fr\\\/en-souvenir-de-claude-vega\\\/#primaryimage\"},\"image\":{\"@id\":\"https:\\\/\\\/phonomuseum.fr\\\/en-souvenir-de-claude-vega\\\/#primaryimage\"},\"thumbnailUrl\":\"https:\\\/\\\/phonomuseum.fr\\\/wp-content\\\/uploads\\\/2023\\\/04\\\/mail.ovh_.png\",\"datePublished\":\"2023-04-17T11:34:05+00:00\",\"dateModified\":\"2024-06-01T11:32:44+00:00\",\"author\":{\"@id\":\"https:\\\/\\\/phonomuseum.fr\\\/#\\\/schema\\\/person\\\/ccddc2cc569da3acc4b8312f4ff2b0b7\"},\"breadcrumb\":{\"@id\":\"https:\\\/\\\/phonomuseum.fr\\\/en-souvenir-de-claude-vega\\\/#breadcrumb\"},\"inLanguage\":\"fr-FR\",\"potentialAction\":[{\"@type\":\"ReadAction\",\"target\":[\"https:\\\/\\\/phonomuseum.fr\\\/en-souvenir-de-claude-vega\\\/\"]}]},{\"@type\":\"ImageObject\",\"inLanguage\":\"fr-FR\",\"@id\":\"https:\\\/\\\/phonomuseum.fr\\\/en-souvenir-de-claude-vega\\\/#primaryimage\",\"url\":\"https:\\\/\\\/phonomuseum.fr\\\/wp-content\\\/uploads\\\/2023\\\/04\\\/mail.ovh_.png\",\"contentUrl\":\"https:\\\/\\\/phonomuseum.fr\\\/wp-content\\\/uploads\\\/2023\\\/04\\\/mail.ovh_.png\",\"width\":240,\"height\":159},{\"@type\":\"BreadcrumbList\",\"@id\":\"https:\\\/\\\/phonomuseum.fr\\\/en-souvenir-de-claude-vega\\\/#breadcrumb\",\"itemListElement\":[{\"@type\":\"ListItem\",\"position\":1,\"name\":\"Accueil\",\"item\":\"https:\\\/\\\/phonomuseum.fr\\\/accueil\\\/\"},{\"@type\":\"ListItem\",\"position\":2,\"name\":\"En souvenir de Claude Vega\"}]},{\"@type\":\"WebSite\",\"@id\":\"https:\\\/\\\/phonomuseum.fr\\\/#website\",\"url\":\"https:\\\/\\\/phonomuseum.fr\\\/\",\"name\":\"PHONO Museum Paris\",\"description\":\"la grande aventure du son enregistr\u00e9 - L&#039;histoire sonore de 1857 \u00e0 nos jours\",\"potentialAction\":[{\"@type\":\"SearchAction\",\"target\":{\"@type\":\"EntryPoint\",\"urlTemplate\":\"https:\\\/\\\/phonomuseum.fr\\\/?s={search_term_string}\"},\"query-input\":{\"@type\":\"PropertyValueSpecification\",\"valueRequired\":true,\"valueName\":\"search_term_string\"}}],\"inLanguage\":\"fr-FR\"},{\"@type\":\"Person\",\"@id\":\"https:\\\/\\\/phonomuseum.fr\\\/#\\\/schema\\\/person\\\/ccddc2cc569da3acc4b8312f4ff2b0b7\",\"name\":\"PHONO Museum Paris\",\"image\":{\"@type\":\"ImageObject\",\"inLanguage\":\"fr-FR\",\"@id\":\"https:\\\/\\\/secure.gravatar.com\\\/avatar\\\/625e6ca9ffe4c986867da0049f4a8bab481c3379248f90cbf285f445b365f8bd?s=96&d=mm&r=g\",\"url\":\"https:\\\/\\\/secure.gravatar.com\\\/avatar\\\/625e6ca9ffe4c986867da0049f4a8bab481c3379248f90cbf285f445b365f8bd?s=96&d=mm&r=g\",\"contentUrl\":\"https:\\\/\\\/secure.gravatar.com\\\/avatar\\\/625e6ca9ffe4c986867da0049f4a8bab481c3379248f90cbf285f445b365f8bd?s=96&d=mm&r=g\",\"caption\":\"PHONO Museum Paris\"},\"sameAs\":[\"http:\\\/\\\/phonomuseum.fr\",\"https:\\\/\\\/www.facebook.com\\\/didier.vincent.7\",\"https:\\\/\\\/x.com\\\/@didier_vincent\"],\"url\":\"https:\\\/\\\/phonomuseum.fr\\\/author\\\/phono-museum-paris\\\/\"}]}<\/script>\n<!-- \/ Yoast SEO plugin. -->","yoast_head_json":{"title":"En souvenir de Claude V\u00e9ga - PHONO Museum Paris","robots":{"index":"index","follow":"follow","max-snippet":"max-snippet:-1","max-image-preview":"max-image-preview:large","max-video-preview":"max-video-preview:-1"},"canonical":"https:\/\/phonomuseum.fr\/en-souvenir-de-claude-vega\/","og_locale":"fr_FR","og_type":"article","og_title":"En souvenir de Claude V\u00e9ga - PHONO Museum Paris","og_description":"Claude Vega au PHONO Museum Paris en 2019 avec au centre Delphine B\u00fcrkli, Maire du 9\u00e8me arrondissement de Paris. Le 11 avril 2023, une plaque comm\u00e9morative en hommage \u00e0 Claude V\u00e9ga a \u00e9t\u00e9 inaugur\u00e9e au 42 rue des Martyrs dans le 9\u00e8me arrondissement de Paris. Au cours de cette c\u00e9r\u00e9monie, des mots ont \u00e9t\u00e9 prononc\u00e9s [&hellip;]","og_url":"https:\/\/phonomuseum.fr\/en-souvenir-de-claude-vega\/","og_site_name":"PHONO Museum Paris","article_author":"https:\/\/www.facebook.com\/didier.vincent.7","article_published_time":"2023-04-17T11:34:05+00:00","article_modified_time":"2024-06-01T11:32:44+00:00","og_image":[{"width":240,"height":159,"url":"https:\/\/phonomuseum.fr\/wp-content\/uploads\/2023\/04\/mail.ovh_.png","type":"image\/png"}],"author":"PHONO Museum Paris","twitter_card":"summary_large_image","twitter_creator":"@didier_vincent","twitter_misc":{"\u00c9crit par":"PHONO Museum Paris","Dur\u00e9e de lecture estim\u00e9e":"3 minutes"},"schema":{"@context":"https:\/\/schema.org","@graph":[{"@type":"Article","@id":"https:\/\/phonomuseum.fr\/en-souvenir-de-claude-vega\/#article","isPartOf":{"@id":"https:\/\/phonomuseum.fr\/en-souvenir-de-claude-vega\/"},"author":{"name":"PHONO Museum Paris","@id":"https:\/\/phonomuseum.fr\/#\/schema\/person\/ccddc2cc569da3acc4b8312f4ff2b0b7"},"headline":"En souvenir de Claude V\u00e9ga","datePublished":"2023-04-17T11:34:05+00:00","dateModified":"2024-06-01T11:32:44+00:00","mainEntityOfPage":{"@id":"https:\/\/phonomuseum.fr\/en-souvenir-de-claude-vega\/"},"wordCount":419,"commentCount":0,"image":{"@id":"https:\/\/phonomuseum.fr\/en-souvenir-de-claude-vega\/#primaryimage"},"thumbnailUrl":"https:\/\/phonomuseum.fr\/wp-content\/uploads\/2023\/04\/mail.ovh_.png","articleSection":["BLOG"],"inLanguage":"fr-FR","potentialAction":[{"@type":"CommentAction","name":"Comment","target":["https:\/\/phonomuseum.fr\/en-souvenir-de-claude-vega\/#respond"]}]},{"@type":"WebPage","@id":"https:\/\/phonomuseum.fr\/en-souvenir-de-claude-vega\/","url":"https:\/\/phonomuseum.fr\/en-souvenir-de-claude-vega\/","name":"En souvenir de Claude V\u00e9ga - PHONO Museum Paris","isPartOf":{"@id":"https:\/\/phonomuseum.fr\/#website"},"primaryImageOfPage":{"@id":"https:\/\/phonomuseum.fr\/en-souvenir-de-claude-vega\/#primaryimage"},"image":{"@id":"https:\/\/phonomuseum.fr\/en-souvenir-de-claude-vega\/#primaryimage"},"thumbnailUrl":"https:\/\/phonomuseum.fr\/wp-content\/uploads\/2023\/04\/mail.ovh_.png","datePublished":"2023-04-17T11:34:05+00:00","dateModified":"2024-06-01T11:32:44+00:00","author":{"@id":"https:\/\/phonomuseum.fr\/#\/schema\/person\/ccddc2cc569da3acc4b8312f4ff2b0b7"},"breadcrumb":{"@id":"https:\/\/phonomuseum.fr\/en-souvenir-de-claude-vega\/#breadcrumb"},"inLanguage":"fr-FR","potentialAction":[{"@type":"ReadAction","target":["https:\/\/phonomuseum.fr\/en-souvenir-de-claude-vega\/"]}]},{"@type":"ImageObject","inLanguage":"fr-FR","@id":"https:\/\/phonomuseum.fr\/en-souvenir-de-claude-vega\/#primaryimage","url":"https:\/\/phonomuseum.fr\/wp-content\/uploads\/2023\/04\/mail.ovh_.png","contentUrl":"https:\/\/phonomuseum.fr\/wp-content\/uploads\/2023\/04\/mail.ovh_.png","width":240,"height":159},{"@type":"BreadcrumbList","@id":"https:\/\/phonomuseum.fr\/en-souvenir-de-claude-vega\/#breadcrumb","itemListElement":[{"@type":"ListItem","position":1,"name":"Accueil","item":"https:\/\/phonomuseum.fr\/accueil\/"},{"@type":"ListItem","position":2,"name":"En souvenir de Claude Vega"}]},{"@type":"WebSite","@id":"https:\/\/phonomuseum.fr\/#website","url":"https:\/\/phonomuseum.fr\/","name":"PHONO Museum Paris","description":"la grande aventure du son enregistr\u00e9 - L&#039;histoire sonore de 1857 \u00e0 nos jours","potentialAction":[{"@type":"SearchAction","target":{"@type":"EntryPoint","urlTemplate":"https:\/\/phonomuseum.fr\/?s={search_term_string}"},"query-input":{"@type":"PropertyValueSpecification","valueRequired":true,"valueName":"search_term_string"}}],"inLanguage":"fr-FR"},{"@type":"Person","@id":"https:\/\/phonomuseum.fr\/#\/schema\/person\/ccddc2cc569da3acc4b8312f4ff2b0b7","name":"PHONO Museum Paris","image":{"@type":"ImageObject","inLanguage":"fr-FR","@id":"https:\/\/secure.gravatar.com\/avatar\/625e6ca9ffe4c986867da0049f4a8bab481c3379248f90cbf285f445b365f8bd?s=96&d=mm&r=g","url":"https:\/\/secure.gravatar.com\/avatar\/625e6ca9ffe4c986867da0049f4a8bab481c3379248f90cbf285f445b365f8bd?s=96&d=mm&r=g","contentUrl":"https:\/\/secure.gravatar.com\/avatar\/625e6ca9ffe4c986867da0049f4a8bab481c3379248f90cbf285f445b365f8bd?s=96&d=mm&r=g","caption":"PHONO Museum Paris"},"sameAs":["http:\/\/phonomuseum.fr","https:\/\/www.facebook.com\/didier.vincent.7","https:\/\/x.com\/@didier_vincent"],"url":"https:\/\/phonomuseum.fr\/author\/phono-museum-paris\/"}]}},"_links":{"self":[{"href":"https:\/\/phonomuseum.fr\/api\/wp\/v2\/posts\/4021","targetHints":{"allow":["GET"]}}],"collection":[{"href":"https:\/\/phonomuseum.fr\/api\/wp\/v2\/posts"}],"about":[{"href":"https:\/\/phonomuseum.fr\/api\/wp\/v2\/types\/post"}],"author":[{"embeddable":true,"href":"https:\/\/phonomuseum.fr\/api\/wp\/v2\/users\/2"}],"replies":[{"embeddable":true,"href":"https:\/\/phonomuseum.fr\/api\/wp\/v2\/comments?post=4021"}],"version-history":[{"count":8,"href":"https:\/\/phonomuseum.fr\/api\/wp\/v2\/posts\/4021\/revisions"}],"predecessor-version":[{"id":4481,"href":"https:\/\/phonomuseum.fr\/api\/wp\/v2\/posts\/4021\/revisions\/4481"}],"wp:featuredmedia":[{"embeddable":true,"href":"https:\/\/phonomuseum.fr\/api\/wp\/v2\/media\/4023"}],"wp:attachment":[{"href":"https:\/\/phonomuseum.fr\/api\/wp\/v2\/media?parent=4021"}],"wp:term":[{"taxonomy":"category","embeddable":true,"href":"https:\/\/phonomuseum.fr\/api\/wp\/v2\/categories?post=4021"},{"taxonomy":"post_tag","embeddable":true,"href":"https:\/\/phonomuseum.fr\/api\/wp\/v2\/tags?post=4021"}],"curies":[{"name":"wp","href":"https:\/\/api.w.org\/{rel}","templated":true}]}}