{"id":3832,"date":"2022-10-28T15:24:00","date_gmt":"2022-10-28T13:24:00","guid":{"rendered":"https:\/\/phonomuseum.fr\/?p=3832"},"modified":"2022-11-01T13:48:55","modified_gmt":"2022-11-01T12:48:55","slug":"jazz-age-centenaire-1922","status":"publish","type":"post","link":"https:\/\/phonomuseum.fr\/jazz-age-centenaire-1922\/","title":{"rendered":"Jazz Age Centenaire 1922"},"content":{"rendered":"<p>C\u00e9l\u00e9bration au mus\u00e9e du hit-parade de 1922, <strong>lundi 12 d\u00e9cembre 2022 \u00e0 20h<\/strong>.<\/p>\n<p>Pour r\u00e9server,\u00a0<a href=\"https:\/\/www.helloasso.com\/associations\/phonoplanete\/evenements\/jazz-age-1922\" target=\"_blank\" rel=\"noopener\"><strong>c\u2019est ICI<\/strong><\/a><\/p>\n<p><a href=\"https:\/\/phonomuseum.fr\/storage\/2022\/10\/image00001-scaled.jpeg\"><img loading=\"lazy\" decoding=\"async\" class=\"aligncenter wp-image-3833\" src=\"https:\/\/phonomuseum.fr\/storage\/2022\/10\/image00001-237x300.jpeg\" alt=\"\" width=\"377\" height=\"477\" srcset=\"https:\/\/phonomuseum.fr\/wp-content\/uploads\/2022\/10\/image00001-237x300.jpeg 237w, https:\/\/phonomuseum.fr\/wp-content\/uploads\/2022\/10\/image00001-815x1030.jpeg 815w, https:\/\/phonomuseum.fr\/wp-content\/uploads\/2022\/10\/image00001-768x971.jpeg 768w, https:\/\/phonomuseum.fr\/wp-content\/uploads\/2022\/10\/image00001-600x759.jpeg 600w, https:\/\/phonomuseum.fr\/wp-content\/uploads\/2022\/10\/image00001-1215x1536.jpeg 1215w, https:\/\/phonomuseum.fr\/wp-content\/uploads\/2022\/10\/image00001-1620x2048.jpeg 1620w, https:\/\/phonomuseum.fr\/wp-content\/uploads\/2022\/10\/image00001-1186x1500.jpeg 1186w, https:\/\/phonomuseum.fr\/wp-content\/uploads\/2022\/10\/image00001-558x705.jpeg 558w, https:\/\/phonomuseum.fr\/wp-content\/uploads\/2022\/10\/image00001-1320x1669.jpeg 1320w, https:\/\/phonomuseum.fr\/wp-content\/uploads\/2022\/10\/image00001-scaled.jpeg 2025w\" sizes=\"auto, (max-width: 377px) 100vw, 377px\" \/><\/a><\/p>\n<p>&nbsp;<\/p>\n<p><a href=\"https:\/\/phonomuseum.fr\/storage\/2022\/10\/image00788.jpeg\"><img loading=\"lazy\" decoding=\"async\" class=\"aligncenter wp-image-3835\" src=\"https:\/\/phonomuseum.fr\/storage\/2022\/10\/image00788-300x237.jpeg\" alt=\"\" width=\"379\" height=\"299\" srcset=\"https:\/\/phonomuseum.fr\/wp-content\/uploads\/2022\/10\/image00788-300x237.jpeg 300w, https:\/\/phonomuseum.fr\/wp-content\/uploads\/2022\/10\/image00788-600x474.jpeg 600w, https:\/\/phonomuseum.fr\/wp-content\/uploads\/2022\/10\/image00788-705x557.jpeg 705w, https:\/\/phonomuseum.fr\/wp-content\/uploads\/2022\/10\/image00788.jpeg 750w\" sizes=\"auto, (max-width: 379px) 100vw, 379px\" \/><\/a><\/p>\n","protected":false},"excerpt":{"rendered":"<p>C\u00e9l\u00e9bration au mus\u00e9e du hit-parade de 1922, lundi 12 d\u00e9cembre 2022 \u00e0 20h. Pour r\u00e9server,\u00a0c\u2019est ICI &nbsp;<\/p>\n","protected":false},"author":2,"featured_media":3835,"comment_status":"open","ping_status":"closed","sticky":false,"template":"","format":"standard","meta":{"footnotes":""},"categories":[14,46],"tags":[],"class_list":["post-3832","post","type-post","status-publish","format-standard","has-post-thumbnail","hentry","category-blog","category-concerts-2022"],"yoast_head":"<!-- This site is optimized with the Yoast SEO plugin v27.5 - https:\/\/yoast.com\/product\/yoast-seo-wordpress\/ -->\n<title>Jazz Age Centenaire 1922 - PHONO Museum Paris<\/title>\n<meta name=\"robots\" content=\"index, follow, max-snippet:-1, max-image-preview:large, max-video-preview:-1\" \/>\n<link rel=\"canonical\" href=\"https:\/\/phonomuseum.fr\/jazz-age-centenaire-1922\/\" \/>\n<meta property=\"og:locale\" content=\"fr_FR\" \/>\n<meta property=\"og:type\" content=\"article\" \/>\n<meta property=\"og:title\" content=\"Jazz Age Centenaire 1922 - PHONO Museum Paris\" \/>\n<meta property=\"og:description\" content=\"C\u00e9l\u00e9bration au mus\u00e9e du hit-parade de 1922, lundi 12 d\u00e9cembre 2022 \u00e0 20h. Pour r\u00e9server,\u00a0c\u2019est ICI &nbsp;\" \/>\n<meta property=\"og:url\" content=\"https:\/\/phonomuseum.fr\/jazz-age-centenaire-1922\/\" \/>\n<meta property=\"og:site_name\" content=\"PHONO Museum Paris\" \/>\n<meta property=\"article:author\" content=\"https:\/\/www.facebook.com\/didier.vincent.7\" \/>\n<meta property=\"article:published_time\" content=\"2022-10-28T13:24:00+00:00\" \/>\n<meta property=\"article:modified_time\" content=\"2022-11-01T12:48:55+00:00\" \/>\n<meta property=\"og:image\" content=\"https:\/\/phonomuseum.fr\/wp-content\/uploads\/2022\/10\/image00788.jpeg\" \/>\n\t<meta property=\"og:image:width\" content=\"750\" \/>\n\t<meta property=\"og:image:height\" content=\"593\" \/>\n\t<meta property=\"og:image:type\" content=\"image\/jpeg\" \/>\n<meta name=\"author\" content=\"PHONO Museum Paris\" \/>\n<meta name=\"twitter:card\" content=\"summary_large_image\" \/>\n<meta name=\"twitter:creator\" content=\"@didier_vincent\" \/>\n<meta name=\"twitter:label1\" content=\"\u00c9crit par\" \/>\n\t<meta name=\"twitter:data1\" content=\"PHONO Museum Paris\" \/>\n\t<meta name=\"twitter:label2\" content=\"Dur\u00e9e de lecture estim\u00e9e\" \/>\n\t<meta name=\"twitter:data2\" content=\"1 minute\" \/>\n<script type=\"application\/ld+json\" class=\"yoast-schema-graph\">{\"@context\":\"https:\\\/\\\/schema.org\",\"@graph\":[{\"@type\":\"Article\",\"@id\":\"https:\\\/\\\/phonomuseum.fr\\\/jazz-age-centenaire-1922\\\/#article\",\"isPartOf\":{\"@id\":\"https:\\\/\\\/phonomuseum.fr\\\/jazz-age-centenaire-1922\\\/\"},\"author\":{\"name\":\"PHONO Museum Paris\",\"@id\":\"https:\\\/\\\/phonomuseum.fr\\\/#\\\/schema\\\/person\\\/ccddc2cc569da3acc4b8312f4ff2b0b7\"},\"headline\":\"Jazz Age Centenaire 1922\",\"datePublished\":\"2022-10-28T13:24:00+00:00\",\"dateModified\":\"2022-11-01T12:48:55+00:00\",\"mainEntityOfPage\":{\"@id\":\"https:\\\/\\\/phonomuseum.fr\\\/jazz-age-centenaire-1922\\\/\"},\"wordCount\":23,\"commentCount\":0,\"image\":{\"@id\":\"https:\\\/\\\/phonomuseum.fr\\\/jazz-age-centenaire-1922\\\/#primaryimage\"},\"thumbnailUrl\":\"https:\\\/\\\/phonomuseum.fr\\\/wp-content\\\/uploads\\\/2022\\\/10\\\/image00788.jpeg\",\"articleSection\":[\"BLOG\",\"Concerts 2022\"],\"inLanguage\":\"fr-FR\",\"potentialAction\":[{\"@type\":\"CommentAction\",\"name\":\"Comment\",\"target\":[\"https:\\\/\\\/phonomuseum.fr\\\/jazz-age-centenaire-1922\\\/#respond\"]}]},{\"@type\":\"WebPage\",\"@id\":\"https:\\\/\\\/phonomuseum.fr\\\/jazz-age-centenaire-1922\\\/\",\"url\":\"https:\\\/\\\/phonomuseum.fr\\\/jazz-age-centenaire-1922\\\/\",\"name\":\"Jazz Age Centenaire 1922 - PHONO Museum Paris\",\"isPartOf\":{\"@id\":\"https:\\\/\\\/phonomuseum.fr\\\/#website\"},\"primaryImageOfPage\":{\"@id\":\"https:\\\/\\\/phonomuseum.fr\\\/jazz-age-centenaire-1922\\\/#primaryimage\"},\"image\":{\"@id\":\"https:\\\/\\\/phonomuseum.fr\\\/jazz-age-centenaire-1922\\\/#primaryimage\"},\"thumbnailUrl\":\"https:\\\/\\\/phonomuseum.fr\\\/wp-content\\\/uploads\\\/2022\\\/10\\\/image00788.jpeg\",\"datePublished\":\"2022-10-28T13:24:00+00:00\",\"dateModified\":\"2022-11-01T12:48:55+00:00\",\"author\":{\"@id\":\"https:\\\/\\\/phonomuseum.fr\\\/#\\\/schema\\\/person\\\/ccddc2cc569da3acc4b8312f4ff2b0b7\"},\"breadcrumb\":{\"@id\":\"https:\\\/\\\/phonomuseum.fr\\\/jazz-age-centenaire-1922\\\/#breadcrumb\"},\"inLanguage\":\"fr-FR\",\"potentialAction\":[{\"@type\":\"ReadAction\",\"target\":[\"https:\\\/\\\/phonomuseum.fr\\\/jazz-age-centenaire-1922\\\/\"]}]},{\"@type\":\"ImageObject\",\"inLanguage\":\"fr-FR\",\"@id\":\"https:\\\/\\\/phonomuseum.fr\\\/jazz-age-centenaire-1922\\\/#primaryimage\",\"url\":\"https:\\\/\\\/phonomuseum.fr\\\/wp-content\\\/uploads\\\/2022\\\/10\\\/image00788.jpeg\",\"contentUrl\":\"https:\\\/\\\/phonomuseum.fr\\\/wp-content\\\/uploads\\\/2022\\\/10\\\/image00788.jpeg\",\"width\":750,\"height\":593},{\"@type\":\"BreadcrumbList\",\"@id\":\"https:\\\/\\\/phonomuseum.fr\\\/jazz-age-centenaire-1922\\\/#breadcrumb\",\"itemListElement\":[{\"@type\":\"ListItem\",\"position\":1,\"name\":\"Accueil\",\"item\":\"https:\\\/\\\/phonomuseum.fr\\\/accueil\\\/\"},{\"@type\":\"ListItem\",\"position\":2,\"name\":\"Jazz Age Centenaire 1922\"}]},{\"@type\":\"WebSite\",\"@id\":\"https:\\\/\\\/phonomuseum.fr\\\/#website\",\"url\":\"https:\\\/\\\/phonomuseum.fr\\\/\",\"name\":\"PHONO Museum Paris\",\"description\":\"la grande aventure du son enregistr\u00e9 - L&#039;histoire sonore de 1857 \u00e0 nos jours\",\"potentialAction\":[{\"@type\":\"SearchAction\",\"target\":{\"@type\":\"EntryPoint\",\"urlTemplate\":\"https:\\\/\\\/phonomuseum.fr\\\/?s={search_term_string}\"},\"query-input\":{\"@type\":\"PropertyValueSpecification\",\"valueRequired\":true,\"valueName\":\"search_term_string\"}}],\"inLanguage\":\"fr-FR\"},{\"@type\":\"Person\",\"@id\":\"https:\\\/\\\/phonomuseum.fr\\\/#\\\/schema\\\/person\\\/ccddc2cc569da3acc4b8312f4ff2b0b7\",\"name\":\"PHONO Museum Paris\",\"image\":{\"@type\":\"ImageObject\",\"inLanguage\":\"fr-FR\",\"@id\":\"https:\\\/\\\/secure.gravatar.com\\\/avatar\\\/625e6ca9ffe4c986867da0049f4a8bab481c3379248f90cbf285f445b365f8bd?s=96&d=mm&r=g\",\"url\":\"https:\\\/\\\/secure.gravatar.com\\\/avatar\\\/625e6ca9ffe4c986867da0049f4a8bab481c3379248f90cbf285f445b365f8bd?s=96&d=mm&r=g\",\"contentUrl\":\"https:\\\/\\\/secure.gravatar.com\\\/avatar\\\/625e6ca9ffe4c986867da0049f4a8bab481c3379248f90cbf285f445b365f8bd?s=96&d=mm&r=g\",\"caption\":\"PHONO Museum Paris\"},\"sameAs\":[\"http:\\\/\\\/phonomuseum.fr\",\"https:\\\/\\\/www.facebook.com\\\/didier.vincent.7\",\"https:\\\/\\\/x.com\\\/@didier_vincent\"],\"url\":\"https:\\\/\\\/phonomuseum.fr\\\/author\\\/phono-museum-paris\\\/\"}]}<\/script>\n<!-- \/ Yoast SEO plugin. -->","yoast_head_json":{"title":"Jazz Age Centenaire 1922 - PHONO Museum Paris","robots":{"index":"index","follow":"follow","max-snippet":"max-snippet:-1","max-image-preview":"max-image-preview:large","max-video-preview":"max-video-preview:-1"},"canonical":"https:\/\/phonomuseum.fr\/jazz-age-centenaire-1922\/","og_locale":"fr_FR","og_type":"article","og_title":"Jazz Age Centenaire 1922 - PHONO Museum Paris","og_description":"C\u00e9l\u00e9bration au mus\u00e9e du hit-parade de 1922, lundi 12 d\u00e9cembre 2022 \u00e0 20h. Pour r\u00e9server,\u00a0c\u2019est ICI &nbsp;","og_url":"https:\/\/phonomuseum.fr\/jazz-age-centenaire-1922\/","og_site_name":"PHONO Museum Paris","article_author":"https:\/\/www.facebook.com\/didier.vincent.7","article_published_time":"2022-10-28T13:24:00+00:00","article_modified_time":"2022-11-01T12:48:55+00:00","og_image":[{"width":750,"height":593,"url":"https:\/\/phonomuseum.fr\/wp-content\/uploads\/2022\/10\/image00788.jpeg","type":"image\/jpeg"}],"author":"PHONO Museum Paris","twitter_card":"summary_large_image","twitter_creator":"@didier_vincent","twitter_misc":{"\u00c9crit par":"PHONO Museum Paris","Dur\u00e9e de lecture estim\u00e9e":"1 minute"},"schema":{"@context":"https:\/\/schema.org","@graph":[{"@type":"Article","@id":"https:\/\/phonomuseum.fr\/jazz-age-centenaire-1922\/#article","isPartOf":{"@id":"https:\/\/phonomuseum.fr\/jazz-age-centenaire-1922\/"},"author":{"name":"PHONO Museum Paris","@id":"https:\/\/phonomuseum.fr\/#\/schema\/person\/ccddc2cc569da3acc4b8312f4ff2b0b7"},"headline":"Jazz Age Centenaire 1922","datePublished":"2022-10-28T13:24:00+00:00","dateModified":"2022-11-01T12:48:55+00:00","mainEntityOfPage":{"@id":"https:\/\/phonomuseum.fr\/jazz-age-centenaire-1922\/"},"wordCount":23,"commentCount":0,"image":{"@id":"https:\/\/phonomuseum.fr\/jazz-age-centenaire-1922\/#primaryimage"},"thumbnailUrl":"https:\/\/phonomuseum.fr\/wp-content\/uploads\/2022\/10\/image00788.jpeg","articleSection":["BLOG","Concerts 2022"],"inLanguage":"fr-FR","potentialAction":[{"@type":"CommentAction","name":"Comment","target":["https:\/\/phonomuseum.fr\/jazz-age-centenaire-1922\/#respond"]}]},{"@type":"WebPage","@id":"https:\/\/phonomuseum.fr\/jazz-age-centenaire-1922\/","url":"https:\/\/phonomuseum.fr\/jazz-age-centenaire-1922\/","name":"Jazz Age Centenaire 1922 - PHONO Museum Paris","isPartOf":{"@id":"https:\/\/phonomuseum.fr\/#website"},"primaryImageOfPage":{"@id":"https:\/\/phonomuseum.fr\/jazz-age-centenaire-1922\/#primaryimage"},"image":{"@id":"https:\/\/phonomuseum.fr\/jazz-age-centenaire-1922\/#primaryimage"},"thumbnailUrl":"https:\/\/phonomuseum.fr\/wp-content\/uploads\/2022\/10\/image00788.jpeg","datePublished":"2022-10-28T13:24:00+00:00","dateModified":"2022-11-01T12:48:55+00:00","author":{"@id":"https:\/\/phonomuseum.fr\/#\/schema\/person\/ccddc2cc569da3acc4b8312f4ff2b0b7"},"breadcrumb":{"@id":"https:\/\/phonomuseum.fr\/jazz-age-centenaire-1922\/#breadcrumb"},"inLanguage":"fr-FR","potentialAction":[{"@type":"ReadAction","target":["https:\/\/phonomuseum.fr\/jazz-age-centenaire-1922\/"]}]},{"@type":"ImageObject","inLanguage":"fr-FR","@id":"https:\/\/phonomuseum.fr\/jazz-age-centenaire-1922\/#primaryimage","url":"https:\/\/phonomuseum.fr\/wp-content\/uploads\/2022\/10\/image00788.jpeg","contentUrl":"https:\/\/phonomuseum.fr\/wp-content\/uploads\/2022\/10\/image00788.jpeg","width":750,"height":593},{"@type":"BreadcrumbList","@id":"https:\/\/phonomuseum.fr\/jazz-age-centenaire-1922\/#breadcrumb","itemListElement":[{"@type":"ListItem","position":1,"name":"Accueil","item":"https:\/\/phonomuseum.fr\/accueil\/"},{"@type":"ListItem","position":2,"name":"Jazz Age Centenaire 1922"}]},{"@type":"WebSite","@id":"https:\/\/phonomuseum.fr\/#website","url":"https:\/\/phonomuseum.fr\/","name":"PHONO Museum Paris","description":"la grande aventure du son enregistr\u00e9 - L&#039;histoire sonore de 1857 \u00e0 nos jours","potentialAction":[{"@type":"SearchAction","target":{"@type":"EntryPoint","urlTemplate":"https:\/\/phonomuseum.fr\/?s={search_term_string}"},"query-input":{"@type":"PropertyValueSpecification","valueRequired":true,"valueName":"search_term_string"}}],"inLanguage":"fr-FR"},{"@type":"Person","@id":"https:\/\/phonomuseum.fr\/#\/schema\/person\/ccddc2cc569da3acc4b8312f4ff2b0b7","name":"PHONO Museum Paris","image":{"@type":"ImageObject","inLanguage":"fr-FR","@id":"https:\/\/secure.gravatar.com\/avatar\/625e6ca9ffe4c986867da0049f4a8bab481c3379248f90cbf285f445b365f8bd?s=96&d=mm&r=g","url":"https:\/\/secure.gravatar.com\/avatar\/625e6ca9ffe4c986867da0049f4a8bab481c3379248f90cbf285f445b365f8bd?s=96&d=mm&r=g","contentUrl":"https:\/\/secure.gravatar.com\/avatar\/625e6ca9ffe4c986867da0049f4a8bab481c3379248f90cbf285f445b365f8bd?s=96&d=mm&r=g","caption":"PHONO Museum Paris"},"sameAs":["http:\/\/phonomuseum.fr","https:\/\/www.facebook.com\/didier.vincent.7","https:\/\/x.com\/@didier_vincent"],"url":"https:\/\/phonomuseum.fr\/author\/phono-museum-paris\/"}]}},"_links":{"self":[{"href":"https:\/\/phonomuseum.fr\/api\/wp\/v2\/posts\/3832","targetHints":{"allow":["GET"]}}],"collection":[{"href":"https:\/\/phonomuseum.fr\/api\/wp\/v2\/posts"}],"about":[{"href":"https:\/\/phonomuseum.fr\/api\/wp\/v2\/types\/post"}],"author":[{"embeddable":true,"href":"https:\/\/phonomuseum.fr\/api\/wp\/v2\/users\/2"}],"replies":[{"embeddable":true,"href":"https:\/\/phonomuseum.fr\/api\/wp\/v2\/comments?post=3832"}],"version-history":[{"count":3,"href":"https:\/\/phonomuseum.fr\/api\/wp\/v2\/posts\/3832\/revisions"}],"predecessor-version":[{"id":4497,"href":"https:\/\/phonomuseum.fr\/api\/wp\/v2\/posts\/3832\/revisions\/4497"}],"wp:featuredmedia":[{"embeddable":true,"href":"https:\/\/phonomuseum.fr\/api\/wp\/v2\/media\/3835"}],"wp:attachment":[{"href":"https:\/\/phonomuseum.fr\/api\/wp\/v2\/media?parent=3832"}],"wp:term":[{"taxonomy":"category","embeddable":true,"href":"https:\/\/phonomuseum.fr\/api\/wp\/v2\/categories?post=3832"},{"taxonomy":"post_tag","embeddable":true,"href":"https:\/\/phonomuseum.fr\/api\/wp\/v2\/tags?post=3832"}],"curies":[{"name":"wp","href":"https:\/\/api.w.org\/{rel}","templated":true}]}}