{"id":3687,"date":"2022-04-06T14:42:43","date_gmt":"2022-04-06T12:42:43","guid":{"rendered":"https:\/\/phonomuseum.fr\/?p=3687"},"modified":"2024-06-01T13:54:05","modified_gmt":"2024-06-01T11:54:05","slug":"conference-transnational-phonography","status":"publish","type":"post","link":"https:\/\/phonomuseum.fr\/conference-transnational-phonography\/","title":{"rendered":"Conf\u00e9rence : TRANSNATIONAL PHONOGRAPHY"},"content":{"rendered":"<div id=\"attachment_489\" style=\"width: 198px\" class=\"wp-caption aligncenter\"><a href=\"https:\/\/phonomuseum.fr\/storage\/2016\/02\/photo-83.jpg\"><img loading=\"lazy\" decoding=\"async\" aria-describedby=\"caption-attachment-489\" class=\"size-medium wp-image-489\" src=\"https:\/\/phonomuseum.fr\/storage\/2016\/02\/photo-83-188x300.jpg\" alt=\"Phrynis Pavillon assym\u00e9trique\" width=\"188\" height=\"300\" srcset=\"https:\/\/phonomuseum.fr\/wp-content\/uploads\/2016\/02\/photo-83-188x300.jpg 188w, https:\/\/phonomuseum.fr\/wp-content\/uploads\/2016\/02\/photo-83-400x640.jpg 400w, https:\/\/phonomuseum.fr\/wp-content\/uploads\/2016\/02\/photo-83-94x150.jpg 94w, https:\/\/phonomuseum.fr\/wp-content\/uploads\/2016\/02\/photo-83.jpg 402w\" sizes=\"auto, (max-width: 188px) 100vw, 188px\" \/><\/a><p id=\"caption-attachment-489\" class=\"wp-caption-text\">Machine parlante \u00e0 disques<\/p><\/div>\n<p class=\"p1\" style=\"text-align: center;\"><b>TRANSNATIONAL\u00a0PHONOGRAPHY<\/b><\/p>\n<p class=\"p1\" style=\"text-align: center;\">Conf\u00e9rence &amp; Concert<\/p>\n<p class=\"p1\" style=\"text-align: center;\"><span class=\"s1\"><b>13.05.2022\u00a0<\/b><\/span><\/p>\n<p class=\"p1\" style=\"text-align: center;\"><span class=\"s1\">19h &#8211; Phonomuseum Sankt Georgen im Schwarzwald (Allemagne)<\/span><\/p>\n<p class=\"p1\" style=\"text-align: center;\"><span class=\"s1\"><b>15.05.2022\u00a0<\/b><\/span><\/p>\n<p class=\"p1\" style=\"text-align: center;\"><span class=\"s1\">15h &#8211; PHONO Museum Paris (France)<\/span><\/p>\n<p class=\"p1\" style=\"text-align: center;\">avec<\/p>\n<p class=\"p1\" style=\"text-align: center;\">Elodie A. Roy<\/p>\n<p class=\"p1\" style=\"text-align: center;\">Eva Moreda Rodriguez<\/p>\n<p class=\"p1\" style=\"text-align: center;\">Graham Dunning<\/p>\n<p class=\"p1\" style=\"text-align: center;\">Sascha Brosamer<\/p>\n<p class=\"p1\" style=\"text-align: center;\">Dinah Bird<\/p>\n<p class=\"p1\" style=\"text-align: center;\">Hank Strummer<\/p>\n<p class=\"p1\" style=\"text-align: justify;\"><b>TRANSNATIONAL PHONOGRAPHY<\/b><\/p>\n<p class=\"p1\" style=\"text-align: justify;\">propose une lecture \u00e9largie et <em>(d\u00e9centr\u00e9e)<\/em> du terme \u2018phonographie\u2019 au-del\u00e0 de la notion d\u2019inscription sonore. Les intervenants \u2013 conf\u00e9renciers et artistes \u2013 interrogent la phonographie comme une vaste pratique socio-mat\u00e9rielle, collective et vibrante, qui englobe activit\u00e9s d\u2019enregistrement, de collection, de diffusion et d\u2019\u00e9coute. Ils rendent hommage aux nombreux interm\u00e9diaires, mat\u00e9riaux, machines, imaginaires et lieux qui ont jalonn\u00e9 les d\u00e9buts de l\u2019industrie du disque de la fin du dix-neuvi\u00e8me au d\u00e9but du vingti\u00e8me si\u00e8cle. Cet \u00e9v\u00e9nement multidisciplinaire et itin\u00e9rant ouvre un dialogue entre l\u2019industrie, la science, l\u2019art, la musique et la culture populaire \u00e0 travers des conf\u00e9rences, des discussions et des concerts. Il imagine aussi de nouveaux espaces o\u00f9 penser les cultures phonographiques d\u2019hier en lien avec les pratiques et habitudes culturelles d\u2019aujourd\u2019hui. L\u2019\u00e9v\u00e9nement aura lieu au Phono-Museum de Sankt Georgen im Schwarzwald <em>(Allemagne, For\u00eat Noire)<\/em>, lieu cl\u00e9 de l\u2019industrie phonographique allemande et berceau de la marque DUAL, et au PHONO Museum de Paris <em>(X<span class=\"s2\"><sup>e<\/sup><\/span>)<\/em>, qui retrace plus de 160 ans d&rsquo;histoire du son enregistr\u00e9.<\/p>\n<p class=\"p1\" style=\"text-align: center;\"><span class=\"s1\"><b>PROGRAMME:<\/b><\/span><\/p>\n<p class=\"p1\" style=\"text-align: center;\"><span class=\"s1\"><b>CONF\u00c9RENCE:\u00a0<\/b><\/span><\/p>\n<p class=\"p1\" style=\"text-align: center;\"><b>Elodie A. Roy<\/b><\/p>\n<p class=\"p1\" style=\"text-align: center;\">\u00ab\u00a0Close at a distance: Emergent intimacies of the early\u00a0phonograph\u00a0era\u00a0\u00bb<\/p>\n<p class=\"p1\" style=\"text-align: center;\"><b>Eva Moreda Rodriguez<\/b><\/p>\n<p class=\"p1\" style=\"text-align: center;\">\u00ab\u00a0Before the recording industry: Imaginaries of the\u00a0phonograph, 1877-1897\u00a0\u00bb<\/p>\n<p class=\"p1\" style=\"text-align: center;\"><span class=\"s1\"><b>CONCERT:<\/b><\/span><\/p>\n<p class=\"p1\" style=\"text-align: center;\"><span class=\"s1\"><b>Graham Dunning &amp; Sascha Brosamer<\/b><\/span><\/p>\n<p class=\"p1\" style=\"text-align: center;\">\u00ab\u00a0Performance avec gramophones et platines\u00a0\u00bb<\/p>\n<p class=\"p1\" style=\"text-align: center;\"><span class=\"s1\"><b>Radio Feature\u00a0<\/b><\/span><\/p>\n<p class=\"p1\" style=\"text-align: center;\">by Dinah Bird<\/p>\n","protected":false},"excerpt":{"rendered":"<p>TRANSNATIONAL\u00a0PHONOGRAPHY Conf\u00e9rence &amp; Concert 13.05.2022\u00a0 19h &#8211; Phonomuseum Sankt Georgen im Schwarzwald (Allemagne) 15.05.2022\u00a0 15h &#8211; PHONO Museum Paris (France) avec Elodie A. Roy Eva Moreda Rodriguez Graham Dunning Sascha Brosamer Dinah Bird Hank Strummer TRANSNATIONAL PHONOGRAPHY propose une lecture \u00e9largie et (d\u00e9centr\u00e9e) du terme \u2018phonographie\u2019 au-del\u00e0 de la notion d\u2019inscription sonore. Les intervenants \u2013 [&hellip;]<\/p>\n","protected":false},"author":2,"featured_media":489,"comment_status":"open","ping_status":"closed","sticky":false,"template":"","format":"standard","meta":{"footnotes":""},"categories":[14,35,47],"tags":[],"class_list":["post-3687","post","type-post","status-publish","format-standard","has-post-thumbnail","hentry","category-blog","category-conferences","category-conferences-2022"],"yoast_head":"<!-- This site is optimized with the Yoast SEO plugin v27.5 - https:\/\/yoast.com\/product\/yoast-seo-wordpress\/ -->\n<title>Conf\u00e9rence : TRANSNATIONAL PHONOGRAPHY - PHONO Museum Paris<\/title>\n<meta name=\"robots\" content=\"index, follow, max-snippet:-1, max-image-preview:large, max-video-preview:-1\" \/>\n<link rel=\"canonical\" href=\"https:\/\/phonomuseum.fr\/conference-transnational-phonography\/\" \/>\n<meta property=\"og:locale\" content=\"fr_FR\" \/>\n<meta property=\"og:type\" content=\"article\" \/>\n<meta property=\"og:title\" content=\"Conf\u00e9rence : TRANSNATIONAL PHONOGRAPHY - PHONO Museum Paris\" \/>\n<meta property=\"og:description\" content=\"TRANSNATIONAL\u00a0PHONOGRAPHY Conf\u00e9rence &amp; Concert 13.05.2022\u00a0 19h &#8211; Phonomuseum Sankt Georgen im Schwarzwald (Allemagne) 15.05.2022\u00a0 15h &#8211; PHONO Museum Paris (France) avec Elodie A. Roy Eva Moreda Rodriguez Graham Dunning Sascha Brosamer Dinah Bird Hank Strummer TRANSNATIONAL PHONOGRAPHY propose une lecture \u00e9largie et (d\u00e9centr\u00e9e) du terme \u2018phonographie\u2019 au-del\u00e0 de la notion d\u2019inscription sonore. Les intervenants \u2013 [&hellip;]\" \/>\n<meta property=\"og:url\" content=\"https:\/\/phonomuseum.fr\/conference-transnational-phonography\/\" \/>\n<meta property=\"og:site_name\" content=\"PHONO Museum Paris\" \/>\n<meta property=\"article:author\" content=\"https:\/\/www.facebook.com\/didier.vincent.7\" \/>\n<meta property=\"article:published_time\" content=\"2022-04-06T12:42:43+00:00\" \/>\n<meta property=\"article:modified_time\" content=\"2024-06-01T11:54:05+00:00\" \/>\n<meta property=\"og:image\" content=\"https:\/\/phonomuseum.fr\/wp-content\/uploads\/2016\/02\/photo-83.jpg\" \/>\n\t<meta property=\"og:image:width\" content=\"402\" \/>\n\t<meta property=\"og:image:height\" content=\"640\" \/>\n\t<meta property=\"og:image:type\" content=\"image\/jpeg\" \/>\n<meta name=\"author\" content=\"PHONO Museum Paris\" \/>\n<meta name=\"twitter:card\" content=\"summary_large_image\" \/>\n<meta name=\"twitter:creator\" content=\"@didier_vincent\" \/>\n<meta name=\"twitter:label1\" content=\"\u00c9crit par\" \/>\n\t<meta name=\"twitter:data1\" content=\"PHONO Museum Paris\" \/>\n\t<meta name=\"twitter:label2\" content=\"Dur\u00e9e de lecture estim\u00e9e\" \/>\n\t<meta name=\"twitter:data2\" content=\"2 minutes\" \/>\n<script type=\"application\/ld+json\" class=\"yoast-schema-graph\">{\"@context\":\"https:\\\/\\\/schema.org\",\"@graph\":[{\"@type\":\"Article\",\"@id\":\"https:\\\/\\\/phonomuseum.fr\\\/conference-transnational-phonography\\\/#article\",\"isPartOf\":{\"@id\":\"https:\\\/\\\/phonomuseum.fr\\\/conference-transnational-phonography\\\/\"},\"author\":{\"name\":\"PHONO Museum Paris\",\"@id\":\"https:\\\/\\\/phonomuseum.fr\\\/#\\\/schema\\\/person\\\/ccddc2cc569da3acc4b8312f4ff2b0b7\"},\"headline\":\"Conf\u00e9rence : TRANSNATIONAL PHONOGRAPHY\",\"datePublished\":\"2022-04-06T12:42:43+00:00\",\"dateModified\":\"2024-06-01T11:54:05+00:00\",\"mainEntityOfPage\":{\"@id\":\"https:\\\/\\\/phonomuseum.fr\\\/conference-transnational-phonography\\\/\"},\"wordCount\":286,\"commentCount\":0,\"image\":{\"@id\":\"https:\\\/\\\/phonomuseum.fr\\\/conference-transnational-phonography\\\/#primaryimage\"},\"thumbnailUrl\":\"https:\\\/\\\/phonomuseum.fr\\\/wp-content\\\/uploads\\\/2016\\\/02\\\/photo-83.jpg\",\"articleSection\":[\"BLOG\",\"Conf\u00e9rences\",\"Conf\u00e9rences 2022\"],\"inLanguage\":\"fr-FR\",\"potentialAction\":[{\"@type\":\"CommentAction\",\"name\":\"Comment\",\"target\":[\"https:\\\/\\\/phonomuseum.fr\\\/conference-transnational-phonography\\\/#respond\"]}]},{\"@type\":\"WebPage\",\"@id\":\"https:\\\/\\\/phonomuseum.fr\\\/conference-transnational-phonography\\\/\",\"url\":\"https:\\\/\\\/phonomuseum.fr\\\/conference-transnational-phonography\\\/\",\"name\":\"Conf\u00e9rence : TRANSNATIONAL PHONOGRAPHY - PHONO Museum Paris\",\"isPartOf\":{\"@id\":\"https:\\\/\\\/phonomuseum.fr\\\/#website\"},\"primaryImageOfPage\":{\"@id\":\"https:\\\/\\\/phonomuseum.fr\\\/conference-transnational-phonography\\\/#primaryimage\"},\"image\":{\"@id\":\"https:\\\/\\\/phonomuseum.fr\\\/conference-transnational-phonography\\\/#primaryimage\"},\"thumbnailUrl\":\"https:\\\/\\\/phonomuseum.fr\\\/wp-content\\\/uploads\\\/2016\\\/02\\\/photo-83.jpg\",\"datePublished\":\"2022-04-06T12:42:43+00:00\",\"dateModified\":\"2024-06-01T11:54:05+00:00\",\"author\":{\"@id\":\"https:\\\/\\\/phonomuseum.fr\\\/#\\\/schema\\\/person\\\/ccddc2cc569da3acc4b8312f4ff2b0b7\"},\"breadcrumb\":{\"@id\":\"https:\\\/\\\/phonomuseum.fr\\\/conference-transnational-phonography\\\/#breadcrumb\"},\"inLanguage\":\"fr-FR\",\"potentialAction\":[{\"@type\":\"ReadAction\",\"target\":[\"https:\\\/\\\/phonomuseum.fr\\\/conference-transnational-phonography\\\/\"]}]},{\"@type\":\"ImageObject\",\"inLanguage\":\"fr-FR\",\"@id\":\"https:\\\/\\\/phonomuseum.fr\\\/conference-transnational-phonography\\\/#primaryimage\",\"url\":\"https:\\\/\\\/phonomuseum.fr\\\/wp-content\\\/uploads\\\/2016\\\/02\\\/photo-83.jpg\",\"contentUrl\":\"https:\\\/\\\/phonomuseum.fr\\\/wp-content\\\/uploads\\\/2016\\\/02\\\/photo-83.jpg\",\"width\":402,\"height\":640,\"caption\":\"Machine parlante \u00e0 disques\"},{\"@type\":\"BreadcrumbList\",\"@id\":\"https:\\\/\\\/phonomuseum.fr\\\/conference-transnational-phonography\\\/#breadcrumb\",\"itemListElement\":[{\"@type\":\"ListItem\",\"position\":1,\"name\":\"Accueil\",\"item\":\"https:\\\/\\\/phonomuseum.fr\\\/accueil\\\/\"},{\"@type\":\"ListItem\",\"position\":2,\"name\":\"Conf\u00e9rence : TRANSNATIONAL PHONOGRAPHY\"}]},{\"@type\":\"WebSite\",\"@id\":\"https:\\\/\\\/phonomuseum.fr\\\/#website\",\"url\":\"https:\\\/\\\/phonomuseum.fr\\\/\",\"name\":\"PHONO Museum Paris\",\"description\":\"la grande aventure du son enregistr\u00e9 - L&#039;histoire sonore de 1857 \u00e0 nos jours\",\"potentialAction\":[{\"@type\":\"SearchAction\",\"target\":{\"@type\":\"EntryPoint\",\"urlTemplate\":\"https:\\\/\\\/phonomuseum.fr\\\/?s={search_term_string}\"},\"query-input\":{\"@type\":\"PropertyValueSpecification\",\"valueRequired\":true,\"valueName\":\"search_term_string\"}}],\"inLanguage\":\"fr-FR\"},{\"@type\":\"Person\",\"@id\":\"https:\\\/\\\/phonomuseum.fr\\\/#\\\/schema\\\/person\\\/ccddc2cc569da3acc4b8312f4ff2b0b7\",\"name\":\"PHONO Museum Paris\",\"image\":{\"@type\":\"ImageObject\",\"inLanguage\":\"fr-FR\",\"@id\":\"https:\\\/\\\/secure.gravatar.com\\\/avatar\\\/625e6ca9ffe4c986867da0049f4a8bab481c3379248f90cbf285f445b365f8bd?s=96&d=mm&r=g\",\"url\":\"https:\\\/\\\/secure.gravatar.com\\\/avatar\\\/625e6ca9ffe4c986867da0049f4a8bab481c3379248f90cbf285f445b365f8bd?s=96&d=mm&r=g\",\"contentUrl\":\"https:\\\/\\\/secure.gravatar.com\\\/avatar\\\/625e6ca9ffe4c986867da0049f4a8bab481c3379248f90cbf285f445b365f8bd?s=96&d=mm&r=g\",\"caption\":\"PHONO Museum Paris\"},\"sameAs\":[\"http:\\\/\\\/phonomuseum.fr\",\"https:\\\/\\\/www.facebook.com\\\/didier.vincent.7\",\"https:\\\/\\\/x.com\\\/@didier_vincent\"],\"url\":\"https:\\\/\\\/phonomuseum.fr\\\/author\\\/phono-museum-paris\\\/\"}]}<\/script>\n<!-- \/ Yoast SEO plugin. -->","yoast_head_json":{"title":"Conf\u00e9rence : TRANSNATIONAL PHONOGRAPHY - PHONO Museum Paris","robots":{"index":"index","follow":"follow","max-snippet":"max-snippet:-1","max-image-preview":"max-image-preview:large","max-video-preview":"max-video-preview:-1"},"canonical":"https:\/\/phonomuseum.fr\/conference-transnational-phonography\/","og_locale":"fr_FR","og_type":"article","og_title":"Conf\u00e9rence : TRANSNATIONAL PHONOGRAPHY - PHONO Museum Paris","og_description":"TRANSNATIONAL\u00a0PHONOGRAPHY Conf\u00e9rence &amp; Concert 13.05.2022\u00a0 19h &#8211; Phonomuseum Sankt Georgen im Schwarzwald (Allemagne) 15.05.2022\u00a0 15h &#8211; PHONO Museum Paris (France) avec Elodie A. Roy Eva Moreda Rodriguez Graham Dunning Sascha Brosamer Dinah Bird Hank Strummer TRANSNATIONAL PHONOGRAPHY propose une lecture \u00e9largie et (d\u00e9centr\u00e9e) du terme \u2018phonographie\u2019 au-del\u00e0 de la notion d\u2019inscription sonore. Les intervenants \u2013 [&hellip;]","og_url":"https:\/\/phonomuseum.fr\/conference-transnational-phonography\/","og_site_name":"PHONO Museum Paris","article_author":"https:\/\/www.facebook.com\/didier.vincent.7","article_published_time":"2022-04-06T12:42:43+00:00","article_modified_time":"2024-06-01T11:54:05+00:00","og_image":[{"width":402,"height":640,"url":"https:\/\/phonomuseum.fr\/wp-content\/uploads\/2016\/02\/photo-83.jpg","type":"image\/jpeg"}],"author":"PHONO Museum Paris","twitter_card":"summary_large_image","twitter_creator":"@didier_vincent","twitter_misc":{"\u00c9crit par":"PHONO Museum Paris","Dur\u00e9e de lecture estim\u00e9e":"2 minutes"},"schema":{"@context":"https:\/\/schema.org","@graph":[{"@type":"Article","@id":"https:\/\/phonomuseum.fr\/conference-transnational-phonography\/#article","isPartOf":{"@id":"https:\/\/phonomuseum.fr\/conference-transnational-phonography\/"},"author":{"name":"PHONO Museum Paris","@id":"https:\/\/phonomuseum.fr\/#\/schema\/person\/ccddc2cc569da3acc4b8312f4ff2b0b7"},"headline":"Conf\u00e9rence : TRANSNATIONAL PHONOGRAPHY","datePublished":"2022-04-06T12:42:43+00:00","dateModified":"2024-06-01T11:54:05+00:00","mainEntityOfPage":{"@id":"https:\/\/phonomuseum.fr\/conference-transnational-phonography\/"},"wordCount":286,"commentCount":0,"image":{"@id":"https:\/\/phonomuseum.fr\/conference-transnational-phonography\/#primaryimage"},"thumbnailUrl":"https:\/\/phonomuseum.fr\/wp-content\/uploads\/2016\/02\/photo-83.jpg","articleSection":["BLOG","Conf\u00e9rences","Conf\u00e9rences 2022"],"inLanguage":"fr-FR","potentialAction":[{"@type":"CommentAction","name":"Comment","target":["https:\/\/phonomuseum.fr\/conference-transnational-phonography\/#respond"]}]},{"@type":"WebPage","@id":"https:\/\/phonomuseum.fr\/conference-transnational-phonography\/","url":"https:\/\/phonomuseum.fr\/conference-transnational-phonography\/","name":"Conf\u00e9rence : TRANSNATIONAL PHONOGRAPHY - PHONO Museum Paris","isPartOf":{"@id":"https:\/\/phonomuseum.fr\/#website"},"primaryImageOfPage":{"@id":"https:\/\/phonomuseum.fr\/conference-transnational-phonography\/#primaryimage"},"image":{"@id":"https:\/\/phonomuseum.fr\/conference-transnational-phonography\/#primaryimage"},"thumbnailUrl":"https:\/\/phonomuseum.fr\/wp-content\/uploads\/2016\/02\/photo-83.jpg","datePublished":"2022-04-06T12:42:43+00:00","dateModified":"2024-06-01T11:54:05+00:00","author":{"@id":"https:\/\/phonomuseum.fr\/#\/schema\/person\/ccddc2cc569da3acc4b8312f4ff2b0b7"},"breadcrumb":{"@id":"https:\/\/phonomuseum.fr\/conference-transnational-phonography\/#breadcrumb"},"inLanguage":"fr-FR","potentialAction":[{"@type":"ReadAction","target":["https:\/\/phonomuseum.fr\/conference-transnational-phonography\/"]}]},{"@type":"ImageObject","inLanguage":"fr-FR","@id":"https:\/\/phonomuseum.fr\/conference-transnational-phonography\/#primaryimage","url":"https:\/\/phonomuseum.fr\/wp-content\/uploads\/2016\/02\/photo-83.jpg","contentUrl":"https:\/\/phonomuseum.fr\/wp-content\/uploads\/2016\/02\/photo-83.jpg","width":402,"height":640,"caption":"Machine parlante \u00e0 disques"},{"@type":"BreadcrumbList","@id":"https:\/\/phonomuseum.fr\/conference-transnational-phonography\/#breadcrumb","itemListElement":[{"@type":"ListItem","position":1,"name":"Accueil","item":"https:\/\/phonomuseum.fr\/accueil\/"},{"@type":"ListItem","position":2,"name":"Conf\u00e9rence : TRANSNATIONAL PHONOGRAPHY"}]},{"@type":"WebSite","@id":"https:\/\/phonomuseum.fr\/#website","url":"https:\/\/phonomuseum.fr\/","name":"PHONO Museum Paris","description":"la grande aventure du son enregistr\u00e9 - L&#039;histoire sonore de 1857 \u00e0 nos jours","potentialAction":[{"@type":"SearchAction","target":{"@type":"EntryPoint","urlTemplate":"https:\/\/phonomuseum.fr\/?s={search_term_string}"},"query-input":{"@type":"PropertyValueSpecification","valueRequired":true,"valueName":"search_term_string"}}],"inLanguage":"fr-FR"},{"@type":"Person","@id":"https:\/\/phonomuseum.fr\/#\/schema\/person\/ccddc2cc569da3acc4b8312f4ff2b0b7","name":"PHONO Museum Paris","image":{"@type":"ImageObject","inLanguage":"fr-FR","@id":"https:\/\/secure.gravatar.com\/avatar\/625e6ca9ffe4c986867da0049f4a8bab481c3379248f90cbf285f445b365f8bd?s=96&d=mm&r=g","url":"https:\/\/secure.gravatar.com\/avatar\/625e6ca9ffe4c986867da0049f4a8bab481c3379248f90cbf285f445b365f8bd?s=96&d=mm&r=g","contentUrl":"https:\/\/secure.gravatar.com\/avatar\/625e6ca9ffe4c986867da0049f4a8bab481c3379248f90cbf285f445b365f8bd?s=96&d=mm&r=g","caption":"PHONO Museum Paris"},"sameAs":["http:\/\/phonomuseum.fr","https:\/\/www.facebook.com\/didier.vincent.7","https:\/\/x.com\/@didier_vincent"],"url":"https:\/\/phonomuseum.fr\/author\/phono-museum-paris\/"}]}},"_links":{"self":[{"href":"https:\/\/phonomuseum.fr\/api\/wp\/v2\/posts\/3687","targetHints":{"allow":["GET"]}}],"collection":[{"href":"https:\/\/phonomuseum.fr\/api\/wp\/v2\/posts"}],"about":[{"href":"https:\/\/phonomuseum.fr\/api\/wp\/v2\/types\/post"}],"author":[{"embeddable":true,"href":"https:\/\/phonomuseum.fr\/api\/wp\/v2\/users\/2"}],"replies":[{"embeddable":true,"href":"https:\/\/phonomuseum.fr\/api\/wp\/v2\/comments?post=3687"}],"version-history":[{"count":4,"href":"https:\/\/phonomuseum.fr\/api\/wp\/v2\/posts\/3687\/revisions"}],"predecessor-version":[{"id":4511,"href":"https:\/\/phonomuseum.fr\/api\/wp\/v2\/posts\/3687\/revisions\/4511"}],"wp:featuredmedia":[{"embeddable":true,"href":"https:\/\/phonomuseum.fr\/api\/wp\/v2\/media\/489"}],"wp:attachment":[{"href":"https:\/\/phonomuseum.fr\/api\/wp\/v2\/media?parent=3687"}],"wp:term":[{"taxonomy":"category","embeddable":true,"href":"https:\/\/phonomuseum.fr\/api\/wp\/v2\/categories?post=3687"},{"taxonomy":"post_tag","embeddable":true,"href":"https:\/\/phonomuseum.fr\/api\/wp\/v2\/tags?post=3687"}],"curies":[{"name":"wp","href":"https:\/\/api.w.org\/{rel}","templated":true}]}}