{"id":2389,"date":"2020-01-29T11:20:01","date_gmt":"2020-01-29T10:20:01","guid":{"rendered":"http:\/\/phonomuseum.fr\/?p=2389"},"modified":"2024-06-01T14:23:35","modified_gmt":"2024-06-01T12:23:35","slug":"vente-de-solidarite","status":"publish","type":"post","link":"https:\/\/phonomuseum.fr\/vente-de-solidarite\/","title":{"rendered":"Vente de solidarit\u00e9"},"content":{"rendered":"\r\n<p class=\"has-medium-font-size\" style=\"text-align: justify;\">Le mus\u00e9e a particip\u00e9 jeudi 23 janvier 2020 \u00e0 une vente aux ench\u00e8res \u00e0 l&rsquo;H\u00f4tel Drouot. Il s&rsquo;agissait de la vente de disques d&rsquo;or appartenant \u00e0 <a href=\"https:\/\/g.co\/kgs\/VFtxqy\" target=\"_blank\" rel=\"noreferrer noopener\" aria-label=\"Max Guazzini (s\u2019ouvre dans un nouvel onglet)\">Max Guazzini<\/a>, le tr\u00e8s m\u00e9diatique ancien directeur de la radio NRJ.<\/p>\r\n\r\n\r\n\r\n<p class=\"has-medium-font-size\" style=\"text-align: justify;\">Le but de cette vente \u00e9tait de collecter des fonds pour la <a href=\"https:\/\/www.fondationbrigittebardot.fr\/\" target=\"_blank\" rel=\"noreferrer noopener\" aria-label=\"Fondation Brigitte Bardot  (s\u2019ouvre dans un nouvel onglet)\">Fondation Brigitte Bardot<\/a> pour un projet de lancement d&rsquo;un centre d&rsquo;accueil pour animaux maltrait\u00e9s. Il s&rsquo;agissait donc <a href=\"https:\/\/www.fondationbrigittebardot.fr\/succes-vente-solidaire-disques-or-max-guazzini-pour-la-fondation\/\" target=\"_blank\" rel=\"noreferrer noopener\" aria-label=\"une vente de solidarit\u00e9 (s\u2019ouvre dans un nouvel onglet)\">une vente de solidarit\u00e9<\/a> puisque m\u00eame la maison Millon, charg\u00e9e de cette vente n&rsquo;a pris aucun frais acheteurs et l&rsquo;h\u00f4tel des ventes Drouot a fourni gracieusement la salle.<\/p>\r\n\r\n\r\n\r\n<p class=\"has-medium-font-size\" style=\"text-align: justify;\">La palette des artistes repr\u00e9sent\u00e9s \u00e9tait tr\u00e8s large, allant de Dalida \u00e0 Cerrone, de George Michael \u00e0 INXS. Le montant total de la vente s&rsquo;est \u00e9lev\u00e9 \u00e0 167 000 \u20ac.<\/p>\r\n\r\n\r\n\r\n<div class=\"wp-block-image\">\r\n<figure class=\"aligncenter\"><img loading=\"lazy\" decoding=\"async\" width=\"1024\" height=\"576\" class=\"wp-image-2396\" src=\"http:\/\/phonomuseum.fr\/wp-content\/uploads\/2020\/01\/Vente-disuques-or-janv-2020-1024x576.jpg\" alt=\"\" srcset=\"https:\/\/phonomuseum.fr\/wp-content\/uploads\/2020\/01\/Vente-disuques-or-janv-2020-1024x576.jpg 1024w, https:\/\/phonomuseum.fr\/wp-content\/uploads\/2020\/01\/Vente-disuques-or-janv-2020-300x169.jpg 300w, https:\/\/phonomuseum.fr\/wp-content\/uploads\/2020\/01\/Vente-disuques-or-janv-2020-768x432.jpg 768w, https:\/\/phonomuseum.fr\/wp-content\/uploads\/2020\/01\/Vente-disuques-or-janv-2020-600x338.jpg 600w, https:\/\/phonomuseum.fr\/wp-content\/uploads\/2020\/01\/Vente-disuques-or-janv-2020-150x84.jpg 150w\" sizes=\"auto, (max-width: 1024px) 100vw, 1024px\" \/><\/figure>\r\n<\/div>\r\n\r\n\r\n\r\n<p class=\"has-medium-font-size\" style=\"text-align: justify;\">Beaucoup de ces disques d&rsquo;or int\u00e9ressaient le mus\u00e9e mais l&rsquo;on ne peut pas tout avoir&#8230; En cons\u00e9quence, nous sommes contents d&rsquo;avoir emport\u00e9 trois disques d&rsquo;or. Un de<a href=\"https:\/\/g.co\/kgs\/2mB5H4\" target=\"_blank\" rel=\"noreferrer noopener\" aria-label=\" Jimmy Sommerville, (s\u2019ouvre dans un nouvel onglet)\"> Jimmy Somerville,<\/a> un de <a href=\"https:\/\/g.co\/kgs\/n9PKFJ\" target=\"_blank\" rel=\"noreferrer noopener\" aria-label=\"Passi (s\u2019ouvre dans un nouvel onglet)\">Passi<\/a> et un de <a href=\"https:\/\/g.co\/kgs\/H1qpvS\" target=\"_blank\" rel=\"noreferrer noopener\" aria-label=\"ZZ TOP (s\u2019ouvre dans un nouvel onglet)\">ZZ TOP<\/a>. Ces trois disques sont d&rsquo;ores et d\u00e9j\u00e0 expos\u00e9s au mus\u00e9e.<\/p>\r\n\r\n\r\n\r\n<div class=\"wp-block-image\">\r\n<figure class=\"aligncenter\"><img loading=\"lazy\" decoding=\"async\" width=\"640\" height=\"480\" class=\"wp-image-2400\" src=\"http:\/\/phonomuseum.fr\/wp-content\/uploads\/2020\/01\/IMG_9571.jpg\" alt=\"\" srcset=\"https:\/\/phonomuseum.fr\/wp-content\/uploads\/2020\/01\/IMG_9571.jpg 640w, https:\/\/phonomuseum.fr\/wp-content\/uploads\/2020\/01\/IMG_9571-300x225.jpg 300w, https:\/\/phonomuseum.fr\/wp-content\/uploads\/2020\/01\/IMG_9571-600x450.jpg 600w, https:\/\/phonomuseum.fr\/wp-content\/uploads\/2020\/01\/IMG_9571-150x113.jpg 150w\" sizes=\"auto, (max-width: 640px) 100vw, 640px\" \/><\/figure>\r\n<\/div>\r\n\r\n\r\n\r\n<p style=\"text-align: left;\">Max Guazzini avec Ma\u00eetre Jalal&#8230;<\/p>\r\n","protected":false},"excerpt":{"rendered":"<p>Le mus\u00e9e a particip\u00e9 jeudi 23 janvier 2020 \u00e0 une vente aux ench\u00e8res \u00e0 l&rsquo;H\u00f4tel Drouot. Il s&rsquo;agissait de la vente de disques d&rsquo;or appartenant \u00e0 Max Guazzini, le tr\u00e8s m\u00e9diatique ancien directeur de la radio NRJ. Le but de cette vente \u00e9tait de collecter des fonds pour la Fondation Brigitte Bardot pour un projet [&hellip;]<\/p>\n","protected":false},"author":2,"featured_media":2953,"comment_status":"open","ping_status":"closed","sticky":false,"template":"","format":"standard","meta":{"footnotes":""},"categories":[14],"tags":[],"class_list":["post-2389","post","type-post","status-publish","format-standard","has-post-thumbnail","hentry","category-blog"],"yoast_head":"<!-- This site is optimized with the Yoast SEO plugin v27.5 - https:\/\/yoast.com\/product\/yoast-seo-wordpress\/ -->\n<title>Vente de solidarit\u00e9 - PHONO Museum Paris<\/title>\n<meta name=\"robots\" content=\"index, follow, max-snippet:-1, max-image-preview:large, max-video-preview:-1\" \/>\n<link rel=\"canonical\" href=\"https:\/\/phonomuseum.fr\/vente-de-solidarite\/\" \/>\n<meta property=\"og:locale\" content=\"fr_FR\" \/>\n<meta property=\"og:type\" content=\"article\" \/>\n<meta property=\"og:title\" content=\"Vente de solidarit\u00e9 - PHONO Museum Paris\" \/>\n<meta property=\"og:description\" content=\"Le mus\u00e9e a particip\u00e9 jeudi 23 janvier 2020 \u00e0 une vente aux ench\u00e8res \u00e0 l&rsquo;H\u00f4tel Drouot. Il s&rsquo;agissait de la vente de disques d&rsquo;or appartenant \u00e0 Max Guazzini, le tr\u00e8s m\u00e9diatique ancien directeur de la radio NRJ. Le but de cette vente \u00e9tait de collecter des fonds pour la Fondation Brigitte Bardot pour un projet [&hellip;]\" \/>\n<meta property=\"og:url\" content=\"https:\/\/phonomuseum.fr\/vente-de-solidarite\/\" \/>\n<meta property=\"og:site_name\" content=\"PHONO Museum Paris\" \/>\n<meta property=\"article:author\" content=\"https:\/\/www.facebook.com\/didier.vincent.7\" \/>\n<meta property=\"article:published_time\" content=\"2020-01-29T10:20:01+00:00\" \/>\n<meta property=\"article:modified_time\" content=\"2024-06-01T12:23:35+00:00\" \/>\n<meta property=\"og:image\" content=\"https:\/\/phonomuseum.fr\/wp-content\/uploads\/2021\/01\/20180907_164918-scaled.jpg\" \/>\n\t<meta property=\"og:image:width\" content=\"2560\" \/>\n\t<meta property=\"og:image:height\" content=\"1440\" \/>\n\t<meta property=\"og:image:type\" content=\"image\/jpeg\" \/>\n<meta name=\"author\" content=\"PHONO Museum Paris\" \/>\n<meta name=\"twitter:card\" content=\"summary_large_image\" \/>\n<meta name=\"twitter:creator\" content=\"@didier_vincent\" \/>\n<meta name=\"twitter:label1\" content=\"\u00c9crit par\" \/>\n\t<meta name=\"twitter:data1\" content=\"PHONO Museum Paris\" \/>\n\t<meta name=\"twitter:label2\" content=\"Dur\u00e9e de lecture estim\u00e9e\" \/>\n\t<meta name=\"twitter:data2\" content=\"1 minute\" \/>\n<script type=\"application\/ld+json\" class=\"yoast-schema-graph\">{\"@context\":\"https:\\\/\\\/schema.org\",\"@graph\":[{\"@type\":\"Article\",\"@id\":\"https:\\\/\\\/phonomuseum.fr\\\/vente-de-solidarite\\\/#article\",\"isPartOf\":{\"@id\":\"https:\\\/\\\/phonomuseum.fr\\\/vente-de-solidarite\\\/\"},\"author\":{\"name\":\"PHONO Museum Paris\",\"@id\":\"https:\\\/\\\/phonomuseum.fr\\\/#\\\/schema\\\/person\\\/ccddc2cc569da3acc4b8312f4ff2b0b7\"},\"headline\":\"Vente de solidarit\u00e9\",\"datePublished\":\"2020-01-29T10:20:01+00:00\",\"dateModified\":\"2024-06-01T12:23:35+00:00\",\"mainEntityOfPage\":{\"@id\":\"https:\\\/\\\/phonomuseum.fr\\\/vente-de-solidarite\\\/\"},\"wordCount\":201,\"commentCount\":0,\"image\":{\"@id\":\"https:\\\/\\\/phonomuseum.fr\\\/vente-de-solidarite\\\/#primaryimage\"},\"thumbnailUrl\":\"https:\\\/\\\/phonomuseum.fr\\\/wp-content\\\/uploads\\\/2021\\\/01\\\/20180907_164918-scaled.jpg\",\"articleSection\":[\"BLOG\"],\"inLanguage\":\"fr-FR\",\"potentialAction\":[{\"@type\":\"CommentAction\",\"name\":\"Comment\",\"target\":[\"https:\\\/\\\/phonomuseum.fr\\\/vente-de-solidarite\\\/#respond\"]}]},{\"@type\":\"WebPage\",\"@id\":\"https:\\\/\\\/phonomuseum.fr\\\/vente-de-solidarite\\\/\",\"url\":\"https:\\\/\\\/phonomuseum.fr\\\/vente-de-solidarite\\\/\",\"name\":\"Vente de solidarit\u00e9 - PHONO Museum Paris\",\"isPartOf\":{\"@id\":\"https:\\\/\\\/phonomuseum.fr\\\/#website\"},\"primaryImageOfPage\":{\"@id\":\"https:\\\/\\\/phonomuseum.fr\\\/vente-de-solidarite\\\/#primaryimage\"},\"image\":{\"@id\":\"https:\\\/\\\/phonomuseum.fr\\\/vente-de-solidarite\\\/#primaryimage\"},\"thumbnailUrl\":\"https:\\\/\\\/phonomuseum.fr\\\/wp-content\\\/uploads\\\/2021\\\/01\\\/20180907_164918-scaled.jpg\",\"datePublished\":\"2020-01-29T10:20:01+00:00\",\"dateModified\":\"2024-06-01T12:23:35+00:00\",\"author\":{\"@id\":\"https:\\\/\\\/phonomuseum.fr\\\/#\\\/schema\\\/person\\\/ccddc2cc569da3acc4b8312f4ff2b0b7\"},\"breadcrumb\":{\"@id\":\"https:\\\/\\\/phonomuseum.fr\\\/vente-de-solidarite\\\/#breadcrumb\"},\"inLanguage\":\"fr-FR\",\"potentialAction\":[{\"@type\":\"ReadAction\",\"target\":[\"https:\\\/\\\/phonomuseum.fr\\\/vente-de-solidarite\\\/\"]}]},{\"@type\":\"ImageObject\",\"inLanguage\":\"fr-FR\",\"@id\":\"https:\\\/\\\/phonomuseum.fr\\\/vente-de-solidarite\\\/#primaryimage\",\"url\":\"https:\\\/\\\/phonomuseum.fr\\\/wp-content\\\/uploads\\\/2021\\\/01\\\/20180907_164918-scaled.jpg\",\"contentUrl\":\"https:\\\/\\\/phonomuseum.fr\\\/wp-content\\\/uploads\\\/2021\\\/01\\\/20180907_164918-scaled.jpg\",\"width\":2560,\"height\":1440},{\"@type\":\"BreadcrumbList\",\"@id\":\"https:\\\/\\\/phonomuseum.fr\\\/vente-de-solidarite\\\/#breadcrumb\",\"itemListElement\":[{\"@type\":\"ListItem\",\"position\":1,\"name\":\"Accueil\",\"item\":\"https:\\\/\\\/phonomuseum.fr\\\/accueil\\\/\"},{\"@type\":\"ListItem\",\"position\":2,\"name\":\"Vente de solidarit\u00e9\"}]},{\"@type\":\"WebSite\",\"@id\":\"https:\\\/\\\/phonomuseum.fr\\\/#website\",\"url\":\"https:\\\/\\\/phonomuseum.fr\\\/\",\"name\":\"PHONO Museum Paris\",\"description\":\"la grande aventure du son enregistr\u00e9 - L&#039;histoire sonore de 1857 \u00e0 nos jours\",\"potentialAction\":[{\"@type\":\"SearchAction\",\"target\":{\"@type\":\"EntryPoint\",\"urlTemplate\":\"https:\\\/\\\/phonomuseum.fr\\\/?s={search_term_string}\"},\"query-input\":{\"@type\":\"PropertyValueSpecification\",\"valueRequired\":true,\"valueName\":\"search_term_string\"}}],\"inLanguage\":\"fr-FR\"},{\"@type\":\"Person\",\"@id\":\"https:\\\/\\\/phonomuseum.fr\\\/#\\\/schema\\\/person\\\/ccddc2cc569da3acc4b8312f4ff2b0b7\",\"name\":\"PHONO Museum Paris\",\"image\":{\"@type\":\"ImageObject\",\"inLanguage\":\"fr-FR\",\"@id\":\"https:\\\/\\\/secure.gravatar.com\\\/avatar\\\/625e6ca9ffe4c986867da0049f4a8bab481c3379248f90cbf285f445b365f8bd?s=96&d=mm&r=g\",\"url\":\"https:\\\/\\\/secure.gravatar.com\\\/avatar\\\/625e6ca9ffe4c986867da0049f4a8bab481c3379248f90cbf285f445b365f8bd?s=96&d=mm&r=g\",\"contentUrl\":\"https:\\\/\\\/secure.gravatar.com\\\/avatar\\\/625e6ca9ffe4c986867da0049f4a8bab481c3379248f90cbf285f445b365f8bd?s=96&d=mm&r=g\",\"caption\":\"PHONO Museum Paris\"},\"sameAs\":[\"http:\\\/\\\/phonomuseum.fr\",\"https:\\\/\\\/www.facebook.com\\\/didier.vincent.7\",\"https:\\\/\\\/x.com\\\/@didier_vincent\"],\"url\":\"https:\\\/\\\/phonomuseum.fr\\\/author\\\/phono-museum-paris\\\/\"}]}<\/script>\n<!-- \/ Yoast SEO plugin. -->","yoast_head_json":{"title":"Vente de solidarit\u00e9 - PHONO Museum Paris","robots":{"index":"index","follow":"follow","max-snippet":"max-snippet:-1","max-image-preview":"max-image-preview:large","max-video-preview":"max-video-preview:-1"},"canonical":"https:\/\/phonomuseum.fr\/vente-de-solidarite\/","og_locale":"fr_FR","og_type":"article","og_title":"Vente de solidarit\u00e9 - PHONO Museum Paris","og_description":"Le mus\u00e9e a particip\u00e9 jeudi 23 janvier 2020 \u00e0 une vente aux ench\u00e8res \u00e0 l&rsquo;H\u00f4tel Drouot. Il s&rsquo;agissait de la vente de disques d&rsquo;or appartenant \u00e0 Max Guazzini, le tr\u00e8s m\u00e9diatique ancien directeur de la radio NRJ. Le but de cette vente \u00e9tait de collecter des fonds pour la Fondation Brigitte Bardot pour un projet [&hellip;]","og_url":"https:\/\/phonomuseum.fr\/vente-de-solidarite\/","og_site_name":"PHONO Museum Paris","article_author":"https:\/\/www.facebook.com\/didier.vincent.7","article_published_time":"2020-01-29T10:20:01+00:00","article_modified_time":"2024-06-01T12:23:35+00:00","og_image":[{"width":2560,"height":1440,"url":"https:\/\/phonomuseum.fr\/wp-content\/uploads\/2021\/01\/20180907_164918-scaled.jpg","type":"image\/jpeg"}],"author":"PHONO Museum Paris","twitter_card":"summary_large_image","twitter_creator":"@didier_vincent","twitter_misc":{"\u00c9crit par":"PHONO Museum Paris","Dur\u00e9e de lecture estim\u00e9e":"1 minute"},"schema":{"@context":"https:\/\/schema.org","@graph":[{"@type":"Article","@id":"https:\/\/phonomuseum.fr\/vente-de-solidarite\/#article","isPartOf":{"@id":"https:\/\/phonomuseum.fr\/vente-de-solidarite\/"},"author":{"name":"PHONO Museum Paris","@id":"https:\/\/phonomuseum.fr\/#\/schema\/person\/ccddc2cc569da3acc4b8312f4ff2b0b7"},"headline":"Vente de solidarit\u00e9","datePublished":"2020-01-29T10:20:01+00:00","dateModified":"2024-06-01T12:23:35+00:00","mainEntityOfPage":{"@id":"https:\/\/phonomuseum.fr\/vente-de-solidarite\/"},"wordCount":201,"commentCount":0,"image":{"@id":"https:\/\/phonomuseum.fr\/vente-de-solidarite\/#primaryimage"},"thumbnailUrl":"https:\/\/phonomuseum.fr\/wp-content\/uploads\/2021\/01\/20180907_164918-scaled.jpg","articleSection":["BLOG"],"inLanguage":"fr-FR","potentialAction":[{"@type":"CommentAction","name":"Comment","target":["https:\/\/phonomuseum.fr\/vente-de-solidarite\/#respond"]}]},{"@type":"WebPage","@id":"https:\/\/phonomuseum.fr\/vente-de-solidarite\/","url":"https:\/\/phonomuseum.fr\/vente-de-solidarite\/","name":"Vente de solidarit\u00e9 - PHONO Museum Paris","isPartOf":{"@id":"https:\/\/phonomuseum.fr\/#website"},"primaryImageOfPage":{"@id":"https:\/\/phonomuseum.fr\/vente-de-solidarite\/#primaryimage"},"image":{"@id":"https:\/\/phonomuseum.fr\/vente-de-solidarite\/#primaryimage"},"thumbnailUrl":"https:\/\/phonomuseum.fr\/wp-content\/uploads\/2021\/01\/20180907_164918-scaled.jpg","datePublished":"2020-01-29T10:20:01+00:00","dateModified":"2024-06-01T12:23:35+00:00","author":{"@id":"https:\/\/phonomuseum.fr\/#\/schema\/person\/ccddc2cc569da3acc4b8312f4ff2b0b7"},"breadcrumb":{"@id":"https:\/\/phonomuseum.fr\/vente-de-solidarite\/#breadcrumb"},"inLanguage":"fr-FR","potentialAction":[{"@type":"ReadAction","target":["https:\/\/phonomuseum.fr\/vente-de-solidarite\/"]}]},{"@type":"ImageObject","inLanguage":"fr-FR","@id":"https:\/\/phonomuseum.fr\/vente-de-solidarite\/#primaryimage","url":"https:\/\/phonomuseum.fr\/wp-content\/uploads\/2021\/01\/20180907_164918-scaled.jpg","contentUrl":"https:\/\/phonomuseum.fr\/wp-content\/uploads\/2021\/01\/20180907_164918-scaled.jpg","width":2560,"height":1440},{"@type":"BreadcrumbList","@id":"https:\/\/phonomuseum.fr\/vente-de-solidarite\/#breadcrumb","itemListElement":[{"@type":"ListItem","position":1,"name":"Accueil","item":"https:\/\/phonomuseum.fr\/accueil\/"},{"@type":"ListItem","position":2,"name":"Vente de solidarit\u00e9"}]},{"@type":"WebSite","@id":"https:\/\/phonomuseum.fr\/#website","url":"https:\/\/phonomuseum.fr\/","name":"PHONO Museum Paris","description":"la grande aventure du son enregistr\u00e9 - L&#039;histoire sonore de 1857 \u00e0 nos jours","potentialAction":[{"@type":"SearchAction","target":{"@type":"EntryPoint","urlTemplate":"https:\/\/phonomuseum.fr\/?s={search_term_string}"},"query-input":{"@type":"PropertyValueSpecification","valueRequired":true,"valueName":"search_term_string"}}],"inLanguage":"fr-FR"},{"@type":"Person","@id":"https:\/\/phonomuseum.fr\/#\/schema\/person\/ccddc2cc569da3acc4b8312f4ff2b0b7","name":"PHONO Museum Paris","image":{"@type":"ImageObject","inLanguage":"fr-FR","@id":"https:\/\/secure.gravatar.com\/avatar\/625e6ca9ffe4c986867da0049f4a8bab481c3379248f90cbf285f445b365f8bd?s=96&d=mm&r=g","url":"https:\/\/secure.gravatar.com\/avatar\/625e6ca9ffe4c986867da0049f4a8bab481c3379248f90cbf285f445b365f8bd?s=96&d=mm&r=g","contentUrl":"https:\/\/secure.gravatar.com\/avatar\/625e6ca9ffe4c986867da0049f4a8bab481c3379248f90cbf285f445b365f8bd?s=96&d=mm&r=g","caption":"PHONO Museum Paris"},"sameAs":["http:\/\/phonomuseum.fr","https:\/\/www.facebook.com\/didier.vincent.7","https:\/\/x.com\/@didier_vincent"],"url":"https:\/\/phonomuseum.fr\/author\/phono-museum-paris\/"}]}},"_links":{"self":[{"href":"https:\/\/phonomuseum.fr\/api\/wp\/v2\/posts\/2389","targetHints":{"allow":["GET"]}}],"collection":[{"href":"https:\/\/phonomuseum.fr\/api\/wp\/v2\/posts"}],"about":[{"href":"https:\/\/phonomuseum.fr\/api\/wp\/v2\/types\/post"}],"author":[{"embeddable":true,"href":"https:\/\/phonomuseum.fr\/api\/wp\/v2\/users\/2"}],"replies":[{"embeddable":true,"href":"https:\/\/phonomuseum.fr\/api\/wp\/v2\/comments?post=2389"}],"version-history":[{"count":3,"href":"https:\/\/phonomuseum.fr\/api\/wp\/v2\/posts\/2389\/revisions"}],"predecessor-version":[{"id":4546,"href":"https:\/\/phonomuseum.fr\/api\/wp\/v2\/posts\/2389\/revisions\/4546"}],"wp:featuredmedia":[{"embeddable":true,"href":"https:\/\/phonomuseum.fr\/api\/wp\/v2\/media\/2953"}],"wp:attachment":[{"href":"https:\/\/phonomuseum.fr\/api\/wp\/v2\/media?parent=2389"}],"wp:term":[{"taxonomy":"category","embeddable":true,"href":"https:\/\/phonomuseum.fr\/api\/wp\/v2\/categories?post=2389"},{"taxonomy":"post_tag","embeddable":true,"href":"https:\/\/phonomuseum.fr\/api\/wp\/v2\/tags?post=2389"}],"curies":[{"name":"wp","href":"https:\/\/api.w.org\/{rel}","templated":true}]}}