{"id":2358,"date":"2019-12-14T12:41:31","date_gmt":"2019-12-14T11:41:31","guid":{"rendered":"http:\/\/phonomuseum.fr\/?p=2358"},"modified":"2024-06-01T14:25:36","modified_gmt":"2024-06-01T12:25:36","slug":"la-semaine-du-bizarre","status":"publish","type":"post","link":"https:\/\/phonomuseum.fr\/la-semaine-du-bizarre\/","title":{"rendered":"La semaine du bizarre"},"content":{"rendered":"\r\n<div class=\"wp-block-image\">\r\n<figure class=\"aligncenter\"><img loading=\"lazy\" decoding=\"async\" width=\"409\" height=\"561\" class=\"wp-image-2359\" src=\"http:\/\/phonomuseum.fr\/wp-content\/uploads\/2019\/12\/Capture-d\u2019e\u0301cran-2019-12-09-a\u0300-14.23.46.png\" alt=\"\" srcset=\"https:\/\/phonomuseum.fr\/wp-content\/uploads\/2019\/12\/Capture-d\u2019e\u0301cran-2019-12-09-a\u0300-14.23.46.png 409w, https:\/\/phonomuseum.fr\/wp-content\/uploads\/2019\/12\/Capture-d\u2019e\u0301cran-2019-12-09-a\u0300-14.23.46-219x300.png 219w, https:\/\/phonomuseum.fr\/wp-content\/uploads\/2019\/12\/Capture-d\u2019e\u0301cran-2019-12-09-a\u0300-14.23.46-109x150.png 109w\" sizes=\"auto, (max-width: 409px) 100vw, 409px\" \/><\/figure>\r\n<\/div>\r\n\r\n\r\n\r\n<p class=\"has-medium-font-size\" style=\"text-align: justify;\">Le mus\u00e9e a particip\u00e9 \u00e0 la semaine du bizarre qui se tenait du 1er au 13 d\u00e9cembre 2020 au th\u00e9\u00e2tre municipal Berthelot-Jean-Guerin \u00e0 Montreuil.<\/p>\r\n\r\n\r\n\r\n<p class=\"has-medium-font-size\" style=\"text-align: justify;\">Il s&rsquo;agit d&rsquo;une suite de conf\u00e9rences, expositions, films, concerts, &#8230;<\/p>\r\n\r\n\r\n\r\n<p class=\"has-medium-font-size\" style=\"text-align: justify;\">Le samedi 7 d\u00e9cembre 2020, nous avons donn\u00e9 une conf\u00e9rence \u00e0 l&rsquo;invitation des <em>Revues phonographiques<\/em> organis\u00e9es par J\u00e9r\u00f4me Poret pour \u00a0\u00bb diffuser une s\u00e9rie de complicit\u00e9s d&rsquo;artistes musicien.ne.s et de machines parlantes \u00a0\u00bb disait le programme.<\/p>\r\n\r\n\r\n\r\n<p class=\"has-medium-font-size\" style=\"text-align: justify;\">Nous y sommes all\u00e9es avec un Edison Triumph afin d&rsquo;enregistrer sur cylindre en cire un extrait de musique jou\u00e9 avec au Saxo par <a href=\"https:\/\/fr.wikipedia.org\/wiki\/Quentin_Rollet\" target=\"_blank\" rel=\"noreferrer noopener\" aria-label=\"Quentin Rollet (s\u2019ouvre dans un nouvel onglet)\">Quentin Rollet<\/a>, comme cela se faisait depuis 1889, avec Jalal Aro comme op\u00e9rateur.<\/p>\r\n\r\n\r\n\r\n<figure class=\"wp-block-image\"><img loading=\"lazy\" decoding=\"async\" width=\"1024\" height=\"768\" class=\"wp-image-2365\" src=\"http:\/\/phonomuseum.fr\/wp-content\/uploads\/2019\/12\/79202300_768056966994952_1185440042034659328_n-1024x768.jpg\" alt=\"\" srcset=\"https:\/\/phonomuseum.fr\/wp-content\/uploads\/2019\/12\/79202300_768056966994952_1185440042034659328_n-1024x768.jpg 1024w, https:\/\/phonomuseum.fr\/wp-content\/uploads\/2019\/12\/79202300_768056966994952_1185440042034659328_n-300x225.jpg 300w, https:\/\/phonomuseum.fr\/wp-content\/uploads\/2019\/12\/79202300_768056966994952_1185440042034659328_n-768x576.jpg 768w, https:\/\/phonomuseum.fr\/wp-content\/uploads\/2019\/12\/79202300_768056966994952_1185440042034659328_n-600x450.jpg 600w, https:\/\/phonomuseum.fr\/wp-content\/uploads\/2019\/12\/79202300_768056966994952_1185440042034659328_n-150x113.jpg 150w, https:\/\/phonomuseum.fr\/wp-content\/uploads\/2019\/12\/79202300_768056966994952_1185440042034659328_n.jpg 1824w\" sizes=\"auto, (max-width: 1024px) 100vw, 1024px\" \/><\/figure>\r\n\r\n\r\n\r\n<figure class=\"wp-block-image\"><img loading=\"lazy\" decoding=\"async\" width=\"684\" height=\"1024\" class=\"wp-image-2370\" src=\"http:\/\/phonomuseum.fr\/wp-content\/uploads\/2019\/12\/79822730_424234855125094_4086376900690182144_n-1-684x1024.jpg\" alt=\"\" srcset=\"https:\/\/phonomuseum.fr\/wp-content\/uploads\/2019\/12\/79822730_424234855125094_4086376900690182144_n-1-684x1024.jpg 684w, https:\/\/phonomuseum.fr\/wp-content\/uploads\/2019\/12\/79822730_424234855125094_4086376900690182144_n-1-200x300.jpg 200w, https:\/\/phonomuseum.fr\/wp-content\/uploads\/2019\/12\/79822730_424234855125094_4086376900690182144_n-1-768x1150.jpg 768w, https:\/\/phonomuseum.fr\/wp-content\/uploads\/2019\/12\/79822730_424234855125094_4086376900690182144_n-1-600x899.jpg 600w, https:\/\/phonomuseum.fr\/wp-content\/uploads\/2019\/12\/79822730_424234855125094_4086376900690182144_n-1-100x150.jpg 100w, https:\/\/phonomuseum.fr\/wp-content\/uploads\/2019\/12\/79822730_424234855125094_4086376900690182144_n-1.jpg 1191w\" sizes=\"auto, (max-width: 684px) 100vw, 684px\" \/><\/figure>\r\n\r\n\r\n\r\n<p class=\"has-medium-font-size\" style=\"text-align: justify;\">Il y avait aussi un Phrynis \u00e0 disques 78 tours de 1915 qui a servi \u00e0 un \u00e9change autour de l&rsquo;enregistrement au Maroc entre Myraim Privot et Thomas Henri du PHONO Museum Paris.<\/p>\r\n\r\n\r\n\r\n<figure class=\"wp-block-image\"><img decoding=\"async\" class=\"wp-image-2366\" src=\"http:\/\/phonomuseum.fr\/wp-content\/uploads\/2019\/12\/78208854_749995005504491_1976111218779226112_n-1024x768.jpg\" alt=\"\" \/><\/figure>\r\n\r\n\r\n\r\n<p class=\"has-medium-font-size\">Enfin, un \u00e9lectrophone M\u00e9lodine de 1960 \u00e0 disposition de la cr\u00e9ation artistique <a href=\"http:\/\/www.cdmc.asso.fr\/fr\/ressources\/compositeurs\/40-composants\/marc-parazon-musicalite-physicalite\" target=\"_blank\" rel=\"noreferrer noopener\" aria-label=\"Marc Parazon (s\u2019ouvre dans un nouvel onglet)\">Marc Parazon<\/a> connu sous le pseudo Soch.<\/p>\r\n\r\n\r\n\r\n<figure class=\"wp-block-image\"><img loading=\"lazy\" decoding=\"async\" width=\"1024\" height=\"768\" class=\"wp-image-2367\" src=\"http:\/\/phonomuseum.fr\/wp-content\/uploads\/2019\/12\/79969825_2472982459610530_5024922573075382272_n-1024x768.jpg\" alt=\"\" srcset=\"https:\/\/phonomuseum.fr\/wp-content\/uploads\/2019\/12\/79969825_2472982459610530_5024922573075382272_n-1024x768.jpg 1024w, https:\/\/phonomuseum.fr\/wp-content\/uploads\/2019\/12\/79969825_2472982459610530_5024922573075382272_n-300x225.jpg 300w, https:\/\/phonomuseum.fr\/wp-content\/uploads\/2019\/12\/79969825_2472982459610530_5024922573075382272_n-768x576.jpg 768w, https:\/\/phonomuseum.fr\/wp-content\/uploads\/2019\/12\/79969825_2472982459610530_5024922573075382272_n-600x450.jpg 600w, https:\/\/phonomuseum.fr\/wp-content\/uploads\/2019\/12\/79969825_2472982459610530_5024922573075382272_n-150x113.jpg 150w, https:\/\/phonomuseum.fr\/wp-content\/uploads\/2019\/12\/79969825_2472982459610530_5024922573075382272_n.jpg 1824w\" sizes=\"auto, (max-width: 1024px) 100vw, 1024px\" \/><\/figure>\r\n","protected":false},"excerpt":{"rendered":"<p>Le mus\u00e9e a particip\u00e9 \u00e0 la semaine du bizarre qui se tenait du 1er au 13 d\u00e9cembre 2020 au th\u00e9\u00e2tre municipal Berthelot-Jean-Guerin \u00e0 Montreuil. Il s&rsquo;agit d&rsquo;une suite de conf\u00e9rences, expositions, films, concerts, &#8230; Le samedi 7 d\u00e9cembre 2020, nous avons donn\u00e9 une conf\u00e9rence \u00e0 l&rsquo;invitation des Revues phonographiques organis\u00e9es par J\u00e9r\u00f4me Poret pour \u00a0\u00bb [&hellip;]<\/p>\n","protected":false},"author":2,"featured_media":2365,"comment_status":"open","ping_status":"closed","sticky":false,"template":"","format":"standard","meta":{"footnotes":""},"categories":[14],"tags":[],"class_list":["post-2358","post","type-post","status-publish","format-standard","has-post-thumbnail","hentry","category-blog"],"yoast_head":"<!-- This site is optimized with the Yoast SEO plugin v27.5 - https:\/\/yoast.com\/product\/yoast-seo-wordpress\/ -->\n<title>La semaine du bizarre - PHONO Museum Paris<\/title>\n<meta name=\"robots\" content=\"index, follow, max-snippet:-1, max-image-preview:large, max-video-preview:-1\" \/>\n<link rel=\"canonical\" href=\"https:\/\/phonomuseum.fr\/la-semaine-du-bizarre\/\" \/>\n<meta property=\"og:locale\" content=\"fr_FR\" \/>\n<meta property=\"og:type\" content=\"article\" \/>\n<meta property=\"og:title\" content=\"La semaine du bizarre - PHONO Museum Paris\" \/>\n<meta property=\"og:description\" content=\"Le mus\u00e9e a particip\u00e9 \u00e0 la semaine du bizarre qui se tenait du 1er au 13 d\u00e9cembre 2020 au th\u00e9\u00e2tre municipal Berthelot-Jean-Guerin \u00e0 Montreuil. Il s&rsquo;agit d&rsquo;une suite de conf\u00e9rences, expositions, films, concerts, &#8230; Le samedi 7 d\u00e9cembre 2020, nous avons donn\u00e9 une conf\u00e9rence \u00e0 l&rsquo;invitation des Revues phonographiques organis\u00e9es par J\u00e9r\u00f4me Poret pour \u00a0\u00bb [&hellip;]\" \/>\n<meta property=\"og:url\" content=\"https:\/\/phonomuseum.fr\/la-semaine-du-bizarre\/\" \/>\n<meta property=\"og:site_name\" content=\"PHONO Museum Paris\" \/>\n<meta property=\"article:author\" content=\"https:\/\/www.facebook.com\/didier.vincent.7\" \/>\n<meta property=\"article:published_time\" content=\"2019-12-14T11:41:31+00:00\" \/>\n<meta property=\"article:modified_time\" content=\"2024-06-01T12:25:36+00:00\" \/>\n<meta property=\"og:image\" content=\"https:\/\/phonomuseum.fr\/wp-content\/uploads\/2019\/12\/79202300_768056966994952_1185440042034659328_n.jpg\" \/>\n\t<meta property=\"og:image:width\" content=\"1824\" \/>\n\t<meta property=\"og:image:height\" content=\"1368\" \/>\n\t<meta property=\"og:image:type\" content=\"image\/jpeg\" \/>\n<meta name=\"author\" content=\"PHONO Museum Paris\" \/>\n<meta name=\"twitter:card\" content=\"summary_large_image\" \/>\n<meta name=\"twitter:creator\" content=\"@didier_vincent\" \/>\n<meta name=\"twitter:label1\" content=\"\u00c9crit par\" \/>\n\t<meta name=\"twitter:data1\" content=\"PHONO Museum Paris\" \/>\n\t<meta name=\"twitter:label2\" content=\"Dur\u00e9e de lecture estim\u00e9e\" \/>\n\t<meta name=\"twitter:data2\" content=\"1 minute\" \/>\n<script type=\"application\/ld+json\" class=\"yoast-schema-graph\">{\"@context\":\"https:\\\/\\\/schema.org\",\"@graph\":[{\"@type\":\"Article\",\"@id\":\"https:\\\/\\\/phonomuseum.fr\\\/la-semaine-du-bizarre\\\/#article\",\"isPartOf\":{\"@id\":\"https:\\\/\\\/phonomuseum.fr\\\/la-semaine-du-bizarre\\\/\"},\"author\":{\"name\":\"PHONO Museum Paris\",\"@id\":\"https:\\\/\\\/phonomuseum.fr\\\/#\\\/schema\\\/person\\\/ccddc2cc569da3acc4b8312f4ff2b0b7\"},\"headline\":\"La semaine du bizarre\",\"datePublished\":\"2019-12-14T11:41:31+00:00\",\"dateModified\":\"2024-06-01T12:25:36+00:00\",\"mainEntityOfPage\":{\"@id\":\"https:\\\/\\\/phonomuseum.fr\\\/la-semaine-du-bizarre\\\/\"},\"wordCount\":168,\"commentCount\":0,\"image\":{\"@id\":\"https:\\\/\\\/phonomuseum.fr\\\/la-semaine-du-bizarre\\\/#primaryimage\"},\"thumbnailUrl\":\"https:\\\/\\\/phonomuseum.fr\\\/wp-content\\\/uploads\\\/2019\\\/12\\\/79202300_768056966994952_1185440042034659328_n.jpg\",\"articleSection\":[\"BLOG\"],\"inLanguage\":\"fr-FR\",\"potentialAction\":[{\"@type\":\"CommentAction\",\"name\":\"Comment\",\"target\":[\"https:\\\/\\\/phonomuseum.fr\\\/la-semaine-du-bizarre\\\/#respond\"]}]},{\"@type\":\"WebPage\",\"@id\":\"https:\\\/\\\/phonomuseum.fr\\\/la-semaine-du-bizarre\\\/\",\"url\":\"https:\\\/\\\/phonomuseum.fr\\\/la-semaine-du-bizarre\\\/\",\"name\":\"La semaine du bizarre - PHONO Museum Paris\",\"isPartOf\":{\"@id\":\"https:\\\/\\\/phonomuseum.fr\\\/#website\"},\"primaryImageOfPage\":{\"@id\":\"https:\\\/\\\/phonomuseum.fr\\\/la-semaine-du-bizarre\\\/#primaryimage\"},\"image\":{\"@id\":\"https:\\\/\\\/phonomuseum.fr\\\/la-semaine-du-bizarre\\\/#primaryimage\"},\"thumbnailUrl\":\"https:\\\/\\\/phonomuseum.fr\\\/wp-content\\\/uploads\\\/2019\\\/12\\\/79202300_768056966994952_1185440042034659328_n.jpg\",\"datePublished\":\"2019-12-14T11:41:31+00:00\",\"dateModified\":\"2024-06-01T12:25:36+00:00\",\"author\":{\"@id\":\"https:\\\/\\\/phonomuseum.fr\\\/#\\\/schema\\\/person\\\/ccddc2cc569da3acc4b8312f4ff2b0b7\"},\"breadcrumb\":{\"@id\":\"https:\\\/\\\/phonomuseum.fr\\\/la-semaine-du-bizarre\\\/#breadcrumb\"},\"inLanguage\":\"fr-FR\",\"potentialAction\":[{\"@type\":\"ReadAction\",\"target\":[\"https:\\\/\\\/phonomuseum.fr\\\/la-semaine-du-bizarre\\\/\"]}]},{\"@type\":\"ImageObject\",\"inLanguage\":\"fr-FR\",\"@id\":\"https:\\\/\\\/phonomuseum.fr\\\/la-semaine-du-bizarre\\\/#primaryimage\",\"url\":\"https:\\\/\\\/phonomuseum.fr\\\/wp-content\\\/uploads\\\/2019\\\/12\\\/79202300_768056966994952_1185440042034659328_n.jpg\",\"contentUrl\":\"https:\\\/\\\/phonomuseum.fr\\\/wp-content\\\/uploads\\\/2019\\\/12\\\/79202300_768056966994952_1185440042034659328_n.jpg\",\"width\":1824,\"height\":1368},{\"@type\":\"BreadcrumbList\",\"@id\":\"https:\\\/\\\/phonomuseum.fr\\\/la-semaine-du-bizarre\\\/#breadcrumb\",\"itemListElement\":[{\"@type\":\"ListItem\",\"position\":1,\"name\":\"Accueil\",\"item\":\"https:\\\/\\\/phonomuseum.fr\\\/accueil\\\/\"},{\"@type\":\"ListItem\",\"position\":2,\"name\":\"La semaine du bizarre\"}]},{\"@type\":\"WebSite\",\"@id\":\"https:\\\/\\\/phonomuseum.fr\\\/#website\",\"url\":\"https:\\\/\\\/phonomuseum.fr\\\/\",\"name\":\"PHONO Museum Paris\",\"description\":\"la grande aventure du son enregistr\u00e9 - L&#039;histoire sonore de 1857 \u00e0 nos jours\",\"potentialAction\":[{\"@type\":\"SearchAction\",\"target\":{\"@type\":\"EntryPoint\",\"urlTemplate\":\"https:\\\/\\\/phonomuseum.fr\\\/?s={search_term_string}\"},\"query-input\":{\"@type\":\"PropertyValueSpecification\",\"valueRequired\":true,\"valueName\":\"search_term_string\"}}],\"inLanguage\":\"fr-FR\"},{\"@type\":\"Person\",\"@id\":\"https:\\\/\\\/phonomuseum.fr\\\/#\\\/schema\\\/person\\\/ccddc2cc569da3acc4b8312f4ff2b0b7\",\"name\":\"PHONO Museum Paris\",\"image\":{\"@type\":\"ImageObject\",\"inLanguage\":\"fr-FR\",\"@id\":\"https:\\\/\\\/secure.gravatar.com\\\/avatar\\\/625e6ca9ffe4c986867da0049f4a8bab481c3379248f90cbf285f445b365f8bd?s=96&d=mm&r=g\",\"url\":\"https:\\\/\\\/secure.gravatar.com\\\/avatar\\\/625e6ca9ffe4c986867da0049f4a8bab481c3379248f90cbf285f445b365f8bd?s=96&d=mm&r=g\",\"contentUrl\":\"https:\\\/\\\/secure.gravatar.com\\\/avatar\\\/625e6ca9ffe4c986867da0049f4a8bab481c3379248f90cbf285f445b365f8bd?s=96&d=mm&r=g\",\"caption\":\"PHONO Museum Paris\"},\"sameAs\":[\"http:\\\/\\\/phonomuseum.fr\",\"https:\\\/\\\/www.facebook.com\\\/didier.vincent.7\",\"https:\\\/\\\/x.com\\\/@didier_vincent\"],\"url\":\"https:\\\/\\\/phonomuseum.fr\\\/author\\\/phono-museum-paris\\\/\"}]}<\/script>\n<!-- \/ Yoast SEO plugin. -->","yoast_head_json":{"title":"La semaine du bizarre - PHONO Museum Paris","robots":{"index":"index","follow":"follow","max-snippet":"max-snippet:-1","max-image-preview":"max-image-preview:large","max-video-preview":"max-video-preview:-1"},"canonical":"https:\/\/phonomuseum.fr\/la-semaine-du-bizarre\/","og_locale":"fr_FR","og_type":"article","og_title":"La semaine du bizarre - PHONO Museum Paris","og_description":"Le mus\u00e9e a particip\u00e9 \u00e0 la semaine du bizarre qui se tenait du 1er au 13 d\u00e9cembre 2020 au th\u00e9\u00e2tre municipal Berthelot-Jean-Guerin \u00e0 Montreuil. Il s&rsquo;agit d&rsquo;une suite de conf\u00e9rences, expositions, films, concerts, &#8230; Le samedi 7 d\u00e9cembre 2020, nous avons donn\u00e9 une conf\u00e9rence \u00e0 l&rsquo;invitation des Revues phonographiques organis\u00e9es par J\u00e9r\u00f4me Poret pour \u00a0\u00bb [&hellip;]","og_url":"https:\/\/phonomuseum.fr\/la-semaine-du-bizarre\/","og_site_name":"PHONO Museum Paris","article_author":"https:\/\/www.facebook.com\/didier.vincent.7","article_published_time":"2019-12-14T11:41:31+00:00","article_modified_time":"2024-06-01T12:25:36+00:00","og_image":[{"width":1824,"height":1368,"url":"https:\/\/phonomuseum.fr\/wp-content\/uploads\/2019\/12\/79202300_768056966994952_1185440042034659328_n.jpg","type":"image\/jpeg"}],"author":"PHONO Museum Paris","twitter_card":"summary_large_image","twitter_creator":"@didier_vincent","twitter_misc":{"\u00c9crit par":"PHONO Museum Paris","Dur\u00e9e de lecture estim\u00e9e":"1 minute"},"schema":{"@context":"https:\/\/schema.org","@graph":[{"@type":"Article","@id":"https:\/\/phonomuseum.fr\/la-semaine-du-bizarre\/#article","isPartOf":{"@id":"https:\/\/phonomuseum.fr\/la-semaine-du-bizarre\/"},"author":{"name":"PHONO Museum Paris","@id":"https:\/\/phonomuseum.fr\/#\/schema\/person\/ccddc2cc569da3acc4b8312f4ff2b0b7"},"headline":"La semaine du bizarre","datePublished":"2019-12-14T11:41:31+00:00","dateModified":"2024-06-01T12:25:36+00:00","mainEntityOfPage":{"@id":"https:\/\/phonomuseum.fr\/la-semaine-du-bizarre\/"},"wordCount":168,"commentCount":0,"image":{"@id":"https:\/\/phonomuseum.fr\/la-semaine-du-bizarre\/#primaryimage"},"thumbnailUrl":"https:\/\/phonomuseum.fr\/wp-content\/uploads\/2019\/12\/79202300_768056966994952_1185440042034659328_n.jpg","articleSection":["BLOG"],"inLanguage":"fr-FR","potentialAction":[{"@type":"CommentAction","name":"Comment","target":["https:\/\/phonomuseum.fr\/la-semaine-du-bizarre\/#respond"]}]},{"@type":"WebPage","@id":"https:\/\/phonomuseum.fr\/la-semaine-du-bizarre\/","url":"https:\/\/phonomuseum.fr\/la-semaine-du-bizarre\/","name":"La semaine du bizarre - PHONO Museum Paris","isPartOf":{"@id":"https:\/\/phonomuseum.fr\/#website"},"primaryImageOfPage":{"@id":"https:\/\/phonomuseum.fr\/la-semaine-du-bizarre\/#primaryimage"},"image":{"@id":"https:\/\/phonomuseum.fr\/la-semaine-du-bizarre\/#primaryimage"},"thumbnailUrl":"https:\/\/phonomuseum.fr\/wp-content\/uploads\/2019\/12\/79202300_768056966994952_1185440042034659328_n.jpg","datePublished":"2019-12-14T11:41:31+00:00","dateModified":"2024-06-01T12:25:36+00:00","author":{"@id":"https:\/\/phonomuseum.fr\/#\/schema\/person\/ccddc2cc569da3acc4b8312f4ff2b0b7"},"breadcrumb":{"@id":"https:\/\/phonomuseum.fr\/la-semaine-du-bizarre\/#breadcrumb"},"inLanguage":"fr-FR","potentialAction":[{"@type":"ReadAction","target":["https:\/\/phonomuseum.fr\/la-semaine-du-bizarre\/"]}]},{"@type":"ImageObject","inLanguage":"fr-FR","@id":"https:\/\/phonomuseum.fr\/la-semaine-du-bizarre\/#primaryimage","url":"https:\/\/phonomuseum.fr\/wp-content\/uploads\/2019\/12\/79202300_768056966994952_1185440042034659328_n.jpg","contentUrl":"https:\/\/phonomuseum.fr\/wp-content\/uploads\/2019\/12\/79202300_768056966994952_1185440042034659328_n.jpg","width":1824,"height":1368},{"@type":"BreadcrumbList","@id":"https:\/\/phonomuseum.fr\/la-semaine-du-bizarre\/#breadcrumb","itemListElement":[{"@type":"ListItem","position":1,"name":"Accueil","item":"https:\/\/phonomuseum.fr\/accueil\/"},{"@type":"ListItem","position":2,"name":"La semaine du bizarre"}]},{"@type":"WebSite","@id":"https:\/\/phonomuseum.fr\/#website","url":"https:\/\/phonomuseum.fr\/","name":"PHONO Museum Paris","description":"la grande aventure du son enregistr\u00e9 - L&#039;histoire sonore de 1857 \u00e0 nos jours","potentialAction":[{"@type":"SearchAction","target":{"@type":"EntryPoint","urlTemplate":"https:\/\/phonomuseum.fr\/?s={search_term_string}"},"query-input":{"@type":"PropertyValueSpecification","valueRequired":true,"valueName":"search_term_string"}}],"inLanguage":"fr-FR"},{"@type":"Person","@id":"https:\/\/phonomuseum.fr\/#\/schema\/person\/ccddc2cc569da3acc4b8312f4ff2b0b7","name":"PHONO Museum Paris","image":{"@type":"ImageObject","inLanguage":"fr-FR","@id":"https:\/\/secure.gravatar.com\/avatar\/625e6ca9ffe4c986867da0049f4a8bab481c3379248f90cbf285f445b365f8bd?s=96&d=mm&r=g","url":"https:\/\/secure.gravatar.com\/avatar\/625e6ca9ffe4c986867da0049f4a8bab481c3379248f90cbf285f445b365f8bd?s=96&d=mm&r=g","contentUrl":"https:\/\/secure.gravatar.com\/avatar\/625e6ca9ffe4c986867da0049f4a8bab481c3379248f90cbf285f445b365f8bd?s=96&d=mm&r=g","caption":"PHONO Museum Paris"},"sameAs":["http:\/\/phonomuseum.fr","https:\/\/www.facebook.com\/didier.vincent.7","https:\/\/x.com\/@didier_vincent"],"url":"https:\/\/phonomuseum.fr\/author\/phono-museum-paris\/"}]}},"_links":{"self":[{"href":"https:\/\/phonomuseum.fr\/api\/wp\/v2\/posts\/2358","targetHints":{"allow":["GET"]}}],"collection":[{"href":"https:\/\/phonomuseum.fr\/api\/wp\/v2\/posts"}],"about":[{"href":"https:\/\/phonomuseum.fr\/api\/wp\/v2\/types\/post"}],"author":[{"embeddable":true,"href":"https:\/\/phonomuseum.fr\/api\/wp\/v2\/users\/2"}],"replies":[{"embeddable":true,"href":"https:\/\/phonomuseum.fr\/api\/wp\/v2\/comments?post=2358"}],"version-history":[{"count":4,"href":"https:\/\/phonomuseum.fr\/api\/wp\/v2\/posts\/2358\/revisions"}],"predecessor-version":[{"id":4548,"href":"https:\/\/phonomuseum.fr\/api\/wp\/v2\/posts\/2358\/revisions\/4548"}],"wp:featuredmedia":[{"embeddable":true,"href":"https:\/\/phonomuseum.fr\/api\/wp\/v2\/media\/2365"}],"wp:attachment":[{"href":"https:\/\/phonomuseum.fr\/api\/wp\/v2\/media?parent=2358"}],"wp:term":[{"taxonomy":"category","embeddable":true,"href":"https:\/\/phonomuseum.fr\/api\/wp\/v2\/categories?post=2358"},{"taxonomy":"post_tag","embeddable":true,"href":"https:\/\/phonomuseum.fr\/api\/wp\/v2\/tags?post=2358"}],"curies":[{"name":"wp","href":"https:\/\/api.w.org\/{rel}","templated":true}]}}