{"id":2345,"date":"2019-11-29T11:52:46","date_gmt":"2019-11-29T10:52:46","guid":{"rendered":"http:\/\/phonomuseum.fr\/?p=2345"},"modified":"2024-06-01T14:27:31","modified_gmt":"2024-06-01T12:27:31","slug":"le-fonds-du-musee-senrichit","status":"publish","type":"post","link":"https:\/\/phonomuseum.fr\/le-fonds-du-musee-senrichit\/","title":{"rendered":"Le fonds du mus\u00e9e s&rsquo;enrichit"},"content":{"rendered":"\r\n<figure class=\"wp-block-image\"><img loading=\"lazy\" decoding=\"async\" width=\"1024\" height=\"576\" class=\"wp-image-2346\" src=\"http:\/\/phonomuseum.fr\/wp-content\/uploads\/2019\/11\/20191124_115326-1024x576.jpg\" alt=\"EMG 1930\" srcset=\"https:\/\/phonomuseum.fr\/wp-content\/uploads\/2019\/11\/20191124_115326-1024x576.jpg 1024w, https:\/\/phonomuseum.fr\/wp-content\/uploads\/2019\/11\/20191124_115326-300x169.jpg 300w, https:\/\/phonomuseum.fr\/wp-content\/uploads\/2019\/11\/20191124_115326-768x432.jpg 768w, https:\/\/phonomuseum.fr\/wp-content\/uploads\/2019\/11\/20191124_115326-600x338.jpg 600w, https:\/\/phonomuseum.fr\/wp-content\/uploads\/2019\/11\/20191124_115326-150x84.jpg 150w\" sizes=\"auto, (max-width: 1024px) 100vw, 1024px\" \/><\/figure>\r\n\r\n\r\n\r\n<p class=\"has-medium-font-size\" style=\"text-align: justify;\">Un nouvel entrant dans la collection du mus\u00e9e, et pas des moindres : un appareil britannique de la marque EMG et plus pr\u00e9cis\u00e9ment un E.M.G. XB oversize <em>(Ellis Michael Glinn)<\/em>. Le slogan de la marque \u00e9tait \u00ab\u00a0<em>hand made gramophone<\/em>\u00ab\u00a0. L&rsquo;appareil date de 1933.<\/p>\r\n\r\n\r\n\r\n<p class=\"has-medium-font-size\" style=\"text-align: justify;\">Moteur \u00e9lectrique, pour disques \u00e0 enregistrement \u00e9lectrique, il est surtout remarquable par la taille de son pavillon qui est \u00e9norme. Fait de plusieurs couches de cartons et trait\u00e9 fa\u00e7on serpent sur l&rsquo;ext\u00e9rieur pour faire joli, il donne l&rsquo;impression d&rsquo;\u00eatre au concert.<\/p>\r\n\r\n\r\n\r\n<p class=\"has-medium-font-size\" style=\"text-align: justify;\">L&rsquo;histoire dit que <a href=\"https:\/\/fr.wikipedia.org\/wiki\/Thomas_Edward_Lawrence\" target=\"_blank\" rel=\"noreferrer noopener\" aria-label=\"Sir Thomas Edward Lawrence (s\u2019ouvre dans un nouvel onglet)\">Sir Thomas Edward Lawrence<\/a> plus connu sous le nom de Lawrence d&rsquo;Arabie en poss\u00e9dait un.<\/p>\r\n\r\n\r\n\r\n<p class=\"has-medium-font-size\" style=\"text-align: justify;\">Il a besoin d&rsquo;une petite restauration, surtout pour sa t\u00eate de lecture, nous allons nous en occuper.<\/p>\r\n\r\n\r\n\r\n<p class=\"has-medium-font-size\" style=\"text-align: justify;\">Nous vous proposons d&rsquo;\u00e9couter ce fantastique appareil avec un court extrait du Faust de Gounod chant\u00e9 par le grand <a href=\"https:\/\/fr.wikipedia.org\/wiki\/Georges_Thill\" target=\"_blank\" rel=\"noreferrer noopener\" aria-label=\"Georges Thill (s\u2019ouvre dans un nouvel onglet)\">Georges Thill<\/a>.<\/p>\r\n\r\n\r\n\r\n<p class=\"has-medium-font-size\" style=\"text-align: justify;\">Le mieux est de venir le voir <em>(et l&rsquo;entendre)<\/em> au mus\u00e9e.<\/p>\r\n\r\n\r\n\r\n<figure class=\"wp-block-embed-youtube wp-block-embed is-type-video is-provider-youtube wp-embed-aspect-16-9 wp-has-aspect-ratio\">\r\n<div class=\"wp-block-embed__wrapper\"><a href=\"https:\/\/youtu.be\/HlTfAg5hdpk\">https:\/\/youtu.be\/HlTfAg5hdpk<\/a>\u00a0 <\/div>\r\n<\/figure>\r\n","protected":false},"excerpt":{"rendered":"<p>Un nouvel entrant dans la collection du mus\u00e9e, et pas des moindres : un appareil britannique de la marque EMG et plus pr\u00e9cis\u00e9ment un E.M.G. XB oversize (Ellis Michael Glinn). Le slogan de la marque \u00e9tait \u00ab\u00a0hand made gramophone\u00ab\u00a0. L&rsquo;appareil date de 1933. Moteur \u00e9lectrique, pour disques \u00e0 enregistrement \u00e9lectrique, il est surtout remarquable par [&hellip;]<\/p>\n","protected":false},"author":2,"featured_media":2346,"comment_status":"open","ping_status":"closed","sticky":false,"template":"","format":"standard","meta":{"footnotes":""},"categories":[14],"tags":[],"class_list":["post-2345","post","type-post","status-publish","format-standard","has-post-thumbnail","hentry","category-blog"],"yoast_head":"<!-- This site is optimized with the Yoast SEO plugin v27.5 - https:\/\/yoast.com\/product\/yoast-seo-wordpress\/ -->\n<title>Le fonds du mus\u00e9e s&#039;enrichit - PHONO Museum Paris<\/title>\n<meta name=\"robots\" content=\"index, follow, max-snippet:-1, max-image-preview:large, max-video-preview:-1\" \/>\n<link rel=\"canonical\" href=\"https:\/\/phonomuseum.fr\/le-fonds-du-musee-senrichit\/\" \/>\n<meta property=\"og:locale\" content=\"fr_FR\" \/>\n<meta property=\"og:type\" content=\"article\" \/>\n<meta property=\"og:title\" content=\"Le fonds du mus\u00e9e s&#039;enrichit - PHONO Museum Paris\" \/>\n<meta property=\"og:description\" content=\"Un nouvel entrant dans la collection du mus\u00e9e, et pas des moindres : un appareil britannique de la marque EMG et plus pr\u00e9cis\u00e9ment un E.M.G. XB oversize (Ellis Michael Glinn). Le slogan de la marque \u00e9tait \u00ab\u00a0hand made gramophone\u00ab\u00a0. L&rsquo;appareil date de 1933. Moteur \u00e9lectrique, pour disques \u00e0 enregistrement \u00e9lectrique, il est surtout remarquable par [&hellip;]\" \/>\n<meta property=\"og:url\" content=\"https:\/\/phonomuseum.fr\/le-fonds-du-musee-senrichit\/\" \/>\n<meta property=\"og:site_name\" content=\"PHONO Museum Paris\" \/>\n<meta property=\"article:author\" content=\"https:\/\/www.facebook.com\/didier.vincent.7\" \/>\n<meta property=\"article:published_time\" content=\"2019-11-29T10:52:46+00:00\" \/>\n<meta property=\"article:modified_time\" content=\"2024-06-01T12:27:31+00:00\" \/>\n<meta property=\"og:image\" content=\"https:\/\/phonomuseum.fr\/wp-content\/uploads\/2019\/11\/20191124_115326-1024x576.jpg\" \/>\n\t<meta property=\"og:image:width\" content=\"1024\" \/>\n\t<meta property=\"og:image:height\" content=\"576\" \/>\n\t<meta property=\"og:image:type\" content=\"image\/jpeg\" \/>\n<meta name=\"author\" content=\"PHONO Museum Paris\" \/>\n<meta name=\"twitter:card\" content=\"summary_large_image\" \/>\n<meta name=\"twitter:creator\" content=\"@didier_vincent\" \/>\n<meta name=\"twitter:label1\" content=\"\u00c9crit par\" \/>\n\t<meta name=\"twitter:data1\" content=\"PHONO Museum Paris\" \/>\n\t<meta name=\"twitter:label2\" content=\"Dur\u00e9e de lecture estim\u00e9e\" \/>\n\t<meta name=\"twitter:data2\" content=\"1 minute\" \/>\n<script type=\"application\/ld+json\" class=\"yoast-schema-graph\">{\"@context\":\"https:\\\/\\\/schema.org\",\"@graph\":[{\"@type\":\"Article\",\"@id\":\"https:\\\/\\\/phonomuseum.fr\\\/le-fonds-du-musee-senrichit\\\/#article\",\"isPartOf\":{\"@id\":\"https:\\\/\\\/phonomuseum.fr\\\/le-fonds-du-musee-senrichit\\\/\"},\"author\":{\"name\":\"PHONO Museum Paris\",\"@id\":\"https:\\\/\\\/phonomuseum.fr\\\/#\\\/schema\\\/person\\\/ccddc2cc569da3acc4b8312f4ff2b0b7\"},\"headline\":\"Le fonds du mus\u00e9e s&rsquo;enrichit\",\"datePublished\":\"2019-11-29T10:52:46+00:00\",\"dateModified\":\"2024-06-01T12:27:31+00:00\",\"mainEntityOfPage\":{\"@id\":\"https:\\\/\\\/phonomuseum.fr\\\/le-fonds-du-musee-senrichit\\\/\"},\"wordCount\":179,\"commentCount\":0,\"image\":{\"@id\":\"https:\\\/\\\/phonomuseum.fr\\\/le-fonds-du-musee-senrichit\\\/#primaryimage\"},\"thumbnailUrl\":\"https:\\\/\\\/phonomuseum.fr\\\/wp-content\\\/uploads\\\/2019\\\/11\\\/20191124_115326.jpg\",\"articleSection\":[\"BLOG\"],\"inLanguage\":\"fr-FR\",\"potentialAction\":[{\"@type\":\"CommentAction\",\"name\":\"Comment\",\"target\":[\"https:\\\/\\\/phonomuseum.fr\\\/le-fonds-du-musee-senrichit\\\/#respond\"]}]},{\"@type\":\"WebPage\",\"@id\":\"https:\\\/\\\/phonomuseum.fr\\\/le-fonds-du-musee-senrichit\\\/\",\"url\":\"https:\\\/\\\/phonomuseum.fr\\\/le-fonds-du-musee-senrichit\\\/\",\"name\":\"Le fonds du mus\u00e9e s'enrichit - PHONO Museum Paris\",\"isPartOf\":{\"@id\":\"https:\\\/\\\/phonomuseum.fr\\\/#website\"},\"primaryImageOfPage\":{\"@id\":\"https:\\\/\\\/phonomuseum.fr\\\/le-fonds-du-musee-senrichit\\\/#primaryimage\"},\"image\":{\"@id\":\"https:\\\/\\\/phonomuseum.fr\\\/le-fonds-du-musee-senrichit\\\/#primaryimage\"},\"thumbnailUrl\":\"https:\\\/\\\/phonomuseum.fr\\\/wp-content\\\/uploads\\\/2019\\\/11\\\/20191124_115326.jpg\",\"datePublished\":\"2019-11-29T10:52:46+00:00\",\"dateModified\":\"2024-06-01T12:27:31+00:00\",\"author\":{\"@id\":\"https:\\\/\\\/phonomuseum.fr\\\/#\\\/schema\\\/person\\\/ccddc2cc569da3acc4b8312f4ff2b0b7\"},\"breadcrumb\":{\"@id\":\"https:\\\/\\\/phonomuseum.fr\\\/le-fonds-du-musee-senrichit\\\/#breadcrumb\"},\"inLanguage\":\"fr-FR\",\"potentialAction\":[{\"@type\":\"ReadAction\",\"target\":[\"https:\\\/\\\/phonomuseum.fr\\\/le-fonds-du-musee-senrichit\\\/\"]}]},{\"@type\":\"ImageObject\",\"inLanguage\":\"fr-FR\",\"@id\":\"https:\\\/\\\/phonomuseum.fr\\\/le-fonds-du-musee-senrichit\\\/#primaryimage\",\"url\":\"https:\\\/\\\/phonomuseum.fr\\\/wp-content\\\/uploads\\\/2019\\\/11\\\/20191124_115326.jpg\",\"contentUrl\":\"https:\\\/\\\/phonomuseum.fr\\\/wp-content\\\/uploads\\\/2019\\\/11\\\/20191124_115326.jpg\",\"width\":5312,\"height\":2988},{\"@type\":\"BreadcrumbList\",\"@id\":\"https:\\\/\\\/phonomuseum.fr\\\/le-fonds-du-musee-senrichit\\\/#breadcrumb\",\"itemListElement\":[{\"@type\":\"ListItem\",\"position\":1,\"name\":\"Accueil\",\"item\":\"https:\\\/\\\/phonomuseum.fr\\\/accueil\\\/\"},{\"@type\":\"ListItem\",\"position\":2,\"name\":\"Le fonds du mus\u00e9e s&rsquo;enrichit\"}]},{\"@type\":\"WebSite\",\"@id\":\"https:\\\/\\\/phonomuseum.fr\\\/#website\",\"url\":\"https:\\\/\\\/phonomuseum.fr\\\/\",\"name\":\"PHONO Museum Paris\",\"description\":\"la grande aventure du son enregistr\u00e9 - L&#039;histoire sonore de 1857 \u00e0 nos jours\",\"potentialAction\":[{\"@type\":\"SearchAction\",\"target\":{\"@type\":\"EntryPoint\",\"urlTemplate\":\"https:\\\/\\\/phonomuseum.fr\\\/?s={search_term_string}\"},\"query-input\":{\"@type\":\"PropertyValueSpecification\",\"valueRequired\":true,\"valueName\":\"search_term_string\"}}],\"inLanguage\":\"fr-FR\"},{\"@type\":\"Person\",\"@id\":\"https:\\\/\\\/phonomuseum.fr\\\/#\\\/schema\\\/person\\\/ccddc2cc569da3acc4b8312f4ff2b0b7\",\"name\":\"PHONO Museum Paris\",\"image\":{\"@type\":\"ImageObject\",\"inLanguage\":\"fr-FR\",\"@id\":\"https:\\\/\\\/secure.gravatar.com\\\/avatar\\\/625e6ca9ffe4c986867da0049f4a8bab481c3379248f90cbf285f445b365f8bd?s=96&d=mm&r=g\",\"url\":\"https:\\\/\\\/secure.gravatar.com\\\/avatar\\\/625e6ca9ffe4c986867da0049f4a8bab481c3379248f90cbf285f445b365f8bd?s=96&d=mm&r=g\",\"contentUrl\":\"https:\\\/\\\/secure.gravatar.com\\\/avatar\\\/625e6ca9ffe4c986867da0049f4a8bab481c3379248f90cbf285f445b365f8bd?s=96&d=mm&r=g\",\"caption\":\"PHONO Museum Paris\"},\"sameAs\":[\"http:\\\/\\\/phonomuseum.fr\",\"https:\\\/\\\/www.facebook.com\\\/didier.vincent.7\",\"https:\\\/\\\/x.com\\\/@didier_vincent\"],\"url\":\"https:\\\/\\\/phonomuseum.fr\\\/author\\\/phono-museum-paris\\\/\"}]}<\/script>\n<!-- \/ Yoast SEO plugin. -->","yoast_head_json":{"title":"Le fonds du mus\u00e9e s'enrichit - PHONO Museum Paris","robots":{"index":"index","follow":"follow","max-snippet":"max-snippet:-1","max-image-preview":"max-image-preview:large","max-video-preview":"max-video-preview:-1"},"canonical":"https:\/\/phonomuseum.fr\/le-fonds-du-musee-senrichit\/","og_locale":"fr_FR","og_type":"article","og_title":"Le fonds du mus\u00e9e s'enrichit - PHONO Museum Paris","og_description":"Un nouvel entrant dans la collection du mus\u00e9e, et pas des moindres : un appareil britannique de la marque EMG et plus pr\u00e9cis\u00e9ment un E.M.G. XB oversize (Ellis Michael Glinn). Le slogan de la marque \u00e9tait \u00ab\u00a0hand made gramophone\u00ab\u00a0. L&rsquo;appareil date de 1933. Moteur \u00e9lectrique, pour disques \u00e0 enregistrement \u00e9lectrique, il est surtout remarquable par [&hellip;]","og_url":"https:\/\/phonomuseum.fr\/le-fonds-du-musee-senrichit\/","og_site_name":"PHONO Museum Paris","article_author":"https:\/\/www.facebook.com\/didier.vincent.7","article_published_time":"2019-11-29T10:52:46+00:00","article_modified_time":"2024-06-01T12:27:31+00:00","og_image":[{"width":1024,"height":576,"url":"https:\/\/phonomuseum.fr\/wp-content\/uploads\/2019\/11\/20191124_115326-1024x576.jpg","type":"image\/jpeg"}],"author":"PHONO Museum Paris","twitter_card":"summary_large_image","twitter_creator":"@didier_vincent","twitter_misc":{"\u00c9crit par":"PHONO Museum Paris","Dur\u00e9e de lecture estim\u00e9e":"1 minute"},"schema":{"@context":"https:\/\/schema.org","@graph":[{"@type":"Article","@id":"https:\/\/phonomuseum.fr\/le-fonds-du-musee-senrichit\/#article","isPartOf":{"@id":"https:\/\/phonomuseum.fr\/le-fonds-du-musee-senrichit\/"},"author":{"name":"PHONO Museum Paris","@id":"https:\/\/phonomuseum.fr\/#\/schema\/person\/ccddc2cc569da3acc4b8312f4ff2b0b7"},"headline":"Le fonds du mus\u00e9e s&rsquo;enrichit","datePublished":"2019-11-29T10:52:46+00:00","dateModified":"2024-06-01T12:27:31+00:00","mainEntityOfPage":{"@id":"https:\/\/phonomuseum.fr\/le-fonds-du-musee-senrichit\/"},"wordCount":179,"commentCount":0,"image":{"@id":"https:\/\/phonomuseum.fr\/le-fonds-du-musee-senrichit\/#primaryimage"},"thumbnailUrl":"https:\/\/phonomuseum.fr\/wp-content\/uploads\/2019\/11\/20191124_115326.jpg","articleSection":["BLOG"],"inLanguage":"fr-FR","potentialAction":[{"@type":"CommentAction","name":"Comment","target":["https:\/\/phonomuseum.fr\/le-fonds-du-musee-senrichit\/#respond"]}]},{"@type":"WebPage","@id":"https:\/\/phonomuseum.fr\/le-fonds-du-musee-senrichit\/","url":"https:\/\/phonomuseum.fr\/le-fonds-du-musee-senrichit\/","name":"Le fonds du mus\u00e9e s'enrichit - PHONO Museum Paris","isPartOf":{"@id":"https:\/\/phonomuseum.fr\/#website"},"primaryImageOfPage":{"@id":"https:\/\/phonomuseum.fr\/le-fonds-du-musee-senrichit\/#primaryimage"},"image":{"@id":"https:\/\/phonomuseum.fr\/le-fonds-du-musee-senrichit\/#primaryimage"},"thumbnailUrl":"https:\/\/phonomuseum.fr\/wp-content\/uploads\/2019\/11\/20191124_115326.jpg","datePublished":"2019-11-29T10:52:46+00:00","dateModified":"2024-06-01T12:27:31+00:00","author":{"@id":"https:\/\/phonomuseum.fr\/#\/schema\/person\/ccddc2cc569da3acc4b8312f4ff2b0b7"},"breadcrumb":{"@id":"https:\/\/phonomuseum.fr\/le-fonds-du-musee-senrichit\/#breadcrumb"},"inLanguage":"fr-FR","potentialAction":[{"@type":"ReadAction","target":["https:\/\/phonomuseum.fr\/le-fonds-du-musee-senrichit\/"]}]},{"@type":"ImageObject","inLanguage":"fr-FR","@id":"https:\/\/phonomuseum.fr\/le-fonds-du-musee-senrichit\/#primaryimage","url":"https:\/\/phonomuseum.fr\/wp-content\/uploads\/2019\/11\/20191124_115326.jpg","contentUrl":"https:\/\/phonomuseum.fr\/wp-content\/uploads\/2019\/11\/20191124_115326.jpg","width":5312,"height":2988},{"@type":"BreadcrumbList","@id":"https:\/\/phonomuseum.fr\/le-fonds-du-musee-senrichit\/#breadcrumb","itemListElement":[{"@type":"ListItem","position":1,"name":"Accueil","item":"https:\/\/phonomuseum.fr\/accueil\/"},{"@type":"ListItem","position":2,"name":"Le fonds du mus\u00e9e s&rsquo;enrichit"}]},{"@type":"WebSite","@id":"https:\/\/phonomuseum.fr\/#website","url":"https:\/\/phonomuseum.fr\/","name":"PHONO Museum Paris","description":"la grande aventure du son enregistr\u00e9 - L&#039;histoire sonore de 1857 \u00e0 nos jours","potentialAction":[{"@type":"SearchAction","target":{"@type":"EntryPoint","urlTemplate":"https:\/\/phonomuseum.fr\/?s={search_term_string}"},"query-input":{"@type":"PropertyValueSpecification","valueRequired":true,"valueName":"search_term_string"}}],"inLanguage":"fr-FR"},{"@type":"Person","@id":"https:\/\/phonomuseum.fr\/#\/schema\/person\/ccddc2cc569da3acc4b8312f4ff2b0b7","name":"PHONO Museum Paris","image":{"@type":"ImageObject","inLanguage":"fr-FR","@id":"https:\/\/secure.gravatar.com\/avatar\/625e6ca9ffe4c986867da0049f4a8bab481c3379248f90cbf285f445b365f8bd?s=96&d=mm&r=g","url":"https:\/\/secure.gravatar.com\/avatar\/625e6ca9ffe4c986867da0049f4a8bab481c3379248f90cbf285f445b365f8bd?s=96&d=mm&r=g","contentUrl":"https:\/\/secure.gravatar.com\/avatar\/625e6ca9ffe4c986867da0049f4a8bab481c3379248f90cbf285f445b365f8bd?s=96&d=mm&r=g","caption":"PHONO Museum Paris"},"sameAs":["http:\/\/phonomuseum.fr","https:\/\/www.facebook.com\/didier.vincent.7","https:\/\/x.com\/@didier_vincent"],"url":"https:\/\/phonomuseum.fr\/author\/phono-museum-paris\/"}]}},"_links":{"self":[{"href":"https:\/\/phonomuseum.fr\/api\/wp\/v2\/posts\/2345","targetHints":{"allow":["GET"]}}],"collection":[{"href":"https:\/\/phonomuseum.fr\/api\/wp\/v2\/posts"}],"about":[{"href":"https:\/\/phonomuseum.fr\/api\/wp\/v2\/types\/post"}],"author":[{"embeddable":true,"href":"https:\/\/phonomuseum.fr\/api\/wp\/v2\/users\/2"}],"replies":[{"embeddable":true,"href":"https:\/\/phonomuseum.fr\/api\/wp\/v2\/comments?post=2345"}],"version-history":[{"count":4,"href":"https:\/\/phonomuseum.fr\/api\/wp\/v2\/posts\/2345\/revisions"}],"predecessor-version":[{"id":4550,"href":"https:\/\/phonomuseum.fr\/api\/wp\/v2\/posts\/2345\/revisions\/4550"}],"wp:featuredmedia":[{"embeddable":true,"href":"https:\/\/phonomuseum.fr\/api\/wp\/v2\/media\/2346"}],"wp:attachment":[{"href":"https:\/\/phonomuseum.fr\/api\/wp\/v2\/media?parent=2345"}],"wp:term":[{"taxonomy":"category","embeddable":true,"href":"https:\/\/phonomuseum.fr\/api\/wp\/v2\/categories?post=2345"},{"taxonomy":"post_tag","embeddable":true,"href":"https:\/\/phonomuseum.fr\/api\/wp\/v2\/tags?post=2345"}],"curies":[{"name":"wp","href":"https:\/\/api.w.org\/{rel}","templated":true}]}}