{"id":2299,"date":"2019-11-15T13:42:03","date_gmt":"2019-11-15T12:42:03","guid":{"rendered":"http:\/\/phonomuseum.fr\/?p=2299"},"modified":"2024-06-01T14:33:59","modified_gmt":"2024-06-01T12:33:59","slug":"retour-sur-le-mama-festival-2019-2eme-partie","status":"publish","type":"post","link":"https:\/\/phonomuseum.fr\/retour-sur-le-mama-festival-2019-2eme-partie\/","title":{"rendered":"Retour sur le MaMA Festival 2019 : 2\u00e8me partie"},"content":{"rendered":"\r\n<div class=\"wp-block-image\">\r\n<figure class=\"aligncenter\"><img loading=\"lazy\" decoding=\"async\" width=\"428\" height=\"195\" class=\"wp-image-2229\" src=\"http:\/\/phonomuseum.fr\/wp-content\/uploads\/2019\/09\/image008.png\" alt=\"\" srcset=\"https:\/\/phonomuseum.fr\/wp-content\/uploads\/2019\/09\/image008.png 428w, https:\/\/phonomuseum.fr\/wp-content\/uploads\/2019\/09\/image008-300x137.png 300w, https:\/\/phonomuseum.fr\/wp-content\/uploads\/2019\/09\/image008-150x68.png 150w\" sizes=\"auto, (max-width: 428px) 100vw, 428px\" \/><\/figure>\r\n<\/div>\r\n\r\n\r\n\r\n<p class=\"has-medium-font-size\" style=\"text-align: justify;\">Le mus\u00e9e faisait partie des 10 salles s\u00e9lectionn\u00e9es par le\u00a0<a href=\"http:\/\/phonomuseum.fr\/mama-festival-2019\/\" target=\"_blank\" rel=\"noreferrer noopener\">MaMA Festival<\/a> pour les concerts des 16, 17 &amp; 18 octobre 2019. Ce fut un grand succ\u00e8s et un r\u00e9el plaisir pour nous.<\/p>\r\n\r\n\r\n\r\n<p class=\"has-medium-font-size\" style=\"text-align: justify;\">Nous avons fait quelques petites vid\u00e9os des artistes <em>(soit en r\u00e9p\u00e9tition, soit en concert)<\/em> qui se sont produits au mus\u00e9e. <em>(<a href=\"http:\/\/phonomuseum.fr\/retour-sur-le-mama-festival-2019-1ere-partie\/\" target=\"_blank\" rel=\"noreferrer noopener\" aria-label=\"voir la 1\u00e8re partie (s\u2019ouvre dans un nouvel onglet)\">voir la 1\u00e8re partie<\/a>)<\/em>. Nous continuons aujourd\u2019hui la publication de ces vid\u00e9os avec\u00a0<a href=\"https:\/\/www.mamafestival.com\/programmation\/#\/artist\/quentin-sauve-fr\" target=\"_blank\" rel=\"noreferrer noopener\" aria-label=\"Quentin Sauv\u00e9 (s\u2019ouvre dans un nouvel onglet)\">Quentin Sauv\u00e9<\/a>, <a href=\"https:\/\/www.mamafestival.com\/programmation\/#\/artist\/musset-fr\" target=\"_blank\" rel=\"noreferrer noopener\" aria-label=\"Musset (s\u2019ouvre dans un nouvel onglet)\">Musset<\/a> et <a href=\"https:\/\/www.mamafestival.com\/programmation\/#\/artist\/salome-leclerc-ca\" target=\"_blank\" rel=\"noreferrer noopener\" aria-label=\"Salom\u00e9 Leclerc (s\u2019ouvre dans un nouvel onglet)\">Salom\u00e9 Leclerc<\/a> en concert.<\/p>\r\n\r\n\r\n\r\n<figure class=\"wp-block-embed-youtube wp-block-embed is-type-video is-provider-youtube wp-embed-aspect-16-9 wp-has-aspect-ratio\">\r\n<div class=\"wp-block-embed__wrapper\"><a href=\"https:\/\/youtu.be\/ZxS_whpQeXs\" target=\"_blank\" rel=\"noopener\">https:\/\/youtu.be\/ZxS_whpQeXs<\/a><\/div>\r\n<\/figure>\r\n\r\n\r\n\r\n<figure class=\"wp-block-embed-youtube wp-block-embed is-type-video is-provider-youtube wp-embed-aspect-16-9 wp-has-aspect-ratio\">\r\n<div class=\"wp-block-embed__wrapper\"><a href=\"https:\/\/youtu.be\/YT-ojFjn2Bg\" target=\"_blank\" rel=\"noopener\">https:\/\/youtu.be\/YT-ojFjn2Bg<\/a><\/div>\r\n<\/figure>\r\n\r\n\r\n\r\n<figure class=\"wp-block-embed-youtube wp-block-embed is-type-video is-provider-youtube wp-embed-aspect-16-9 wp-has-aspect-ratio\">\r\n<div class=\"wp-block-embed__wrapper\"><a href=\"https:\/\/youtu.be\/tgdJg4LfNqM\" target=\"_blank\" rel=\"noopener\">https:\/\/youtu.be\/tgdJg4LfNqM<\/a><\/div>\r\n<\/figure>\r\n","protected":false},"excerpt":{"rendered":"<p>Le mus\u00e9e faisait partie des 10 salles s\u00e9lectionn\u00e9es par le\u00a0MaMA Festival pour les concerts des 16, 17 &amp; 18 octobre 2019. Ce fut un grand succ\u00e8s et un r\u00e9el plaisir pour nous. Nous avons fait quelques petites vid\u00e9os des artistes (soit en r\u00e9p\u00e9tition, soit en concert) qui se sont produits au mus\u00e9e. (voir la 1\u00e8re [&hellip;]<\/p>\n","protected":false},"author":2,"featured_media":2229,"comment_status":"open","ping_status":"closed","sticky":false,"template":"","format":"standard","meta":{"footnotes":""},"categories":[14],"tags":[],"class_list":["post-2299","post","type-post","status-publish","format-standard","has-post-thumbnail","hentry","category-blog"],"yoast_head":"<!-- This site is optimized with the Yoast SEO plugin v27.5 - https:\/\/yoast.com\/product\/yoast-seo-wordpress\/ -->\n<title>Retour sur le MaMA Festival 2019 : 2\u00e8me partie - PHONO Museum Paris<\/title>\n<meta name=\"robots\" content=\"index, follow, max-snippet:-1, max-image-preview:large, max-video-preview:-1\" \/>\n<link rel=\"canonical\" href=\"https:\/\/phonomuseum.fr\/retour-sur-le-mama-festival-2019-2eme-partie\/\" \/>\n<meta property=\"og:locale\" content=\"fr_FR\" \/>\n<meta property=\"og:type\" content=\"article\" \/>\n<meta property=\"og:title\" content=\"Retour sur le MaMA Festival 2019 : 2\u00e8me partie - PHONO Museum Paris\" \/>\n<meta property=\"og:description\" content=\"Le mus\u00e9e faisait partie des 10 salles s\u00e9lectionn\u00e9es par le\u00a0MaMA Festival pour les concerts des 16, 17 &amp; 18 octobre 2019. Ce fut un grand succ\u00e8s et un r\u00e9el plaisir pour nous. Nous avons fait quelques petites vid\u00e9os des artistes (soit en r\u00e9p\u00e9tition, soit en concert) qui se sont produits au mus\u00e9e. (voir la 1\u00e8re [&hellip;]\" \/>\n<meta property=\"og:url\" content=\"https:\/\/phonomuseum.fr\/retour-sur-le-mama-festival-2019-2eme-partie\/\" \/>\n<meta property=\"og:site_name\" content=\"PHONO Museum Paris\" \/>\n<meta property=\"article:author\" content=\"https:\/\/www.facebook.com\/didier.vincent.7\" \/>\n<meta property=\"article:published_time\" content=\"2019-11-15T12:42:03+00:00\" \/>\n<meta property=\"article:modified_time\" content=\"2024-06-01T12:33:59+00:00\" \/>\n<meta property=\"og:image\" content=\"https:\/\/phonomuseum.fr\/wp-content\/uploads\/2019\/09\/image008.png\" \/>\n\t<meta property=\"og:image:width\" content=\"428\" \/>\n\t<meta property=\"og:image:height\" content=\"195\" \/>\n\t<meta property=\"og:image:type\" content=\"image\/png\" \/>\n<meta name=\"author\" content=\"PHONO Museum Paris\" \/>\n<meta name=\"twitter:card\" content=\"summary_large_image\" \/>\n<meta name=\"twitter:creator\" content=\"@didier_vincent\" \/>\n<meta name=\"twitter:label1\" content=\"\u00c9crit par\" \/>\n\t<meta name=\"twitter:data1\" content=\"PHONO Museum Paris\" \/>\n<script type=\"application\/ld+json\" class=\"yoast-schema-graph\">{\"@context\":\"https:\\\/\\\/schema.org\",\"@graph\":[{\"@type\":\"Article\",\"@id\":\"https:\\\/\\\/phonomuseum.fr\\\/retour-sur-le-mama-festival-2019-2eme-partie\\\/#article\",\"isPartOf\":{\"@id\":\"https:\\\/\\\/phonomuseum.fr\\\/retour-sur-le-mama-festival-2019-2eme-partie\\\/\"},\"author\":{\"name\":\"PHONO Museum Paris\",\"@id\":\"https:\\\/\\\/phonomuseum.fr\\\/#\\\/schema\\\/person\\\/ccddc2cc569da3acc4b8312f4ff2b0b7\"},\"headline\":\"Retour sur le MaMA Festival 2019 : 2\u00e8me partie\",\"datePublished\":\"2019-11-15T12:42:03+00:00\",\"dateModified\":\"2024-06-01T12:33:59+00:00\",\"mainEntityOfPage\":{\"@id\":\"https:\\\/\\\/phonomuseum.fr\\\/retour-sur-le-mama-festival-2019-2eme-partie\\\/\"},\"wordCount\":102,\"commentCount\":0,\"image\":{\"@id\":\"https:\\\/\\\/phonomuseum.fr\\\/retour-sur-le-mama-festival-2019-2eme-partie\\\/#primaryimage\"},\"thumbnailUrl\":\"https:\\\/\\\/phonomuseum.fr\\\/wp-content\\\/uploads\\\/2019\\\/09\\\/image008.png\",\"articleSection\":[\"BLOG\"],\"inLanguage\":\"fr-FR\",\"potentialAction\":[{\"@type\":\"CommentAction\",\"name\":\"Comment\",\"target\":[\"https:\\\/\\\/phonomuseum.fr\\\/retour-sur-le-mama-festival-2019-2eme-partie\\\/#respond\"]}]},{\"@type\":\"WebPage\",\"@id\":\"https:\\\/\\\/phonomuseum.fr\\\/retour-sur-le-mama-festival-2019-2eme-partie\\\/\",\"url\":\"https:\\\/\\\/phonomuseum.fr\\\/retour-sur-le-mama-festival-2019-2eme-partie\\\/\",\"name\":\"Retour sur le MaMA Festival 2019 : 2\u00e8me partie - PHONO Museum Paris\",\"isPartOf\":{\"@id\":\"https:\\\/\\\/phonomuseum.fr\\\/#website\"},\"primaryImageOfPage\":{\"@id\":\"https:\\\/\\\/phonomuseum.fr\\\/retour-sur-le-mama-festival-2019-2eme-partie\\\/#primaryimage\"},\"image\":{\"@id\":\"https:\\\/\\\/phonomuseum.fr\\\/retour-sur-le-mama-festival-2019-2eme-partie\\\/#primaryimage\"},\"thumbnailUrl\":\"https:\\\/\\\/phonomuseum.fr\\\/wp-content\\\/uploads\\\/2019\\\/09\\\/image008.png\",\"datePublished\":\"2019-11-15T12:42:03+00:00\",\"dateModified\":\"2024-06-01T12:33:59+00:00\",\"author\":{\"@id\":\"https:\\\/\\\/phonomuseum.fr\\\/#\\\/schema\\\/person\\\/ccddc2cc569da3acc4b8312f4ff2b0b7\"},\"breadcrumb\":{\"@id\":\"https:\\\/\\\/phonomuseum.fr\\\/retour-sur-le-mama-festival-2019-2eme-partie\\\/#breadcrumb\"},\"inLanguage\":\"fr-FR\",\"potentialAction\":[{\"@type\":\"ReadAction\",\"target\":[\"https:\\\/\\\/phonomuseum.fr\\\/retour-sur-le-mama-festival-2019-2eme-partie\\\/\"]}]},{\"@type\":\"ImageObject\",\"inLanguage\":\"fr-FR\",\"@id\":\"https:\\\/\\\/phonomuseum.fr\\\/retour-sur-le-mama-festival-2019-2eme-partie\\\/#primaryimage\",\"url\":\"https:\\\/\\\/phonomuseum.fr\\\/wp-content\\\/uploads\\\/2019\\\/09\\\/image008.png\",\"contentUrl\":\"https:\\\/\\\/phonomuseum.fr\\\/wp-content\\\/uploads\\\/2019\\\/09\\\/image008.png\",\"width\":428,\"height\":195},{\"@type\":\"BreadcrumbList\",\"@id\":\"https:\\\/\\\/phonomuseum.fr\\\/retour-sur-le-mama-festival-2019-2eme-partie\\\/#breadcrumb\",\"itemListElement\":[{\"@type\":\"ListItem\",\"position\":1,\"name\":\"Accueil\",\"item\":\"https:\\\/\\\/phonomuseum.fr\\\/accueil\\\/\"},{\"@type\":\"ListItem\",\"position\":2,\"name\":\"Retour sur le MaMA Festival 2019 : 2\u00e8me partie\"}]},{\"@type\":\"WebSite\",\"@id\":\"https:\\\/\\\/phonomuseum.fr\\\/#website\",\"url\":\"https:\\\/\\\/phonomuseum.fr\\\/\",\"name\":\"PHONO Museum Paris\",\"description\":\"la grande aventure du son enregistr\u00e9 - L&#039;histoire sonore de 1857 \u00e0 nos jours\",\"potentialAction\":[{\"@type\":\"SearchAction\",\"target\":{\"@type\":\"EntryPoint\",\"urlTemplate\":\"https:\\\/\\\/phonomuseum.fr\\\/?s={search_term_string}\"},\"query-input\":{\"@type\":\"PropertyValueSpecification\",\"valueRequired\":true,\"valueName\":\"search_term_string\"}}],\"inLanguage\":\"fr-FR\"},{\"@type\":\"Person\",\"@id\":\"https:\\\/\\\/phonomuseum.fr\\\/#\\\/schema\\\/person\\\/ccddc2cc569da3acc4b8312f4ff2b0b7\",\"name\":\"PHONO Museum Paris\",\"image\":{\"@type\":\"ImageObject\",\"inLanguage\":\"fr-FR\",\"@id\":\"https:\\\/\\\/secure.gravatar.com\\\/avatar\\\/625e6ca9ffe4c986867da0049f4a8bab481c3379248f90cbf285f445b365f8bd?s=96&d=mm&r=g\",\"url\":\"https:\\\/\\\/secure.gravatar.com\\\/avatar\\\/625e6ca9ffe4c986867da0049f4a8bab481c3379248f90cbf285f445b365f8bd?s=96&d=mm&r=g\",\"contentUrl\":\"https:\\\/\\\/secure.gravatar.com\\\/avatar\\\/625e6ca9ffe4c986867da0049f4a8bab481c3379248f90cbf285f445b365f8bd?s=96&d=mm&r=g\",\"caption\":\"PHONO Museum Paris\"},\"sameAs\":[\"http:\\\/\\\/phonomuseum.fr\",\"https:\\\/\\\/www.facebook.com\\\/didier.vincent.7\",\"https:\\\/\\\/x.com\\\/@didier_vincent\"],\"url\":\"https:\\\/\\\/phonomuseum.fr\\\/author\\\/phono-museum-paris\\\/\"}]}<\/script>\n<!-- \/ Yoast SEO plugin. -->","yoast_head_json":{"title":"Retour sur le MaMA Festival 2019 : 2\u00e8me partie - PHONO Museum Paris","robots":{"index":"index","follow":"follow","max-snippet":"max-snippet:-1","max-image-preview":"max-image-preview:large","max-video-preview":"max-video-preview:-1"},"canonical":"https:\/\/phonomuseum.fr\/retour-sur-le-mama-festival-2019-2eme-partie\/","og_locale":"fr_FR","og_type":"article","og_title":"Retour sur le MaMA Festival 2019 : 2\u00e8me partie - PHONO Museum Paris","og_description":"Le mus\u00e9e faisait partie des 10 salles s\u00e9lectionn\u00e9es par le\u00a0MaMA Festival pour les concerts des 16, 17 &amp; 18 octobre 2019. Ce fut un grand succ\u00e8s et un r\u00e9el plaisir pour nous. Nous avons fait quelques petites vid\u00e9os des artistes (soit en r\u00e9p\u00e9tition, soit en concert) qui se sont produits au mus\u00e9e. (voir la 1\u00e8re [&hellip;]","og_url":"https:\/\/phonomuseum.fr\/retour-sur-le-mama-festival-2019-2eme-partie\/","og_site_name":"PHONO Museum Paris","article_author":"https:\/\/www.facebook.com\/didier.vincent.7","article_published_time":"2019-11-15T12:42:03+00:00","article_modified_time":"2024-06-01T12:33:59+00:00","og_image":[{"width":428,"height":195,"url":"https:\/\/phonomuseum.fr\/wp-content\/uploads\/2019\/09\/image008.png","type":"image\/png"}],"author":"PHONO Museum Paris","twitter_card":"summary_large_image","twitter_creator":"@didier_vincent","twitter_misc":{"\u00c9crit par":"PHONO Museum Paris"},"schema":{"@context":"https:\/\/schema.org","@graph":[{"@type":"Article","@id":"https:\/\/phonomuseum.fr\/retour-sur-le-mama-festival-2019-2eme-partie\/#article","isPartOf":{"@id":"https:\/\/phonomuseum.fr\/retour-sur-le-mama-festival-2019-2eme-partie\/"},"author":{"name":"PHONO Museum Paris","@id":"https:\/\/phonomuseum.fr\/#\/schema\/person\/ccddc2cc569da3acc4b8312f4ff2b0b7"},"headline":"Retour sur le MaMA Festival 2019 : 2\u00e8me partie","datePublished":"2019-11-15T12:42:03+00:00","dateModified":"2024-06-01T12:33:59+00:00","mainEntityOfPage":{"@id":"https:\/\/phonomuseum.fr\/retour-sur-le-mama-festival-2019-2eme-partie\/"},"wordCount":102,"commentCount":0,"image":{"@id":"https:\/\/phonomuseum.fr\/retour-sur-le-mama-festival-2019-2eme-partie\/#primaryimage"},"thumbnailUrl":"https:\/\/phonomuseum.fr\/wp-content\/uploads\/2019\/09\/image008.png","articleSection":["BLOG"],"inLanguage":"fr-FR","potentialAction":[{"@type":"CommentAction","name":"Comment","target":["https:\/\/phonomuseum.fr\/retour-sur-le-mama-festival-2019-2eme-partie\/#respond"]}]},{"@type":"WebPage","@id":"https:\/\/phonomuseum.fr\/retour-sur-le-mama-festival-2019-2eme-partie\/","url":"https:\/\/phonomuseum.fr\/retour-sur-le-mama-festival-2019-2eme-partie\/","name":"Retour sur le MaMA Festival 2019 : 2\u00e8me partie - PHONO Museum Paris","isPartOf":{"@id":"https:\/\/phonomuseum.fr\/#website"},"primaryImageOfPage":{"@id":"https:\/\/phonomuseum.fr\/retour-sur-le-mama-festival-2019-2eme-partie\/#primaryimage"},"image":{"@id":"https:\/\/phonomuseum.fr\/retour-sur-le-mama-festival-2019-2eme-partie\/#primaryimage"},"thumbnailUrl":"https:\/\/phonomuseum.fr\/wp-content\/uploads\/2019\/09\/image008.png","datePublished":"2019-11-15T12:42:03+00:00","dateModified":"2024-06-01T12:33:59+00:00","author":{"@id":"https:\/\/phonomuseum.fr\/#\/schema\/person\/ccddc2cc569da3acc4b8312f4ff2b0b7"},"breadcrumb":{"@id":"https:\/\/phonomuseum.fr\/retour-sur-le-mama-festival-2019-2eme-partie\/#breadcrumb"},"inLanguage":"fr-FR","potentialAction":[{"@type":"ReadAction","target":["https:\/\/phonomuseum.fr\/retour-sur-le-mama-festival-2019-2eme-partie\/"]}]},{"@type":"ImageObject","inLanguage":"fr-FR","@id":"https:\/\/phonomuseum.fr\/retour-sur-le-mama-festival-2019-2eme-partie\/#primaryimage","url":"https:\/\/phonomuseum.fr\/wp-content\/uploads\/2019\/09\/image008.png","contentUrl":"https:\/\/phonomuseum.fr\/wp-content\/uploads\/2019\/09\/image008.png","width":428,"height":195},{"@type":"BreadcrumbList","@id":"https:\/\/phonomuseum.fr\/retour-sur-le-mama-festival-2019-2eme-partie\/#breadcrumb","itemListElement":[{"@type":"ListItem","position":1,"name":"Accueil","item":"https:\/\/phonomuseum.fr\/accueil\/"},{"@type":"ListItem","position":2,"name":"Retour sur le MaMA Festival 2019 : 2\u00e8me partie"}]},{"@type":"WebSite","@id":"https:\/\/phonomuseum.fr\/#website","url":"https:\/\/phonomuseum.fr\/","name":"PHONO Museum Paris","description":"la grande aventure du son enregistr\u00e9 - L&#039;histoire sonore de 1857 \u00e0 nos jours","potentialAction":[{"@type":"SearchAction","target":{"@type":"EntryPoint","urlTemplate":"https:\/\/phonomuseum.fr\/?s={search_term_string}"},"query-input":{"@type":"PropertyValueSpecification","valueRequired":true,"valueName":"search_term_string"}}],"inLanguage":"fr-FR"},{"@type":"Person","@id":"https:\/\/phonomuseum.fr\/#\/schema\/person\/ccddc2cc569da3acc4b8312f4ff2b0b7","name":"PHONO Museum Paris","image":{"@type":"ImageObject","inLanguage":"fr-FR","@id":"https:\/\/secure.gravatar.com\/avatar\/625e6ca9ffe4c986867da0049f4a8bab481c3379248f90cbf285f445b365f8bd?s=96&d=mm&r=g","url":"https:\/\/secure.gravatar.com\/avatar\/625e6ca9ffe4c986867da0049f4a8bab481c3379248f90cbf285f445b365f8bd?s=96&d=mm&r=g","contentUrl":"https:\/\/secure.gravatar.com\/avatar\/625e6ca9ffe4c986867da0049f4a8bab481c3379248f90cbf285f445b365f8bd?s=96&d=mm&r=g","caption":"PHONO Museum Paris"},"sameAs":["http:\/\/phonomuseum.fr","https:\/\/www.facebook.com\/didier.vincent.7","https:\/\/x.com\/@didier_vincent"],"url":"https:\/\/phonomuseum.fr\/author\/phono-museum-paris\/"}]}},"_links":{"self":[{"href":"https:\/\/phonomuseum.fr\/api\/wp\/v2\/posts\/2299","targetHints":{"allow":["GET"]}}],"collection":[{"href":"https:\/\/phonomuseum.fr\/api\/wp\/v2\/posts"}],"about":[{"href":"https:\/\/phonomuseum.fr\/api\/wp\/v2\/types\/post"}],"author":[{"embeddable":true,"href":"https:\/\/phonomuseum.fr\/api\/wp\/v2\/users\/2"}],"replies":[{"embeddable":true,"href":"https:\/\/phonomuseum.fr\/api\/wp\/v2\/comments?post=2299"}],"version-history":[{"count":3,"href":"https:\/\/phonomuseum.fr\/api\/wp\/v2\/posts\/2299\/revisions"}],"predecessor-version":[{"id":4564,"href":"https:\/\/phonomuseum.fr\/api\/wp\/v2\/posts\/2299\/revisions\/4564"}],"wp:featuredmedia":[{"embeddable":true,"href":"https:\/\/phonomuseum.fr\/api\/wp\/v2\/media\/2229"}],"wp:attachment":[{"href":"https:\/\/phonomuseum.fr\/api\/wp\/v2\/media?parent=2299"}],"wp:term":[{"taxonomy":"category","embeddable":true,"href":"https:\/\/phonomuseum.fr\/api\/wp\/v2\/categories?post=2299"},{"taxonomy":"post_tag","embeddable":true,"href":"https:\/\/phonomuseum.fr\/api\/wp\/v2\/tags?post=2299"}],"curies":[{"name":"wp","href":"https:\/\/api.w.org\/{rel}","templated":true}]}}