{"id":2195,"date":"2019-09-10T13:52:48","date_gmt":"2019-09-10T11:52:48","guid":{"rendered":"http:\/\/phonomuseum.fr\/?p=2195"},"modified":"2024-06-01T14:43:55","modified_gmt":"2024-06-01T12:43:55","slug":"chanson-francaise-realiste-aristide-bruant","status":"publish","type":"post","link":"https:\/\/phonomuseum.fr\/chanson-francaise-realiste-aristide-bruant\/","title":{"rendered":"Chanson fran\u00e7aise r\u00e9aliste : Aristide Bruant"},"content":{"rendered":"\r\n<p class=\"has-medium-font-size\" style=\"text-align: justify;\">Est-il n\u00e9cessaire de vous pr\u00e9senter Aristide Bruant ? <a href=\"https:\/\/fr.wikipedia.org\/wiki\/Aristide_Bruant\" target=\"_blank\" rel=\"noreferrer noopener\" aria-label=\"Sa fiche Wikip\u00e9dia (s\u2019ouvre dans un nouvel onglet)\">Sa fiche Wikip\u00e9dia<\/a> est tr\u00e8s compl\u00e8te, aussi nous vous incitons \u00e0 la consulter directement.<\/p>\r\n\r\n\r\n\r\n<p class=\"has-medium-font-size\" style=\"text-align: justify;\">Dans le cadre d&rsquo;une s\u00e9rie documentaire actuellement en cours de pr\u00e9paration par France T\u00e9l\u00e9visions, le mus\u00e9e a \u00e9t\u00e9 consult\u00e9 pour parler de Bruant et de <a href=\"https:\/\/fr.wikipedia.org\/wiki\/Chanson_r%C3%A9aliste\" target=\"_blank\" rel=\"noreferrer noopener\" aria-label=\"la chanson fran\u00e7aise r\u00e9aliste (s\u2019ouvre dans un nouvel onglet)\">la chanson fran\u00e7aise r\u00e9aliste<\/a> dont Fr\u00e9hel, Damia et bien s\u00fbr Edith Piaf furent les plus \u00e9minentes repr\u00e9sentantes.<\/p>\r\n\r\n\r\n\r\n<p class=\"has-medium-font-size\" style=\"text-align: justify;\">France T\u00e9l\u00e9visions est venu tourner au mus\u00e9e une interview de Jalal Aro, conservateur, et enregistrer la lecture de plusieurs disques de Bruant que nous leur avons propos\u00e9s dont <em>\u00c0 Montmartre<\/em>, disque Path\u00e9<\/p>\r\n\r\n\r\n\r\n<figure class=\"wp-block-image\"><img loading=\"lazy\" decoding=\"async\" width=\"604\" height=\"598\" class=\"wp-image-2197\" src=\"http:\/\/phonomuseum.fr\/wp-content\/uploads\/2019\/09\/IMG_20190830_201728_resized_20190901_095626455.jpg\" alt=\"\" srcset=\"https:\/\/phonomuseum.fr\/wp-content\/uploads\/2019\/09\/IMG_20190830_201728_resized_20190901_095626455.jpg 604w, https:\/\/phonomuseum.fr\/wp-content\/uploads\/2019\/09\/IMG_20190830_201728_resized_20190901_095626455-150x150.jpg 150w, https:\/\/phonomuseum.fr\/wp-content\/uploads\/2019\/09\/IMG_20190830_201728_resized_20190901_095626455-300x297.jpg 300w, https:\/\/phonomuseum.fr\/wp-content\/uploads\/2019\/09\/IMG_20190830_201728_resized_20190901_095626455-600x594.jpg 600w\" sizes=\"auto, (max-width: 604px) 100vw, 604px\" \/><\/figure>\r\n\r\n\r\n\r\n<p class=\"has-medium-font-size\">Voici une photo du tournage<\/p>\r\n\r\n\r\n\r\n<figure class=\"wp-block-image\"><img loading=\"lazy\" decoding=\"async\" width=\"912\" height=\"684\" class=\"wp-image-2198\" src=\"http:\/\/phonomuseum.fr\/wp-content\/uploads\/2019\/09\/IMG_20190830_131434_resized_20190831_095054312.jpg\" alt=\"\" srcset=\"https:\/\/phonomuseum.fr\/wp-content\/uploads\/2019\/09\/IMG_20190830_131434_resized_20190831_095054312.jpg 912w, https:\/\/phonomuseum.fr\/wp-content\/uploads\/2019\/09\/IMG_20190830_131434_resized_20190831_095054312-300x225.jpg 300w, https:\/\/phonomuseum.fr\/wp-content\/uploads\/2019\/09\/IMG_20190830_131434_resized_20190831_095054312-768x576.jpg 768w, https:\/\/phonomuseum.fr\/wp-content\/uploads\/2019\/09\/IMG_20190830_131434_resized_20190831_095054312-600x450.jpg 600w, https:\/\/phonomuseum.fr\/wp-content\/uploads\/2019\/09\/IMG_20190830_131434_resized_20190831_095054312-150x113.jpg 150w\" sizes=\"auto, (max-width: 912px) 100vw, 912px\" \/><\/figure>\r\n\r\n\r\n\r\n<p class=\"has-medium-font-size\" style=\"text-align: justify;\">Nous sommes particuli\u00e8rement contents, et \u00e0 dire vrai assez fiers, de constater que dans nombre de cas, le mus\u00e9e est d\u00e9sormais per\u00e7u comme une r\u00e9f\u00e9rence \u00e0 laquelle on peut s&rsquo;adresser. Cela vient bien s\u00fbr de la qualit\u00e9 du fonds du mus\u00e9e mais est aussi le r\u00e9sultat de notre travail, celui de Jalal Aro le conservateur d&rsquo;abord mais aussi des b\u00e9n\u00e9voles qui font vivre le mus\u00e9e.<\/p>\r\n\r\n\r\n\r\n<p class=\"has-medium-font-size\">Voici la chanson compl\u00e8te :<\/p>\r\n\r\n\r\n\r\n<figure class=\"wp-block-embed-youtube wp-block-embed is-type-video is-provider-youtube wp-embed-aspect-16-9 wp-has-aspect-ratio\">\r\n<div class=\"wp-block-embed__wrapper\"><a href=\"https:\/\/youtu.be\/WdwvW2J9d9w\" target=\"_blank\" rel=\"noopener\">https:\/\/youtu.be\/WdwvW2J9d9w<\/a><\/div>\r\n<\/figure>\r\n","protected":false},"excerpt":{"rendered":"<p>Est-il n\u00e9cessaire de vous pr\u00e9senter Aristide Bruant ? Sa fiche Wikip\u00e9dia est tr\u00e8s compl\u00e8te, aussi nous vous incitons \u00e0 la consulter directement. Dans le cadre d&rsquo;une s\u00e9rie documentaire actuellement en cours de pr\u00e9paration par France T\u00e9l\u00e9visions, le mus\u00e9e a \u00e9t\u00e9 consult\u00e9 pour parler de Bruant et de la chanson fran\u00e7aise r\u00e9aliste dont Fr\u00e9hel, Damia et [&hellip;]<\/p>\n","protected":false},"author":2,"featured_media":2197,"comment_status":"open","ping_status":"closed","sticky":false,"template":"","format":"standard","meta":{"footnotes":""},"categories":[14],"tags":[],"class_list":["post-2195","post","type-post","status-publish","format-standard","has-post-thumbnail","hentry","category-blog"],"yoast_head":"<!-- This site is optimized with the Yoast SEO plugin v27.4 - https:\/\/yoast.com\/product\/yoast-seo-wordpress\/ -->\n<title>Chanson fran\u00e7aise r\u00e9aliste : Aristide Bruant - PHONO Museum Paris<\/title>\n<meta name=\"robots\" content=\"index, follow, max-snippet:-1, max-image-preview:large, max-video-preview:-1\" \/>\n<link rel=\"canonical\" href=\"https:\/\/phonomuseum.fr\/chanson-francaise-realiste-aristide-bruant\/\" \/>\n<meta property=\"og:locale\" content=\"fr_FR\" \/>\n<meta property=\"og:type\" content=\"article\" \/>\n<meta property=\"og:title\" content=\"Chanson fran\u00e7aise r\u00e9aliste : Aristide Bruant - PHONO Museum Paris\" \/>\n<meta property=\"og:description\" content=\"Est-il n\u00e9cessaire de vous pr\u00e9senter Aristide Bruant ? Sa fiche Wikip\u00e9dia est tr\u00e8s compl\u00e8te, aussi nous vous incitons \u00e0 la consulter directement. Dans le cadre d&rsquo;une s\u00e9rie documentaire actuellement en cours de pr\u00e9paration par France T\u00e9l\u00e9visions, le mus\u00e9e a \u00e9t\u00e9 consult\u00e9 pour parler de Bruant et de la chanson fran\u00e7aise r\u00e9aliste dont Fr\u00e9hel, Damia et [&hellip;]\" \/>\n<meta property=\"og:url\" content=\"https:\/\/phonomuseum.fr\/chanson-francaise-realiste-aristide-bruant\/\" \/>\n<meta property=\"og:site_name\" content=\"PHONO Museum Paris\" \/>\n<meta property=\"article:author\" content=\"https:\/\/www.facebook.com\/didier.vincent.7\" \/>\n<meta property=\"article:published_time\" content=\"2019-09-10T11:52:48+00:00\" \/>\n<meta property=\"article:modified_time\" content=\"2024-06-01T12:43:55+00:00\" \/>\n<meta property=\"og:image\" content=\"https:\/\/phonomuseum.fr\/wp-content\/uploads\/2019\/09\/IMG_20190830_201728_resized_20190901_095626455.jpg\" \/>\n\t<meta property=\"og:image:width\" content=\"604\" \/>\n\t<meta property=\"og:image:height\" content=\"598\" \/>\n\t<meta property=\"og:image:type\" content=\"image\/jpeg\" \/>\n<meta name=\"author\" content=\"PHONO Museum Paris\" \/>\n<meta name=\"twitter:card\" content=\"summary_large_image\" \/>\n<meta name=\"twitter:creator\" content=\"@didier_vincent\" \/>\n<meta name=\"twitter:label1\" content=\"\u00c9crit par\" \/>\n\t<meta name=\"twitter:data1\" content=\"PHONO Museum Paris\" \/>\n\t<meta name=\"twitter:label2\" content=\"Dur\u00e9e de lecture estim\u00e9e\" \/>\n\t<meta name=\"twitter:data2\" content=\"2 minutes\" \/>\n<script type=\"application\/ld+json\" class=\"yoast-schema-graph\">{\"@context\":\"https:\\\/\\\/schema.org\",\"@graph\":[{\"@type\":\"Article\",\"@id\":\"https:\\\/\\\/phonomuseum.fr\\\/chanson-francaise-realiste-aristide-bruant\\\/#article\",\"isPartOf\":{\"@id\":\"https:\\\/\\\/phonomuseum.fr\\\/chanson-francaise-realiste-aristide-bruant\\\/\"},\"author\":{\"name\":\"PHONO Museum Paris\",\"@id\":\"https:\\\/\\\/phonomuseum.fr\\\/#\\\/schema\\\/person\\\/ccddc2cc569da3acc4b8312f4ff2b0b7\"},\"headline\":\"Chanson fran\u00e7aise r\u00e9aliste : Aristide Bruant\",\"datePublished\":\"2019-09-10T11:52:48+00:00\",\"dateModified\":\"2024-06-01T12:43:55+00:00\",\"mainEntityOfPage\":{\"@id\":\"https:\\\/\\\/phonomuseum.fr\\\/chanson-francaise-realiste-aristide-bruant\\\/\"},\"wordCount\":214,\"commentCount\":0,\"image\":{\"@id\":\"https:\\\/\\\/phonomuseum.fr\\\/chanson-francaise-realiste-aristide-bruant\\\/#primaryimage\"},\"thumbnailUrl\":\"https:\\\/\\\/phonomuseum.fr\\\/wp-content\\\/uploads\\\/2019\\\/09\\\/IMG_20190830_201728_resized_20190901_095626455.jpg\",\"articleSection\":[\"BLOG\"],\"inLanguage\":\"fr-FR\",\"potentialAction\":[{\"@type\":\"CommentAction\",\"name\":\"Comment\",\"target\":[\"https:\\\/\\\/phonomuseum.fr\\\/chanson-francaise-realiste-aristide-bruant\\\/#respond\"]}]},{\"@type\":\"WebPage\",\"@id\":\"https:\\\/\\\/phonomuseum.fr\\\/chanson-francaise-realiste-aristide-bruant\\\/\",\"url\":\"https:\\\/\\\/phonomuseum.fr\\\/chanson-francaise-realiste-aristide-bruant\\\/\",\"name\":\"Chanson fran\u00e7aise r\u00e9aliste : Aristide Bruant - PHONO Museum Paris\",\"isPartOf\":{\"@id\":\"https:\\\/\\\/phonomuseum.fr\\\/#website\"},\"primaryImageOfPage\":{\"@id\":\"https:\\\/\\\/phonomuseum.fr\\\/chanson-francaise-realiste-aristide-bruant\\\/#primaryimage\"},\"image\":{\"@id\":\"https:\\\/\\\/phonomuseum.fr\\\/chanson-francaise-realiste-aristide-bruant\\\/#primaryimage\"},\"thumbnailUrl\":\"https:\\\/\\\/phonomuseum.fr\\\/wp-content\\\/uploads\\\/2019\\\/09\\\/IMG_20190830_201728_resized_20190901_095626455.jpg\",\"datePublished\":\"2019-09-10T11:52:48+00:00\",\"dateModified\":\"2024-06-01T12:43:55+00:00\",\"author\":{\"@id\":\"https:\\\/\\\/phonomuseum.fr\\\/#\\\/schema\\\/person\\\/ccddc2cc569da3acc4b8312f4ff2b0b7\"},\"breadcrumb\":{\"@id\":\"https:\\\/\\\/phonomuseum.fr\\\/chanson-francaise-realiste-aristide-bruant\\\/#breadcrumb\"},\"inLanguage\":\"fr-FR\",\"potentialAction\":[{\"@type\":\"ReadAction\",\"target\":[\"https:\\\/\\\/phonomuseum.fr\\\/chanson-francaise-realiste-aristide-bruant\\\/\"]}]},{\"@type\":\"ImageObject\",\"inLanguage\":\"fr-FR\",\"@id\":\"https:\\\/\\\/phonomuseum.fr\\\/chanson-francaise-realiste-aristide-bruant\\\/#primaryimage\",\"url\":\"https:\\\/\\\/phonomuseum.fr\\\/wp-content\\\/uploads\\\/2019\\\/09\\\/IMG_20190830_201728_resized_20190901_095626455.jpg\",\"contentUrl\":\"https:\\\/\\\/phonomuseum.fr\\\/wp-content\\\/uploads\\\/2019\\\/09\\\/IMG_20190830_201728_resized_20190901_095626455.jpg\",\"width\":604,\"height\":598},{\"@type\":\"BreadcrumbList\",\"@id\":\"https:\\\/\\\/phonomuseum.fr\\\/chanson-francaise-realiste-aristide-bruant\\\/#breadcrumb\",\"itemListElement\":[{\"@type\":\"ListItem\",\"position\":1,\"name\":\"Accueil\",\"item\":\"https:\\\/\\\/phonomuseum.fr\\\/accueil\\\/\"},{\"@type\":\"ListItem\",\"position\":2,\"name\":\"Chanson fran\u00e7aise r\u00e9aliste : Aristide Bruant\"}]},{\"@type\":\"WebSite\",\"@id\":\"https:\\\/\\\/phonomuseum.fr\\\/#website\",\"url\":\"https:\\\/\\\/phonomuseum.fr\\\/\",\"name\":\"PHONO Museum Paris\",\"description\":\"la grande aventure du son enregistr\u00e9 - L&#039;histoire sonore de 1857 \u00e0 nos jours\",\"potentialAction\":[{\"@type\":\"SearchAction\",\"target\":{\"@type\":\"EntryPoint\",\"urlTemplate\":\"https:\\\/\\\/phonomuseum.fr\\\/?s={search_term_string}\"},\"query-input\":{\"@type\":\"PropertyValueSpecification\",\"valueRequired\":true,\"valueName\":\"search_term_string\"}}],\"inLanguage\":\"fr-FR\"},{\"@type\":\"Person\",\"@id\":\"https:\\\/\\\/phonomuseum.fr\\\/#\\\/schema\\\/person\\\/ccddc2cc569da3acc4b8312f4ff2b0b7\",\"name\":\"PHONO Museum Paris\",\"image\":{\"@type\":\"ImageObject\",\"inLanguage\":\"fr-FR\",\"@id\":\"https:\\\/\\\/secure.gravatar.com\\\/avatar\\\/625e6ca9ffe4c986867da0049f4a8bab481c3379248f90cbf285f445b365f8bd?s=96&d=mm&r=g\",\"url\":\"https:\\\/\\\/secure.gravatar.com\\\/avatar\\\/625e6ca9ffe4c986867da0049f4a8bab481c3379248f90cbf285f445b365f8bd?s=96&d=mm&r=g\",\"contentUrl\":\"https:\\\/\\\/secure.gravatar.com\\\/avatar\\\/625e6ca9ffe4c986867da0049f4a8bab481c3379248f90cbf285f445b365f8bd?s=96&d=mm&r=g\",\"caption\":\"PHONO Museum Paris\"},\"sameAs\":[\"http:\\\/\\\/phonomuseum.fr\",\"https:\\\/\\\/www.facebook.com\\\/didier.vincent.7\",\"https:\\\/\\\/x.com\\\/@didier_vincent\"],\"url\":\"https:\\\/\\\/phonomuseum.fr\\\/author\\\/phono-museum-paris\\\/\"}]}<\/script>\n<!-- \/ Yoast SEO plugin. -->","yoast_head_json":{"title":"Chanson fran\u00e7aise r\u00e9aliste : Aristide Bruant - PHONO Museum Paris","robots":{"index":"index","follow":"follow","max-snippet":"max-snippet:-1","max-image-preview":"max-image-preview:large","max-video-preview":"max-video-preview:-1"},"canonical":"https:\/\/phonomuseum.fr\/chanson-francaise-realiste-aristide-bruant\/","og_locale":"fr_FR","og_type":"article","og_title":"Chanson fran\u00e7aise r\u00e9aliste : Aristide Bruant - PHONO Museum Paris","og_description":"Est-il n\u00e9cessaire de vous pr\u00e9senter Aristide Bruant ? Sa fiche Wikip\u00e9dia est tr\u00e8s compl\u00e8te, aussi nous vous incitons \u00e0 la consulter directement. Dans le cadre d&rsquo;une s\u00e9rie documentaire actuellement en cours de pr\u00e9paration par France T\u00e9l\u00e9visions, le mus\u00e9e a \u00e9t\u00e9 consult\u00e9 pour parler de Bruant et de la chanson fran\u00e7aise r\u00e9aliste dont Fr\u00e9hel, Damia et [&hellip;]","og_url":"https:\/\/phonomuseum.fr\/chanson-francaise-realiste-aristide-bruant\/","og_site_name":"PHONO Museum Paris","article_author":"https:\/\/www.facebook.com\/didier.vincent.7","article_published_time":"2019-09-10T11:52:48+00:00","article_modified_time":"2024-06-01T12:43:55+00:00","og_image":[{"width":604,"height":598,"url":"https:\/\/phonomuseum.fr\/wp-content\/uploads\/2019\/09\/IMG_20190830_201728_resized_20190901_095626455.jpg","type":"image\/jpeg"}],"author":"PHONO Museum Paris","twitter_card":"summary_large_image","twitter_creator":"@didier_vincent","twitter_misc":{"\u00c9crit par":"PHONO Museum Paris","Dur\u00e9e de lecture estim\u00e9e":"2 minutes"},"schema":{"@context":"https:\/\/schema.org","@graph":[{"@type":"Article","@id":"https:\/\/phonomuseum.fr\/chanson-francaise-realiste-aristide-bruant\/#article","isPartOf":{"@id":"https:\/\/phonomuseum.fr\/chanson-francaise-realiste-aristide-bruant\/"},"author":{"name":"PHONO Museum Paris","@id":"https:\/\/phonomuseum.fr\/#\/schema\/person\/ccddc2cc569da3acc4b8312f4ff2b0b7"},"headline":"Chanson fran\u00e7aise r\u00e9aliste : Aristide Bruant","datePublished":"2019-09-10T11:52:48+00:00","dateModified":"2024-06-01T12:43:55+00:00","mainEntityOfPage":{"@id":"https:\/\/phonomuseum.fr\/chanson-francaise-realiste-aristide-bruant\/"},"wordCount":214,"commentCount":0,"image":{"@id":"https:\/\/phonomuseum.fr\/chanson-francaise-realiste-aristide-bruant\/#primaryimage"},"thumbnailUrl":"https:\/\/phonomuseum.fr\/wp-content\/uploads\/2019\/09\/IMG_20190830_201728_resized_20190901_095626455.jpg","articleSection":["BLOG"],"inLanguage":"fr-FR","potentialAction":[{"@type":"CommentAction","name":"Comment","target":["https:\/\/phonomuseum.fr\/chanson-francaise-realiste-aristide-bruant\/#respond"]}]},{"@type":"WebPage","@id":"https:\/\/phonomuseum.fr\/chanson-francaise-realiste-aristide-bruant\/","url":"https:\/\/phonomuseum.fr\/chanson-francaise-realiste-aristide-bruant\/","name":"Chanson fran\u00e7aise r\u00e9aliste : Aristide Bruant - PHONO Museum Paris","isPartOf":{"@id":"https:\/\/phonomuseum.fr\/#website"},"primaryImageOfPage":{"@id":"https:\/\/phonomuseum.fr\/chanson-francaise-realiste-aristide-bruant\/#primaryimage"},"image":{"@id":"https:\/\/phonomuseum.fr\/chanson-francaise-realiste-aristide-bruant\/#primaryimage"},"thumbnailUrl":"https:\/\/phonomuseum.fr\/wp-content\/uploads\/2019\/09\/IMG_20190830_201728_resized_20190901_095626455.jpg","datePublished":"2019-09-10T11:52:48+00:00","dateModified":"2024-06-01T12:43:55+00:00","author":{"@id":"https:\/\/phonomuseum.fr\/#\/schema\/person\/ccddc2cc569da3acc4b8312f4ff2b0b7"},"breadcrumb":{"@id":"https:\/\/phonomuseum.fr\/chanson-francaise-realiste-aristide-bruant\/#breadcrumb"},"inLanguage":"fr-FR","potentialAction":[{"@type":"ReadAction","target":["https:\/\/phonomuseum.fr\/chanson-francaise-realiste-aristide-bruant\/"]}]},{"@type":"ImageObject","inLanguage":"fr-FR","@id":"https:\/\/phonomuseum.fr\/chanson-francaise-realiste-aristide-bruant\/#primaryimage","url":"https:\/\/phonomuseum.fr\/wp-content\/uploads\/2019\/09\/IMG_20190830_201728_resized_20190901_095626455.jpg","contentUrl":"https:\/\/phonomuseum.fr\/wp-content\/uploads\/2019\/09\/IMG_20190830_201728_resized_20190901_095626455.jpg","width":604,"height":598},{"@type":"BreadcrumbList","@id":"https:\/\/phonomuseum.fr\/chanson-francaise-realiste-aristide-bruant\/#breadcrumb","itemListElement":[{"@type":"ListItem","position":1,"name":"Accueil","item":"https:\/\/phonomuseum.fr\/accueil\/"},{"@type":"ListItem","position":2,"name":"Chanson fran\u00e7aise r\u00e9aliste : Aristide Bruant"}]},{"@type":"WebSite","@id":"https:\/\/phonomuseum.fr\/#website","url":"https:\/\/phonomuseum.fr\/","name":"PHONO Museum Paris","description":"la grande aventure du son enregistr\u00e9 - L&#039;histoire sonore de 1857 \u00e0 nos jours","potentialAction":[{"@type":"SearchAction","target":{"@type":"EntryPoint","urlTemplate":"https:\/\/phonomuseum.fr\/?s={search_term_string}"},"query-input":{"@type":"PropertyValueSpecification","valueRequired":true,"valueName":"search_term_string"}}],"inLanguage":"fr-FR"},{"@type":"Person","@id":"https:\/\/phonomuseum.fr\/#\/schema\/person\/ccddc2cc569da3acc4b8312f4ff2b0b7","name":"PHONO Museum Paris","image":{"@type":"ImageObject","inLanguage":"fr-FR","@id":"https:\/\/secure.gravatar.com\/avatar\/625e6ca9ffe4c986867da0049f4a8bab481c3379248f90cbf285f445b365f8bd?s=96&d=mm&r=g","url":"https:\/\/secure.gravatar.com\/avatar\/625e6ca9ffe4c986867da0049f4a8bab481c3379248f90cbf285f445b365f8bd?s=96&d=mm&r=g","contentUrl":"https:\/\/secure.gravatar.com\/avatar\/625e6ca9ffe4c986867da0049f4a8bab481c3379248f90cbf285f445b365f8bd?s=96&d=mm&r=g","caption":"PHONO Museum Paris"},"sameAs":["http:\/\/phonomuseum.fr","https:\/\/www.facebook.com\/didier.vincent.7","https:\/\/x.com\/@didier_vincent"],"url":"https:\/\/phonomuseum.fr\/author\/phono-museum-paris\/"}]}},"_links":{"self":[{"href":"https:\/\/phonomuseum.fr\/api\/wp\/v2\/posts\/2195","targetHints":{"allow":["GET"]}}],"collection":[{"href":"https:\/\/phonomuseum.fr\/api\/wp\/v2\/posts"}],"about":[{"href":"https:\/\/phonomuseum.fr\/api\/wp\/v2\/types\/post"}],"author":[{"embeddable":true,"href":"https:\/\/phonomuseum.fr\/api\/wp\/v2\/users\/2"}],"replies":[{"embeddable":true,"href":"https:\/\/phonomuseum.fr\/api\/wp\/v2\/comments?post=2195"}],"version-history":[{"count":4,"href":"https:\/\/phonomuseum.fr\/api\/wp\/v2\/posts\/2195\/revisions"}],"predecessor-version":[{"id":4581,"href":"https:\/\/phonomuseum.fr\/api\/wp\/v2\/posts\/2195\/revisions\/4581"}],"wp:featuredmedia":[{"embeddable":true,"href":"https:\/\/phonomuseum.fr\/api\/wp\/v2\/media\/2197"}],"wp:attachment":[{"href":"https:\/\/phonomuseum.fr\/api\/wp\/v2\/media?parent=2195"}],"wp:term":[{"taxonomy":"category","embeddable":true,"href":"https:\/\/phonomuseum.fr\/api\/wp\/v2\/categories?post=2195"},{"taxonomy":"post_tag","embeddable":true,"href":"https:\/\/phonomuseum.fr\/api\/wp\/v2\/tags?post=2195"}],"curies":[{"name":"wp","href":"https:\/\/api.w.org\/{rel}","templated":true}]}}