{"id":2166,"date":"2019-07-17T10:28:16","date_gmt":"2019-07-17T08:28:16","guid":{"rendered":"http:\/\/phonomuseum.fr\/?p=2166"},"modified":"2024-06-01T14:47:38","modified_gmt":"2024-06-01T12:47:38","slug":"phono-museum-paris-medaille","status":"publish","type":"post","link":"https:\/\/phonomuseum.fr\/phono-museum-paris-medaille\/","title":{"rendered":"PHONO Museum Paris m\u00e9daill\u00e9 !"},"content":{"rendered":"\r\n<div class=\"wp-block-image\">\r\n<figure class=\"aligncenter is-resized\"><img loading=\"lazy\" decoding=\"async\" class=\"wp-image-2168\" src=\"http:\/\/phonomuseum.fr\/wp-content\/uploads\/2019\/07\/IMG_20190716_181011_resized_20190716_061233780.jpg\" alt=\"\" width=\"371\" height=\"494\" srcset=\"https:\/\/phonomuseum.fr\/wp-content\/uploads\/2019\/07\/IMG_20190716_181011_resized_20190716_061233780.jpg 684w, https:\/\/phonomuseum.fr\/wp-content\/uploads\/2019\/07\/IMG_20190716_181011_resized_20190716_061233780-225x300.jpg 225w, https:\/\/phonomuseum.fr\/wp-content\/uploads\/2019\/07\/IMG_20190716_181011_resized_20190716_061233780-600x800.jpg 600w, https:\/\/phonomuseum.fr\/wp-content\/uploads\/2019\/07\/IMG_20190716_181011_resized_20190716_061233780-113x150.jpg 113w\" sizes=\"auto, (max-width: 371px) 100vw, 371px\" \/><\/figure>\r\n<\/div>\r\n\r\n\r\n\r\n<p class=\"has-medium-font-size\" style=\"text-align: justify;\">Comme vous le savez d\u00e9j\u00e0, ou ne le savez pas encore, le PHONO Museum Paris est g\u00e9r\u00e9 par l&rsquo;association <em><a href=\"http:\/\/phonomuseum.fr\/lassociation\/\" target=\"_blank\" rel=\"noreferrer noopener\" aria-label=\"Phonoplan\u00e8te, la grande aventure du son enregistr\u00e9 (s\u2019ouvre dans un nouvel onglet)\">Phonoplan\u00e8te, la grande aventure du son enregistr\u00e9<\/a><\/em>. C&rsquo;est avec grand plaisir et beaucoup de modestie que notre association a re\u00e7u la M\u00e9daille de la Ville de Paris au cours d&rsquo;une c\u00e9r\u00e9monie qui s&rsquo;est tenue dans les luxueux salons de l&rsquo;H\u00f4tel de Ville de Paris, le 16 Juillet 2019.<\/p>\r\n\r\n\r\n\r\n<div class=\"wp-block-image\">\r\n<figure class=\"aligncenter is-resized\"><img loading=\"lazy\" decoding=\"async\" class=\"wp-image-2169\" src=\"http:\/\/phonomuseum.fr\/wp-content\/uploads\/2019\/07\/IMG_20190716_180434_resized_20190716_063424650.jpg\" alt=\"\" width=\"364\" height=\"485\" srcset=\"https:\/\/phonomuseum.fr\/wp-content\/uploads\/2019\/07\/IMG_20190716_180434_resized_20190716_063424650.jpg 684w, https:\/\/phonomuseum.fr\/wp-content\/uploads\/2019\/07\/IMG_20190716_180434_resized_20190716_063424650-225x300.jpg 225w, https:\/\/phonomuseum.fr\/wp-content\/uploads\/2019\/07\/IMG_20190716_180434_resized_20190716_063424650-600x800.jpg 600w, https:\/\/phonomuseum.fr\/wp-content\/uploads\/2019\/07\/IMG_20190716_180434_resized_20190716_063424650-113x150.jpg 113w\" sizes=\"auto, (max-width: 364px) 100vw, 364px\" \/><\/figure>\r\n<\/div>\r\n\r\n\r\n\r\n<p class=\"has-medium-font-size\" style=\"text-align: justify;\"><em>Jalal Aro, Conservateur du PHONO Museum Paris avec son \u00e9pouse Charlotte, elle aussi tr\u00e8s impliqu\u00e9e dans le projet<\/em><\/p>\r\n\r\n\r\n\r\n<p class=\"has-medium-font-size\" style=\"text-align: justify;\">Nous avions re\u00e7u il y a quelques jours un carton d&rsquo;invitation de la mairie de Paris, mais nous pensions qu&rsquo;il s&rsquo;agissait d&rsquo;assister \u00e0 une c\u00e9r\u00e9monie comme il y en a tant, en v\u00e9rit\u00e9 sans grand int\u00e9r\u00eat. L&rsquo;insistance mise par la mairie pour s&rsquo;assurer que nous avions bien re\u00e7u l&rsquo;invitation en demandant le nom des personnes qui seraient pr\u00e9sentes nous a mis la puce \u00e0 l&rsquo;oreille. Surtout en lisant dans cette invitation \u00ab\u00a0<em>Vous \u00eates engag\u00e9-e-s aupr\u00e8s des Parisiennes et des Parisiens et faites partie des acteurs essentiels de la vie associative parisienne<\/em>. <em>Au quotidien, vous faites vivre le tissu associatif de nos quartiers et \u00eates des acteurs essentiels du lien social.\u00a0\u00bb<\/em><\/p>\r\n\r\n\r\n\r\n<p class=\"has-medium-font-size\" style=\"text-align: justify;\">Nous nous sommes donc rendus \u00e0 cette c\u00e9r\u00e9monie pour recevoir la belle m\u00e9daille apr\u00e8s un discours bien senti adress\u00e9 aux associations prononc\u00e9 par Mme Anne Hidalgo, Maire de Paris.<\/p>\r\n\r\n\r\n\r\n<p class=\"has-medium-font-size\" style=\"text-align: justify;\">Pour le mus\u00e9e, c&rsquo;est une reconnaissance du travail des b\u00e9n\u00e9voles qui assurent sa vie quotidienne mais aussi une reconnaissance de la qualit\u00e9 de notre projet. \u00c0 travers ce court article, c&rsquo;est \u00e0 ces b\u00e9n\u00e9voles sans qui rien ne serait possible que nous d\u00e9dions cette m\u00e9daille.<\/p>\r\n\r\n\r\n\r\n<div class=\"wp-block-image\">\r\n<figure class=\"aligncenter is-resized\"><img loading=\"lazy\" decoding=\"async\" class=\"wp-image-2172\" src=\"http:\/\/phonomuseum.fr\/wp-content\/uploads\/2019\/07\/IMG_20190716_175525_resized_20190716_055616025.jpg\" alt=\"\" width=\"357\" height=\"476\" srcset=\"https:\/\/phonomuseum.fr\/wp-content\/uploads\/2019\/07\/IMG_20190716_175525_resized_20190716_055616025.jpg 684w, https:\/\/phonomuseum.fr\/wp-content\/uploads\/2019\/07\/IMG_20190716_175525_resized_20190716_055616025-225x300.jpg 225w, https:\/\/phonomuseum.fr\/wp-content\/uploads\/2019\/07\/IMG_20190716_175525_resized_20190716_055616025-600x800.jpg 600w, https:\/\/phonomuseum.fr\/wp-content\/uploads\/2019\/07\/IMG_20190716_175525_resized_20190716_055616025-113x150.jpg 113w\" sizes=\"auto, (max-width: 357px) 100vw, 357px\" \/><\/figure>\r\n<\/div>\r\n\r\n\r\n\r\n<div class=\"wp-block-image\">\r\n<figure class=\"aligncenter is-resized\"><img loading=\"lazy\" decoding=\"async\" class=\"wp-image-2173\" src=\"http:\/\/phonomuseum.fr\/wp-content\/uploads\/2019\/07\/IMG_20190716_183457_resized_20190716_064204453.jpg\" alt=\"\" width=\"367\" height=\"275\" srcset=\"https:\/\/phonomuseum.fr\/wp-content\/uploads\/2019\/07\/IMG_20190716_183457_resized_20190716_064204453.jpg 912w, https:\/\/phonomuseum.fr\/wp-content\/uploads\/2019\/07\/IMG_20190716_183457_resized_20190716_064204453-300x225.jpg 300w, https:\/\/phonomuseum.fr\/wp-content\/uploads\/2019\/07\/IMG_20190716_183457_resized_20190716_064204453-768x576.jpg 768w, https:\/\/phonomuseum.fr\/wp-content\/uploads\/2019\/07\/IMG_20190716_183457_resized_20190716_064204453-600x450.jpg 600w, https:\/\/phonomuseum.fr\/wp-content\/uploads\/2019\/07\/IMG_20190716_183457_resized_20190716_064204453-150x113.jpg 150w\" sizes=\"auto, (max-width: 367px) 100vw, 367px\" \/><\/figure>\r\n<\/div>\r\n","protected":false},"excerpt":{"rendered":"<p>Comme vous le savez d\u00e9j\u00e0, ou ne le savez pas encore, le PHONO Museum Paris est g\u00e9r\u00e9 par l&rsquo;association Phonoplan\u00e8te, la grande aventure du son enregistr\u00e9. C&rsquo;est avec grand plaisir et beaucoup de modestie que notre association a re\u00e7u la M\u00e9daille de la Ville de Paris au cours d&rsquo;une c\u00e9r\u00e9monie qui s&rsquo;est tenue dans les [&hellip;]<\/p>\n","protected":false},"author":2,"featured_media":2172,"comment_status":"open","ping_status":"closed","sticky":false,"template":"","format":"standard","meta":{"footnotes":""},"categories":[14],"tags":[],"class_list":["post-2166","post","type-post","status-publish","format-standard","has-post-thumbnail","hentry","category-blog"],"yoast_head":"<!-- This site is optimized with the Yoast SEO plugin v27.5 - https:\/\/yoast.com\/product\/yoast-seo-wordpress\/ -->\n<title>PHONO Museum Paris m\u00e9daill\u00e9 ! - PHONO Museum Paris<\/title>\n<meta name=\"robots\" content=\"index, follow, max-snippet:-1, max-image-preview:large, max-video-preview:-1\" \/>\n<link rel=\"canonical\" href=\"https:\/\/phonomuseum.fr\/phono-museum-paris-medaille\/\" \/>\n<meta property=\"og:locale\" content=\"fr_FR\" \/>\n<meta property=\"og:type\" content=\"article\" \/>\n<meta property=\"og:title\" content=\"PHONO Museum Paris m\u00e9daill\u00e9 ! - PHONO Museum Paris\" \/>\n<meta property=\"og:description\" content=\"Comme vous le savez d\u00e9j\u00e0, ou ne le savez pas encore, le PHONO Museum Paris est g\u00e9r\u00e9 par l&rsquo;association Phonoplan\u00e8te, la grande aventure du son enregistr\u00e9. C&rsquo;est avec grand plaisir et beaucoup de modestie que notre association a re\u00e7u la M\u00e9daille de la Ville de Paris au cours d&rsquo;une c\u00e9r\u00e9monie qui s&rsquo;est tenue dans les [&hellip;]\" \/>\n<meta property=\"og:url\" content=\"https:\/\/phonomuseum.fr\/phono-museum-paris-medaille\/\" \/>\n<meta property=\"og:site_name\" content=\"PHONO Museum Paris\" \/>\n<meta property=\"article:author\" content=\"https:\/\/www.facebook.com\/didier.vincent.7\" \/>\n<meta property=\"article:published_time\" content=\"2019-07-17T08:28:16+00:00\" \/>\n<meta property=\"article:modified_time\" content=\"2024-06-01T12:47:38+00:00\" \/>\n<meta property=\"og:image\" content=\"https:\/\/phonomuseum.fr\/wp-content\/uploads\/2019\/07\/IMG_20190716_175525_resized_20190716_055616025.jpg\" \/>\n\t<meta property=\"og:image:width\" content=\"684\" \/>\n\t<meta property=\"og:image:height\" content=\"912\" \/>\n\t<meta property=\"og:image:type\" content=\"image\/jpeg\" \/>\n<meta name=\"author\" content=\"PHONO Museum Paris\" \/>\n<meta name=\"twitter:card\" content=\"summary_large_image\" \/>\n<meta name=\"twitter:creator\" content=\"@didier_vincent\" \/>\n<meta name=\"twitter:label1\" content=\"\u00c9crit par\" \/>\n\t<meta name=\"twitter:data1\" content=\"PHONO Museum Paris\" \/>\n\t<meta name=\"twitter:label2\" content=\"Dur\u00e9e de lecture estim\u00e9e\" \/>\n\t<meta name=\"twitter:data2\" content=\"1 minute\" \/>\n<script type=\"application\/ld+json\" class=\"yoast-schema-graph\">{\"@context\":\"https:\\\/\\\/schema.org\",\"@graph\":[{\"@type\":\"Article\",\"@id\":\"https:\\\/\\\/phonomuseum.fr\\\/phono-museum-paris-medaille\\\/#article\",\"isPartOf\":{\"@id\":\"https:\\\/\\\/phonomuseum.fr\\\/phono-museum-paris-medaille\\\/\"},\"author\":{\"name\":\"PHONO Museum Paris\",\"@id\":\"https:\\\/\\\/phonomuseum.fr\\\/#\\\/schema\\\/person\\\/ccddc2cc569da3acc4b8312f4ff2b0b7\"},\"headline\":\"PHONO Museum Paris m\u00e9daill\u00e9 !\",\"datePublished\":\"2019-07-17T08:28:16+00:00\",\"dateModified\":\"2024-06-01T12:47:38+00:00\",\"mainEntityOfPage\":{\"@id\":\"https:\\\/\\\/phonomuseum.fr\\\/phono-museum-paris-medaille\\\/\"},\"wordCount\":313,\"commentCount\":1,\"image\":{\"@id\":\"https:\\\/\\\/phonomuseum.fr\\\/phono-museum-paris-medaille\\\/#primaryimage\"},\"thumbnailUrl\":\"https:\\\/\\\/phonomuseum.fr\\\/wp-content\\\/uploads\\\/2019\\\/07\\\/IMG_20190716_175525_resized_20190716_055616025.jpg\",\"articleSection\":[\"BLOG\"],\"inLanguage\":\"fr-FR\",\"potentialAction\":[{\"@type\":\"CommentAction\",\"name\":\"Comment\",\"target\":[\"https:\\\/\\\/phonomuseum.fr\\\/phono-museum-paris-medaille\\\/#respond\"]}]},{\"@type\":\"WebPage\",\"@id\":\"https:\\\/\\\/phonomuseum.fr\\\/phono-museum-paris-medaille\\\/\",\"url\":\"https:\\\/\\\/phonomuseum.fr\\\/phono-museum-paris-medaille\\\/\",\"name\":\"PHONO Museum Paris m\u00e9daill\u00e9 ! - PHONO Museum Paris\",\"isPartOf\":{\"@id\":\"https:\\\/\\\/phonomuseum.fr\\\/#website\"},\"primaryImageOfPage\":{\"@id\":\"https:\\\/\\\/phonomuseum.fr\\\/phono-museum-paris-medaille\\\/#primaryimage\"},\"image\":{\"@id\":\"https:\\\/\\\/phonomuseum.fr\\\/phono-museum-paris-medaille\\\/#primaryimage\"},\"thumbnailUrl\":\"https:\\\/\\\/phonomuseum.fr\\\/wp-content\\\/uploads\\\/2019\\\/07\\\/IMG_20190716_175525_resized_20190716_055616025.jpg\",\"datePublished\":\"2019-07-17T08:28:16+00:00\",\"dateModified\":\"2024-06-01T12:47:38+00:00\",\"author\":{\"@id\":\"https:\\\/\\\/phonomuseum.fr\\\/#\\\/schema\\\/person\\\/ccddc2cc569da3acc4b8312f4ff2b0b7\"},\"breadcrumb\":{\"@id\":\"https:\\\/\\\/phonomuseum.fr\\\/phono-museum-paris-medaille\\\/#breadcrumb\"},\"inLanguage\":\"fr-FR\",\"potentialAction\":[{\"@type\":\"ReadAction\",\"target\":[\"https:\\\/\\\/phonomuseum.fr\\\/phono-museum-paris-medaille\\\/\"]}]},{\"@type\":\"ImageObject\",\"inLanguage\":\"fr-FR\",\"@id\":\"https:\\\/\\\/phonomuseum.fr\\\/phono-museum-paris-medaille\\\/#primaryimage\",\"url\":\"https:\\\/\\\/phonomuseum.fr\\\/wp-content\\\/uploads\\\/2019\\\/07\\\/IMG_20190716_175525_resized_20190716_055616025.jpg\",\"contentUrl\":\"https:\\\/\\\/phonomuseum.fr\\\/wp-content\\\/uploads\\\/2019\\\/07\\\/IMG_20190716_175525_resized_20190716_055616025.jpg\",\"width\":684,\"height\":912},{\"@type\":\"BreadcrumbList\",\"@id\":\"https:\\\/\\\/phonomuseum.fr\\\/phono-museum-paris-medaille\\\/#breadcrumb\",\"itemListElement\":[{\"@type\":\"ListItem\",\"position\":1,\"name\":\"Accueil\",\"item\":\"https:\\\/\\\/phonomuseum.fr\\\/accueil\\\/\"},{\"@type\":\"ListItem\",\"position\":2,\"name\":\"PHONO Museum Paris m\u00e9daill\u00e9 !\"}]},{\"@type\":\"WebSite\",\"@id\":\"https:\\\/\\\/phonomuseum.fr\\\/#website\",\"url\":\"https:\\\/\\\/phonomuseum.fr\\\/\",\"name\":\"PHONO Museum Paris\",\"description\":\"la grande aventure du son enregistr\u00e9 - L&#039;histoire sonore de 1857 \u00e0 nos jours\",\"potentialAction\":[{\"@type\":\"SearchAction\",\"target\":{\"@type\":\"EntryPoint\",\"urlTemplate\":\"https:\\\/\\\/phonomuseum.fr\\\/?s={search_term_string}\"},\"query-input\":{\"@type\":\"PropertyValueSpecification\",\"valueRequired\":true,\"valueName\":\"search_term_string\"}}],\"inLanguage\":\"fr-FR\"},{\"@type\":\"Person\",\"@id\":\"https:\\\/\\\/phonomuseum.fr\\\/#\\\/schema\\\/person\\\/ccddc2cc569da3acc4b8312f4ff2b0b7\",\"name\":\"PHONO Museum Paris\",\"image\":{\"@type\":\"ImageObject\",\"inLanguage\":\"fr-FR\",\"@id\":\"https:\\\/\\\/secure.gravatar.com\\\/avatar\\\/625e6ca9ffe4c986867da0049f4a8bab481c3379248f90cbf285f445b365f8bd?s=96&d=mm&r=g\",\"url\":\"https:\\\/\\\/secure.gravatar.com\\\/avatar\\\/625e6ca9ffe4c986867da0049f4a8bab481c3379248f90cbf285f445b365f8bd?s=96&d=mm&r=g\",\"contentUrl\":\"https:\\\/\\\/secure.gravatar.com\\\/avatar\\\/625e6ca9ffe4c986867da0049f4a8bab481c3379248f90cbf285f445b365f8bd?s=96&d=mm&r=g\",\"caption\":\"PHONO Museum Paris\"},\"sameAs\":[\"http:\\\/\\\/phonomuseum.fr\",\"https:\\\/\\\/www.facebook.com\\\/didier.vincent.7\",\"https:\\\/\\\/x.com\\\/@didier_vincent\"],\"url\":\"https:\\\/\\\/phonomuseum.fr\\\/author\\\/phono-museum-paris\\\/\"}]}<\/script>\n<!-- \/ Yoast SEO plugin. -->","yoast_head_json":{"title":"PHONO Museum Paris m\u00e9daill\u00e9 ! - PHONO Museum Paris","robots":{"index":"index","follow":"follow","max-snippet":"max-snippet:-1","max-image-preview":"max-image-preview:large","max-video-preview":"max-video-preview:-1"},"canonical":"https:\/\/phonomuseum.fr\/phono-museum-paris-medaille\/","og_locale":"fr_FR","og_type":"article","og_title":"PHONO Museum Paris m\u00e9daill\u00e9 ! - PHONO Museum Paris","og_description":"Comme vous le savez d\u00e9j\u00e0, ou ne le savez pas encore, le PHONO Museum Paris est g\u00e9r\u00e9 par l&rsquo;association Phonoplan\u00e8te, la grande aventure du son enregistr\u00e9. C&rsquo;est avec grand plaisir et beaucoup de modestie que notre association a re\u00e7u la M\u00e9daille de la Ville de Paris au cours d&rsquo;une c\u00e9r\u00e9monie qui s&rsquo;est tenue dans les [&hellip;]","og_url":"https:\/\/phonomuseum.fr\/phono-museum-paris-medaille\/","og_site_name":"PHONO Museum Paris","article_author":"https:\/\/www.facebook.com\/didier.vincent.7","article_published_time":"2019-07-17T08:28:16+00:00","article_modified_time":"2024-06-01T12:47:38+00:00","og_image":[{"width":684,"height":912,"url":"https:\/\/phonomuseum.fr\/wp-content\/uploads\/2019\/07\/IMG_20190716_175525_resized_20190716_055616025.jpg","type":"image\/jpeg"}],"author":"PHONO Museum Paris","twitter_card":"summary_large_image","twitter_creator":"@didier_vincent","twitter_misc":{"\u00c9crit par":"PHONO Museum Paris","Dur\u00e9e de lecture estim\u00e9e":"1 minute"},"schema":{"@context":"https:\/\/schema.org","@graph":[{"@type":"Article","@id":"https:\/\/phonomuseum.fr\/phono-museum-paris-medaille\/#article","isPartOf":{"@id":"https:\/\/phonomuseum.fr\/phono-museum-paris-medaille\/"},"author":{"name":"PHONO Museum Paris","@id":"https:\/\/phonomuseum.fr\/#\/schema\/person\/ccddc2cc569da3acc4b8312f4ff2b0b7"},"headline":"PHONO Museum Paris m\u00e9daill\u00e9 !","datePublished":"2019-07-17T08:28:16+00:00","dateModified":"2024-06-01T12:47:38+00:00","mainEntityOfPage":{"@id":"https:\/\/phonomuseum.fr\/phono-museum-paris-medaille\/"},"wordCount":313,"commentCount":1,"image":{"@id":"https:\/\/phonomuseum.fr\/phono-museum-paris-medaille\/#primaryimage"},"thumbnailUrl":"https:\/\/phonomuseum.fr\/wp-content\/uploads\/2019\/07\/IMG_20190716_175525_resized_20190716_055616025.jpg","articleSection":["BLOG"],"inLanguage":"fr-FR","potentialAction":[{"@type":"CommentAction","name":"Comment","target":["https:\/\/phonomuseum.fr\/phono-museum-paris-medaille\/#respond"]}]},{"@type":"WebPage","@id":"https:\/\/phonomuseum.fr\/phono-museum-paris-medaille\/","url":"https:\/\/phonomuseum.fr\/phono-museum-paris-medaille\/","name":"PHONO Museum Paris m\u00e9daill\u00e9 ! - PHONO Museum Paris","isPartOf":{"@id":"https:\/\/phonomuseum.fr\/#website"},"primaryImageOfPage":{"@id":"https:\/\/phonomuseum.fr\/phono-museum-paris-medaille\/#primaryimage"},"image":{"@id":"https:\/\/phonomuseum.fr\/phono-museum-paris-medaille\/#primaryimage"},"thumbnailUrl":"https:\/\/phonomuseum.fr\/wp-content\/uploads\/2019\/07\/IMG_20190716_175525_resized_20190716_055616025.jpg","datePublished":"2019-07-17T08:28:16+00:00","dateModified":"2024-06-01T12:47:38+00:00","author":{"@id":"https:\/\/phonomuseum.fr\/#\/schema\/person\/ccddc2cc569da3acc4b8312f4ff2b0b7"},"breadcrumb":{"@id":"https:\/\/phonomuseum.fr\/phono-museum-paris-medaille\/#breadcrumb"},"inLanguage":"fr-FR","potentialAction":[{"@type":"ReadAction","target":["https:\/\/phonomuseum.fr\/phono-museum-paris-medaille\/"]}]},{"@type":"ImageObject","inLanguage":"fr-FR","@id":"https:\/\/phonomuseum.fr\/phono-museum-paris-medaille\/#primaryimage","url":"https:\/\/phonomuseum.fr\/wp-content\/uploads\/2019\/07\/IMG_20190716_175525_resized_20190716_055616025.jpg","contentUrl":"https:\/\/phonomuseum.fr\/wp-content\/uploads\/2019\/07\/IMG_20190716_175525_resized_20190716_055616025.jpg","width":684,"height":912},{"@type":"BreadcrumbList","@id":"https:\/\/phonomuseum.fr\/phono-museum-paris-medaille\/#breadcrumb","itemListElement":[{"@type":"ListItem","position":1,"name":"Accueil","item":"https:\/\/phonomuseum.fr\/accueil\/"},{"@type":"ListItem","position":2,"name":"PHONO Museum Paris m\u00e9daill\u00e9 !"}]},{"@type":"WebSite","@id":"https:\/\/phonomuseum.fr\/#website","url":"https:\/\/phonomuseum.fr\/","name":"PHONO Museum Paris","description":"la grande aventure du son enregistr\u00e9 - L&#039;histoire sonore de 1857 \u00e0 nos jours","potentialAction":[{"@type":"SearchAction","target":{"@type":"EntryPoint","urlTemplate":"https:\/\/phonomuseum.fr\/?s={search_term_string}"},"query-input":{"@type":"PropertyValueSpecification","valueRequired":true,"valueName":"search_term_string"}}],"inLanguage":"fr-FR"},{"@type":"Person","@id":"https:\/\/phonomuseum.fr\/#\/schema\/person\/ccddc2cc569da3acc4b8312f4ff2b0b7","name":"PHONO Museum Paris","image":{"@type":"ImageObject","inLanguage":"fr-FR","@id":"https:\/\/secure.gravatar.com\/avatar\/625e6ca9ffe4c986867da0049f4a8bab481c3379248f90cbf285f445b365f8bd?s=96&d=mm&r=g","url":"https:\/\/secure.gravatar.com\/avatar\/625e6ca9ffe4c986867da0049f4a8bab481c3379248f90cbf285f445b365f8bd?s=96&d=mm&r=g","contentUrl":"https:\/\/secure.gravatar.com\/avatar\/625e6ca9ffe4c986867da0049f4a8bab481c3379248f90cbf285f445b365f8bd?s=96&d=mm&r=g","caption":"PHONO Museum Paris"},"sameAs":["http:\/\/phonomuseum.fr","https:\/\/www.facebook.com\/didier.vincent.7","https:\/\/x.com\/@didier_vincent"],"url":"https:\/\/phonomuseum.fr\/author\/phono-museum-paris\/"}]}},"_links":{"self":[{"href":"https:\/\/phonomuseum.fr\/api\/wp\/v2\/posts\/2166","targetHints":{"allow":["GET"]}}],"collection":[{"href":"https:\/\/phonomuseum.fr\/api\/wp\/v2\/posts"}],"about":[{"href":"https:\/\/phonomuseum.fr\/api\/wp\/v2\/types\/post"}],"author":[{"embeddable":true,"href":"https:\/\/phonomuseum.fr\/api\/wp\/v2\/users\/2"}],"replies":[{"embeddable":true,"href":"https:\/\/phonomuseum.fr\/api\/wp\/v2\/comments?post=2166"}],"version-history":[{"count":4,"href":"https:\/\/phonomuseum.fr\/api\/wp\/v2\/posts\/2166\/revisions"}],"predecessor-version":[{"id":4582,"href":"https:\/\/phonomuseum.fr\/api\/wp\/v2\/posts\/2166\/revisions\/4582"}],"wp:featuredmedia":[{"embeddable":true,"href":"https:\/\/phonomuseum.fr\/api\/wp\/v2\/media\/2172"}],"wp:attachment":[{"href":"https:\/\/phonomuseum.fr\/api\/wp\/v2\/media?parent=2166"}],"wp:term":[{"taxonomy":"category","embeddable":true,"href":"https:\/\/phonomuseum.fr\/api\/wp\/v2\/categories?post=2166"},{"taxonomy":"post_tag","embeddable":true,"href":"https:\/\/phonomuseum.fr\/api\/wp\/v2\/tags?post=2166"}],"curies":[{"name":"wp","href":"https:\/\/api.w.org\/{rel}","templated":true}]}}