{"id":1926,"date":"2019-03-12T15:59:53","date_gmt":"2019-03-12T14:59:53","guid":{"rendered":"http:\/\/phonomuseum.fr\/?p=1926"},"modified":"2024-06-01T14:58:16","modified_gmt":"2024-06-01T12:58:16","slug":"a-lecoute-du-passe","status":"publish","type":"post","link":"https:\/\/phonomuseum.fr\/a-lecoute-du-passe\/","title":{"rendered":"A l&rsquo;\u00e9coute du pass\u00e9"},"content":{"rendered":"\r\n<p class=\"has-medium-font-size\" style=\"text-align: justify;\">\u00catre un mus\u00e9e vivant, tel est un des objectifs du PHONO Museum Paris. Mais un mus\u00e9e vivant, qu&rsquo;est-ce-que cela veut dire ? Beaucoup de choses dans la gestion du fonds du mus\u00e9e, bien s\u00fbr, mais au del\u00e0, permettre aux visiteurs autre chose que de regarder un objet derri\u00e8re une vitrine. Au mus\u00e9e, on peut faire fonctionner les machines parlantes. Car toutes ou presque sont en \u00e9tat de marche.<\/p>\r\n\r\n\r\n\r\n<p class=\"has-medium-font-size\" style=\"text-align: justify;\">Et les faire fonctionner, pourquoi ? Pour que les visiteurs retrouvent le son du pass\u00e9, entendent comment nos anc\u00eatres \u00e9coutaient de la musique. Mais on peut aussi faire autre chose.<\/p>\r\n\r\n\r\n\r\n<p class=\"has-medium-font-size\" style=\"text-align: justify;\">St\u00e9phane Catalano est chef d&rsquo;orchestre et directeur musical de l&rsquo;orchestre Musica Sconosciuta. D&rsquo;origine austro-sicilienne, il vit aujourd&rsquo;hui en France. Il est venu visiter le mus\u00e9e et, en \u00e9coutant des disques sur les phonos, lui est venue une id\u00e9e : r\u00e9\u00e9couter des disques anciens sur des machines de la m\u00eame \u00e9poque. Nous avons organis\u00e9 une conf\u00e9rence avec auditions le 10 mars 2019 avec des disques et des cylindres choisis dans le fonds du mus\u00e9e, des enregistrements de chants, St\u00e9phane Catalano \u00e9tant sp\u00e9cialiste du lyrique, il a aussi s\u00e9lectionn\u00e9 les machines pour les \u00e9couter. La p\u00e9riode choisie pour les enregistrements va de 1900 \u00e0 1930. Une exp\u00e9rience passionnante, vivante, humaine, artistique et aussi technique.<\/p>\r\n\r\n\r\n\r\n<p class=\"has-medium-font-size\" style=\"text-align: justify;\">Pr\u00e9sentons les quatre phonos retenus pour cette conf\u00e9rence. Ils ont \u00e9t\u00e9 s\u00e9lectionn\u00e9s minutieusement par St\u00e9phane Catalano et Jalal Aro, conservateur du mus\u00e9e.<\/p>\r\n\r\n\r\n\r\n<figure class=\"wp-block-image\"><img loading=\"lazy\" decoding=\"async\" width=\"1024\" height=\"576\" class=\"wp-image-1950\" src=\"http:\/\/phonomuseum.fr\/wp-content\/uploads\/2019\/03\/20190310_201941-1024x576.jpg\" alt=\"\" srcset=\"https:\/\/phonomuseum.fr\/wp-content\/uploads\/2019\/03\/20190310_201941-1024x576.jpg 1024w, https:\/\/phonomuseum.fr\/wp-content\/uploads\/2019\/03\/20190310_201941-300x169.jpg 300w, https:\/\/phonomuseum.fr\/wp-content\/uploads\/2019\/03\/20190310_201941-768x432.jpg 768w, https:\/\/phonomuseum.fr\/wp-content\/uploads\/2019\/03\/20190310_201941-150x84.jpg 150w\" sizes=\"auto, (max-width: 1024px) 100vw, 1024px\" \/>\r\n<figcaption>Jalal Aro \u00e0 gauche et St\u00e9phane Catalano<\/figcaption>\r\n<\/figure>\r\n\r\n\r\n\r\n<figure class=\"wp-block-image\"><img loading=\"lazy\" decoding=\"async\" width=\"813\" height=\"516\" class=\"wp-image-1931\" src=\"http:\/\/phonomuseum.fr\/wp-content\/uploads\/2019\/03\/IMG_20190310_211321_resized_20190310_091447446.jpg\" alt=\"\" srcset=\"https:\/\/phonomuseum.fr\/wp-content\/uploads\/2019\/03\/IMG_20190310_211321_resized_20190310_091447446.jpg 813w, https:\/\/phonomuseum.fr\/wp-content\/uploads\/2019\/03\/IMG_20190310_211321_resized_20190310_091447446-300x190.jpg 300w, https:\/\/phonomuseum.fr\/wp-content\/uploads\/2019\/03\/IMG_20190310_211321_resized_20190310_091447446-768x487.jpg 768w, https:\/\/phonomuseum.fr\/wp-content\/uploads\/2019\/03\/IMG_20190310_211321_resized_20190310_091447446-150x95.jpg 150w\" sizes=\"auto, (max-width: 813px) 100vw, 813px\" \/>\r\n\r\n<\/figure>\r\n\r\n\r\n\r\n<p class=\"has-medium-font-size\">De gauche \u00e0 droite nous avons :<\/p>\r\n\r\n\r\n\r\n<p class=\"has-medium-font-size\" style=\"text-align: justify;\">Le <strong>Fontanophone<\/strong> : de 1909 et d&rsquo;origine fran\u00e7aise, cet appareil \u00e0 double bras de lecture de disques et donc \u00e0 double pavillons tr\u00e8s color\u00e9s permettait d&rsquo;avoir un volume suffisant pour les salles de danse. Son usage \u00e9tait donc public. On y \u00e9coute des disques \u00e0 gravure verticale avec un saphir et une vitesse de rotation variant de 80 \u00e0 130 tours par minute.<\/p>\r\n\r\n\r\n\r\n<p class=\"has-medium-font-size\" style=\"text-align: justify;\">Le <strong>Victor School<\/strong> : de 1912 et d&rsquo;origine am\u00e9ricaine \u00e9tait un appareil pour lecture de disques \u00e0 gravure lat\u00e9rale \u00e0 fins p\u00e9dagogiques. La pointe de lecture est en acier et \u00e0 usage unique si on ne veut pas abimer le disque. Son utilisation \u00e9tait donc publique <em>(\u00e9coles)<\/em> et son pavillon en bois tout \u00e0 fait remarquable.<\/p>\r\n\r\n\r\n\r\n<p class=\"has-medium-font-size\" style=\"text-align: justify;\">Le <strong>Path\u00e9 S<\/strong> : de 1908 et d&rsquo;origine fran\u00e7aise, la vitesse de rotation des disques est de 60 \u00e0 100 tours par minute. Il avait vocation \u00e0 \u00eatre plut\u00f4t utilis\u00e9 dans des endroits avec du public.<\/p>\r\n\r\n\r\n\r\n<p class=\"has-medium-font-size\" style=\"text-align: justify;\">Le <strong>Path\u00e9 C\u00e9leste<\/strong> : de 1900 et d&rsquo;origine fran\u00e7aise, cet appareil \u00e0 cylindres avec une vitesse de rotation de 140 \u00e0 160 tours par minute, fut le premier con\u00e7u pour synchroniser son et image au cin\u00e9ma. Notez le pavillon en cristal.<\/p>\r\n\r\n\r\n\r\n<p class=\"has-medium-font-size\" style=\"text-align: justify;\">Voil\u00e0 les appareils sur lesquels les disques et cylindres choisis ont \u00e9t\u00e9 jou\u00e9s.<\/p>\r\n\r\n\r\n\r\n<p class=\"has-medium-font-size\" style=\"text-align: justify;\">Le texte de la conf\u00e9rence donn\u00e9e par St\u00e9phane Catalano est ci-dessous mais vous pouvez <a href=\"http:\/\/phonomuseum.fr\/wp-content\/uploads\/2019\/03\/Conference-Stefano-Catalano-10-mars-2019.pdf\" target=\"_blank\" rel=\"noreferrer noopener\" aria-label=\"le t\u00e9l\u00e9charger sous format PDF (s\u2019ouvre dans un nouvel onglet)\">le t\u00e9l\u00e9charger sous format PDF<\/a>.<\/p>\r\n\r\n\r\n\r\n<p class=\"has-medium-font-size\" style=\"text-align: justify;\"><strong><a href=\"https:\/\/www.artlyriquefr.fr\/personnages\/Beyle%20Leon.html\" target=\"_blank\" rel=\"noreferrer noopener\" aria-label=\"L\u00e9on Beyle (s\u2019ouvre dans un nouvel onglet)\">L\u00e9on Beyle<\/a><\/strong><\/p>\r\n\r\n\r\n\r\n<p class=\"has-medium-font-size\" style=\"text-align: justify;\">D\u00e9buts \u00e0 l&rsquo;op\u00e9ra 1897, l&rsquo;Op\u00e9ra-Comique s&#8217;empare de lui 1898; il y reste 22 ans, son plus grand succ\u00e8s est Werther 1903, r\u00f4le dans lequel il est consid\u00e9r\u00e9 comme id\u00e9al. Il enregistre la premi\u00e8re int\u00e9grale de Faust en 1912. Voix puissante, qui avec Edmond Cl\u00e9ment, repr\u00e9sente un style plus nuanc\u00e9 qui allait se distinguer de l&rsquo;\u00e9cole italienne.<\/p>\r\n\r\n\r\n\r\n<div class=\"wp-block-image\">\r\n<figure class=\"aligncenter is-resized\"><img loading=\"lazy\" decoding=\"async\" class=\"wp-image-1999\" src=\"http:\/\/phonomuseum.fr\/wp-content\/uploads\/2019\/03\/L.-Beyle-disque-Pathe\u0301-994x1024.jpg\" alt=\"\" width=\"299\" height=\"307\" srcset=\"https:\/\/phonomuseum.fr\/wp-content\/uploads\/2019\/03\/L.-Beyle-disque-Pathe\u0301-994x1024.jpg 994w, https:\/\/phonomuseum.fr\/wp-content\/uploads\/2019\/03\/L.-Beyle-disque-Pathe\u0301-291x300.jpg 291w, https:\/\/phonomuseum.fr\/wp-content\/uploads\/2019\/03\/L.-Beyle-disque-Pathe\u0301-768x791.jpg 768w, https:\/\/phonomuseum.fr\/wp-content\/uploads\/2019\/03\/L.-Beyle-disque-Pathe\u0301-146x150.jpg 146w, https:\/\/phonomuseum.fr\/wp-content\/uploads\/2019\/03\/L.-Beyle-disque-Pathe\u0301.jpg 1576w\" sizes=\"auto, (max-width: 299px) 100vw, 299px\" \/>\r\n\r\n<\/figure>\r\n<\/div>\r\n\r\n\r\n\r\n<p class=\"has-medium-font-size\">Mignon &#8211; Elle ne le croyait pas &#8211; 1903<\/p>\r\n\r\n\r\n\r\n<figure class=\"wp-block-embed-youtube wp-block-embed is-type-video is-provider-youtube wp-embed-aspect-16-9 wp-has-aspect-ratio\">\r\n<div class=\"wp-block-embed__wrapper\">https:\/\/youtu.be\/jSZsQddVkKY<\/div>\r\n<\/figure>\r\n\r\n\r\n\r\n<p class=\"has-medium-font-size\">Mais commen\u00e7ons avec la \u00ab\u00a0vielle \u00e9cole\u00a0\u00bb et<\/p>\r\n\r\n\r\n\r\n<p class=\"has-medium-font-size\"><a href=\"https:\/\/fr.wikipedia.org\/wiki\/Felia_Litvinne\" target=\"_blank\" rel=\"noreferrer noopener\" aria-label=\"F\u00e9lia Litvinne (s\u2019ouvre dans un nouvel onglet)\"><strong>F\u00e9lia Litvinne<\/strong><\/a>, n\u00e9e Sch\u00fctz en 1860.<\/p>\r\n\r\n\r\n\r\n<p class=\"has-medium-font-size\" style=\"text-align: justify;\">D&rsquo;origine russo-germanique et franco-canadienne, derni\u00e8re \u00e9l\u00e8ve de Pauline Viardot, elle a genre de voix \u00ab\u00a0\u00e0 la Malibran ou Falcon\u00a0\u00bb dans cette lign\u00e9e tr\u00e8s rare, avec des graves puissants et une couleur riche dans le m\u00e9dium qui permettait des r\u00f4les de contralto &#8211; pourtant elle chantait facilement jusqu&rsquo;au contre-ut et vocalisait ais\u00e9ment dans les hauts-registres &#8211; ses plus grands succ\u00e8s ont \u00e9t\u00e9 dans des r\u00f4les sopranes wagn\u00e9riens, mais elle restait un mod\u00e8le de Marguerite dans Faust. Germaine Lubin disait d&rsquo;elle \u00ab\u00a0elle poss\u00e9dait la flamme\u00a0\u00bb, ce qu&rsquo;on comprend en lisant qu&rsquo;\u00e0 partir de 1904 on l&rsquo;estimait la meilleure Alceste de l&rsquo;histoire du lyrique, une apparence pratiquement mystique. Peu de ses disques ont pu le capter, mais un cylindre du r\u00e9citatif et \u00ab\u00a0Air des Bijoux\u00a0\u00bb jamais disponible t\u00e9moigne bien de son art, s\u00fbrement connu par Gounod m\u00eame, gr\u00e2ce \u00e0 Pauline Viardot. Egalement valable, et pour vous montrer en revanche l&rsquo;\u00e9tendue de cette voix dramatique, je vous ai choisi du Cid de Massenet, \u00ab\u00a0Pleurez mes Yeux\u00a0\u00bb, 1908<\/p>\r\n\r\n\r\n\r\n<div class=\"wp-block-image\">\r\n<figure class=\"aligncenter is-resized\"><img loading=\"lazy\" decoding=\"async\" class=\"wp-image-2008\" src=\"http:\/\/phonomuseum.fr\/wp-content\/uploads\/2019\/03\/Fe\u0301lia-Litvine-disque-Ode\u0301on.jpg\" alt=\"\" width=\"270\" height=\"288\" srcset=\"https:\/\/phonomuseum.fr\/wp-content\/uploads\/2019\/03\/Fe\u0301lia-Litvine-disque-Ode\u0301on.jpg 684w, https:\/\/phonomuseum.fr\/wp-content\/uploads\/2019\/03\/Fe\u0301lia-Litvine-disque-Ode\u0301on-280x300.jpg 280w, https:\/\/phonomuseum.fr\/wp-content\/uploads\/2019\/03\/Fe\u0301lia-Litvine-disque-Ode\u0301on-140x150.jpg 140w\" sizes=\"auto, (max-width: 270px) 100vw, 270px\" \/><\/figure>\r\n<\/div>\r\n\r\n\r\n\r\n<p class=\"has-medium-font-size\" style=\"text-align: left;\">Le Cid de Massenet &#8211; \u00ab\u00a0Pleurez mes Yeux\u00a0\u00bb, 1908<\/p>\r\n\r\n\r\n\r\n<p class=\"has-medium-font-size\"><a href=\"https:\/\/fr.wikipedia.org\/wiki\/Nellie_Melba\"><strong>Nellie Melba<\/strong><\/a>, n\u00e9e Helen Armstrong en 1861.<\/p>\r\n\r\n\r\n\r\n<p class=\"has-medium-font-size\" style=\"text-align: justify;\">Elle a une voix de l&rsquo;\u00e2ge victorien plus qu&rsquo;une expressivit\u00e9 moderne. Melba ma\u00eetrisait avec une volont\u00e9 de fer sa technique vocale et sa carri\u00e8re. Dure, m\u00eame antipathique avec ses coll\u00e8gues, elle refusa de saluer le t\u00e9nor John McCormack apr\u00e8s \u00ab\u00a0La Boh\u00e8me\u00a0\u00bb, jugeant son niveau inf\u00e9rieur au sien. A sa d\u00e9charge, peut-on dire que son succ\u00e8s finalement ph\u00e9nom\u00e9nal passait par maints \u00e9checs et d\u00e9ceptions, Paris \u00e9tant une des premi\u00e8re villes qui lui souriait. Malheureusement elle a fait d\u00e9truire tous ses premiers cylindres de 1895, pourtant on a des disques londoniens de 1904, qui donnent une id\u00e9e de la force de sa personnalit\u00e9 et un superbe sens du style archa\u00efque \u00e0 l&rsquo;anglaise, parfait pour H\u00e4ndel (notez-bien le trille d&rsquo;un ton chang\u00e9 parfaitement en demi-ton &#8211; plus personne ne poss\u00e8de cette technique). El\u00e8ve de Marchesi, la ma\u00eetrise du souffle trouve sa base dans la ma\u00eetrise de la ligne par les coloratures, plus que dans une recherche de rapport souffle &#8211; ouverture\/fermeture lente ou la \u00ab\u00a0messa di voce\u00a0\u00bb, plus \u00e9vident avec F\u00e9lia Litvinne. Le r\u00e9sultat est n\u00e9anmoins spectaculaire, cette \u00e9cole fait r\u00e9f\u00e9rence pour des chanteuses telles que Sembrich, Tetrazzini et Calv\u00e9. J&rsquo;ai choisi \u00ab\u00a0Sweet Bird\u00a0\u00bb 1904.<\/p>\r\n\r\n\r\n\r\n<p class=\"has-medium-font-size\" style=\"text-align: justify;\">Ceux et celles qui n&rsquo;adh\u00e9raient pas exclusivement \u00e0 ces \u00e9coles mais, comme L\u00e9on Beyle, cherchaient une nouvelle v\u00e9rit\u00e9 vocale toujours sur la base belcantiste commen\u00e7aient \u00e0 se manifester de plus en plus. Tant qu&rsquo;<a href=\"https:\/\/fr.wikipedia.org\/wiki\/Emma_Calv%C3%A9\" target=\"_blank\" rel=\"noreferrer noopener\" aria-label=\"Emma Calv\u00e9 (s\u2019ouvre dans un nouvel onglet)\">Emma Calv\u00e9<\/a> assimilait la le\u00e7on de <a href=\"https:\/\/fr.wikipedia.org\/wiki\/Mathilde_Marchesi\" target=\"_blank\" rel=\"noreferrer noopener\" aria-label=\"Mathilde Marchesi (s\u2019ouvre dans un nouvel onglet)\">Mathilde Marchesi<\/a>, lui permettant de chanter les envols d&rsquo;Oph\u00e9lie dans Hamlet ainsi que de se fa\u00e7onner la dite meilleure interpr\u00e9tation de Carmen de tous les temps &#8211; r\u00f4le qu&rsquo;elle chantera plus de mille fois et que tristement aucun de ses disques ne r\u00e9ussissent \u00e0 projeter &#8211; <a href=\"https:\/\/fr.wikipedia.org\/wiki\/Mary_Garden\" target=\"_blank\" rel=\"noreferrer noopener\" aria-label=\"Mary Garden (s\u2019ouvre dans un nouvel onglet)\">Mary Garden<\/a> refusera apr\u00e8s quelques cours l&rsquo;enseignement d&rsquo;une autre \u00e9poque, \u00e9crivant dans ses m\u00e9moires, \u00ab\u00a0l&rsquo;id\u00e9e que Marchesi fasse de moi une machine \u00e0 coloratures m&rsquo;\u00e9tait insupportable !\u00a0\u00bb Cela n&#8217;emp\u00eacha qu&rsquo;elle admirait beaucoup Nellie Melba. Toutefois cette premi\u00e8re M\u00e9lisande allait rentrer dans l&rsquo;histoire du lyrique en tant que actrice lyrique ou \u00ab\u00a0bombe de sc\u00e8ne\u00a0\u00bb, comme quelques ann\u00e9es plus tard Maria Jeritza \u00e0 Vienne (la premi\u00e8re Ariadne et Femme sans Ombre). Malheureusement Garden d\u00e9testait tous ses disques \u00e0 peu d&rsquo;exceptions, d&rsquo;o\u00f9 mon dilemme \u00e0 trouver une chanteuse de cette \u00e9poque transitionnelle qui nous a laiss\u00e9 des documents sonores repr\u00e9sentatifs &#8230;<\/p>\r\n\r\n\r\n\r\n<p class=\"has-medium-font-size\" style=\"text-align: justify;\">et voil\u00e0 que je tombe sur <strong><a href=\"https:\/\/fr.wikipedia.org\/wiki\/Marie_Delna\" target=\"_blank\" rel=\"noreferrer noopener\" aria-label=\" (s\u2019ouvre dans un nouvel onglet)\">Marie Delna<\/a><\/strong>. Orpheline abandonn\u00e9e en 1875, elle re\u00e7oit l&rsquo;enseignement du chant de sa grand-m\u00e8re, et \u00e0 l&rsquo;\u00e2ge de 17 ans, se fait rep\u00e9rer par <a href=\"https:\/\/fr.wikipedia.org\/wiki\/L%C3%A9on_Carvalho\" target=\"_blank\" rel=\"noreferrer noopener\" aria-label=\"L\u00e9on Carvalho (s\u2019ouvre dans un nouvel onglet)\">L\u00e9on Carvalho<\/a>, directeur de l&rsquo;Op\u00e9ra-Comique, o\u00f9 la Parisienne d\u00e9bute avec Didon dans les Troyens de Berlioz; un an plus tard, Massenet la choisit pour cr\u00e9er Charlotte dans Werther, elle n&rsquo;a que 18 ans. Elle n&rsquo;abuse jamais de son instrument et chante avec succ\u00e8s dans le monde entier. Tandis que dans certains r\u00f4les son abord s&rsquo;appuie sur des conventions du pass\u00e9, elle commence \u00e0 briser le cadre avec Carmen en 1901, r\u00f4le qu&rsquo;elle chantera 800 fois, juste derri\u00e8re Emma Calv\u00e9, et avec aplomb dans un r\u00f4le qu&rsquo;elle cr\u00e9a encore, La Vivandi\u00e8re de Godard<\/p>\r\n\r\n\r\n\r\n<p class=\"has-medium-font-size\" style=\"text-align: justify;\">On entend les deux qui datent de 1903\/04 \u00ab\u00a0S\u00e9guedille\u00a0\u00bb et \u00ab\u00a0Viens avec nous petit\u00a0\u00bb<\/p>\r\n\r\n\r\n\r\n<figure class=\"wp-block-embed-youtube wp-block-embed is-type-video is-provider-youtube wp-embed-aspect-16-9 wp-has-aspect-ratio\">\r\n<div class=\"wp-block-embed__wrapper\"><a href=\"https:\/\/youtu.be\/IrqTjKexiB8\" target=\"_blank\" rel=\"noopener\">https:\/\/youtu.be\/IrqTjKexiB8<\/a><\/div>\r\n<\/figure>\r\n\r\n\r\n\r\n<p class=\"has-medium-font-size\" style=\"text-align: justify;\">Mais revenons aux hommes, et surtout la cat\u00e9gorie plus d\u00e9licate, les t\u00e9nors &#8230;<\/p>\r\n\r\n\r\n\r\n<p class=\"has-medium-font-size\" style=\"text-align: justify;\"><strong><a href=\"https:\/\/fr.wikipedia.org\/wiki\/Tamagno\" target=\"_blank\" rel=\"noreferrer noopener\" aria-label=\"Francesco Tamagno (s\u2019ouvre dans un nouvel onglet)\">Francesco Tamagno<\/a><\/strong> , n\u00e9 en 1850, la voix qui \u00ab\u00a0faisait trembler le lustre de La Scala\u00a0\u00bb. Il a \u00e9t\u00e9 consid\u00e9r\u00e9 comme le plus plus grand t\u00e9nor verdien du 19\u00e8me si\u00e8cle et cr\u00e9a Othello en 1887, r\u00f4le qu&rsquo;il chanta dans le monde entier. La robustesse de sa voix pousse vers ses limites l&rsquo;id\u00e9e d&rsquo;une vocalisme poitrin\u00e9e pleine voix qui se sert de chaque r\u00e9sonateur du cr\u00e2ne disponible. Depuis que Gilbert Duprez a \u00e9mis le premier contre-Ut de poitrine en 1831, son jug\u00e9 d&rsquo;une laideur totale par Rossini, il y avait toujours et m\u00eame jusqu&rsquo;au d\u00e9but du 20\u00e8me si\u00e8cle des t\u00e9nors qui continuaient \u00e0 mixer le falsetto au-dessus du passage, \u00e7a veut dire \u00e0 partir du sol jusqu&rsquo;\u00e0 si, ut et plus loin, mais Tamagno repr\u00e9sentait un mod\u00e8le du chant \u00ab\u00a0pleine voix\u00a0\u00bb avec un maximum de mordant, ou \u00ab\u00a0squillo\u00a0\u00bb, chose qui rendait le contre-ut possible mais tr\u00e8s difficile. Bien s\u00fbr il chantait \u00ab\u00a0Di quella pira\u00a0\u00bb dans la transposition traditionnelle de Si majeur.<\/p>\r\n\r\n\r\n\r\n<div class=\"wp-block-image\">\r\n<figure class=\"aligncenter is-resized\"><img loading=\"lazy\" decoding=\"async\" class=\"wp-image-2013\" src=\"http:\/\/phonomuseum.fr\/wp-content\/uploads\/2019\/03\/F.-Tamagno-disque-Gramophone.jpg\" alt=\"\" width=\"278\" height=\"312\" srcset=\"https:\/\/phonomuseum.fr\/wp-content\/uploads\/2019\/03\/F.-Tamagno-disque-Gramophone.jpg 684w, https:\/\/phonomuseum.fr\/wp-content\/uploads\/2019\/03\/F.-Tamagno-disque-Gramophone-267x300.jpg 267w, https:\/\/phonomuseum.fr\/wp-content\/uploads\/2019\/03\/F.-Tamagno-disque-Gramophone-133x150.jpg 133w\" sizes=\"auto, (max-width: 278px) 100vw, 278px\" \/><\/figure>\r\n<\/div>\r\n\r\n\r\n\r\n<p class=\"has-medium-font-size\" style=\"text-align: left;\">Di quella pira &#8211; 1904<\/p>\r\n\r\n\r\n\r\n<div class=\"wp-block-image\">\r\n<figure class=\"aligncenter is-resized\"><img loading=\"lazy\" decoding=\"async\" class=\"wp-image-2011\" src=\"http:\/\/phonomuseum.fr\/wp-content\/uploads\/2019\/03\/F.-Tamagno-disque-Gramophone-1-1.jpg\" alt=\"\" width=\"294\" height=\"308\" srcset=\"https:\/\/phonomuseum.fr\/wp-content\/uploads\/2019\/03\/F.-Tamagno-disque-Gramophone-1-1.jpg 659w, https:\/\/phonomuseum.fr\/wp-content\/uploads\/2019\/03\/F.-Tamagno-disque-Gramophone-1-1-286x300.jpg 286w, https:\/\/phonomuseum.fr\/wp-content\/uploads\/2019\/03\/F.-Tamagno-disque-Gramophone-1-1-143x150.jpg 143w\" sizes=\"auto, (max-width: 294px) 100vw, 294px\" \/><\/figure>\r\n<\/div>\r\n\r\n\r\n\r\n<p class=\"has-medium-font-size\" style=\"text-align: left;\">Niun mi tema &#8211; Morte d&rsquo;Otello 1904<\/p>\r\n\r\n\r\n\r\n<p class=\"has-medium-font-size\" style=\"text-align: justify;\"><strong><a href=\"https:\/\/fr.wikipedia.org\/wiki\/Agustarello_Affre\" target=\"_blank\" rel=\"noreferrer noopener\" aria-label=\"Auguste Affre (s\u2019ouvre dans un nouvel onglet)\">Auguste Affre<\/a><\/strong>, n\u00e9 1858 \u00e0 Saint-Chinian, \u00e9tait appel\u00e9 le \u00ab\u00a0Tamagno fran\u00e7ais\u00a0\u00bb et repr\u00e9sente justement l&rsquo;\u00e9quivalent en utilisant la morphologie, voir la technique typiquement fran\u00e7aise. Tandis que la voix italienne, comme langue maternelle, fait appel \u00e0 l&rsquo;ouverture de l&rsquo;oxypute pour renforcer la voyelle, la voix fran\u00e7aise concentre toute sa puissance dans le masque, sollicitant de mani\u00e8re plus limit\u00e9e le cr\u00e2ne, permettant \u00e0 la voix de monter, mais souvent sans l&rsquo;ampleur associ\u00e9e aux voix italiennes. Nellie Melba fera ses d\u00e9buts \u00e0 Paris en Lucia avec Affre, et son extrait de la Favorite t\u00e9moigne de la beaut\u00e9 de son instrument qui toutefois ne craint rien devant un contre ut plaqu\u00e9 devant et devrait rappeler celui de Duprez.<\/p>\r\n\r\n\r\n\r\n<div class=\"wp-block-image\">\r\n<figure class=\"aligncenter is-resized\"><img loading=\"lazy\" decoding=\"async\" class=\"wp-image-2015\" src=\"http:\/\/phonomuseum.fr\/wp-content\/uploads\/2019\/03\/A.-Affre-disque-Pathe\u0301.jpg\" alt=\"\" width=\"288\" height=\"284\" srcset=\"https:\/\/phonomuseum.fr\/wp-content\/uploads\/2019\/03\/A.-Affre-disque-Pathe\u0301.jpg 658w, https:\/\/phonomuseum.fr\/wp-content\/uploads\/2019\/03\/A.-Affre-disque-Pathe\u0301-300x297.jpg 300w\" sizes=\"auto, (max-width: 288px) 100vw, 288px\" \/><\/figure>\r\n<\/div>\r\n\r\n\r\n\r\n<p class=\"has-medium-font-size\">Ange si pur &#8211; Favorite, 1911 avec orchestre <em>(je pr\u00e9f\u00e8re 1904 avec piano !)<\/em><\/p>\r\n\r\n\r\n\r\n<p class=\"has-medium-font-size\" style=\"text-align: justify;\"><strong><a href=\"https:\/\/fr.wikipedia.org\/wiki\/Albert_Vaguet\" target=\"_blank\" rel=\"noreferrer noopener\" aria-label=\"Albert Vaguet (s\u2019ouvre dans un nouvel onglet)\">Albert Vaguet<\/a><\/strong> , qui na\u00eet \u00e0 Elbeuf en 1865 et chante \u00e0 l&rsquo;Op\u00e9ra Garnier pendant 13 ans est en quelque sorte le pendant de L\u00e9on Beyle \u00e0 l&rsquo;Op\u00e9ra-Comique, des t\u00e9nors \u00e0 la base lyriques mais avec un socle technique solide leur permettant la prise des r\u00f4les normalement consid\u00e9r\u00e9 trop costauds pour leur capacit\u00e9 vocale (ce qui fait justement penser \u00e0 notre cher Roberto Alagna). Tandis que Tamagno et Affre restaient dans l&rsquo;exploit et la puissance vocale, Vaguet cherche des effets de mixage pour souligner les textes et n&rsquo;h\u00e9site pas \u00e0 timbrer la voix. Il d\u00e9bute en 1890 avec Faust, r\u00f4le qu&rsquo;il chante 300 fois \u00e0 Garnier, passant par des r\u00f4les belcantistes h\u00e9ro\u00efques aux grandes parties wagn\u00e9riennes. Son d\u00e9part en claquant la porte de l&rsquo;op\u00e9ra en 1903 reste un myst\u00e8re, mais remonte \u00e9ventuellement au stress d\u00fb \u00e0 l&rsquo;alternance incessante de r\u00f4les trop divers. Toutefois il continue \u00e0 enregistrer pour Path\u00e9 jusqu&rsquo;\u00e0 en 1918. Comme on estimait L\u00e9on Beyle LE Werther id\u00e9al et Albert Vaguet LE Faust id\u00e9al, il me semble juste, puisque Beyle a eu les honneurs en premier Faust sur disque, de laisser M. Vaguet prendre sa revanche avec :<\/p>\r\n\r\n\r\n\r\n<p class=\"has-medium-font-size\">Pourquoi me r\u00e9veiller de Werther, 1909 <em>(Notez-bien l&rsquo;absence absolue d&rsquo;agiustamento pour les aigus &#8211; \u00ab\u00a0Reveill\u00e9EEEEEEEEEEEE!)<\/em><\/p>\r\n\r\n\r\n\r\n<div class=\"wp-block-image\">\r\n<figure class=\"aligncenter is-resized\"><img loading=\"lazy\" decoding=\"async\" class=\"wp-image-2040\" src=\"http:\/\/phonomuseum.fr\/wp-content\/uploads\/2019\/03\/A.-Vaguet-cylindre-1-1024x700.jpg\" alt=\"\" width=\"553\" height=\"378\" srcset=\"https:\/\/phonomuseum.fr\/wp-content\/uploads\/2019\/03\/A.-Vaguet-cylindre-1-1024x700.jpg 1024w, https:\/\/phonomuseum.fr\/wp-content\/uploads\/2019\/03\/A.-Vaguet-cylindre-1-300x205.jpg 300w, https:\/\/phonomuseum.fr\/wp-content\/uploads\/2019\/03\/A.-Vaguet-cylindre-1-768x525.jpg 768w, https:\/\/phonomuseum.fr\/wp-content\/uploads\/2019\/03\/A.-Vaguet-cylindre-1-150x103.jpg 150w, https:\/\/phonomuseum.fr\/wp-content\/uploads\/2019\/03\/A.-Vaguet-cylindre-1.jpg 1920w\" sizes=\"auto, (max-width: 553px) 100vw, 553px\" \/><\/figure>\r\n<\/div>\r\n\r\n\r\n\r\n<p class=\"has-medium-font-size\">Le cylindre Path\u00e9 avec sa bo\u00eete<\/p>\r\n\r\n\r\n\r\n<p class=\"has-medium-font-size\" style=\"text-align: justify;\">Sur la premi\u00e8re vid\u00e9o, vous verrez comment on ajuste la vitesse de rotation du cylindre pour avoir le bon tempo. La seconde donne l&rsquo;audition au bon rythme.<\/p>\r\n\r\n\r\n\r\n<figure class=\"wp-block-embed-youtube wp-block-embed is-type-video is-provider-youtube wp-embed-aspect-16-9 wp-has-aspect-ratio\">\r\n<div class=\"wp-block-embed__wrapper\"><a href=\"https:\/\/youtu.be\/vLHiq5OuDyk\" target=\"_blank\" rel=\"noopener\">https:\/\/youtu.be\/vLHiq5OuDyk<\/a><\/div>\r\n<\/figure>\r\n\r\n\r\n\r\n<figure class=\"wp-block-embed-youtube wp-block-embed is-type-video is-provider-youtube wp-embed-aspect-16-9 wp-has-aspect-ratio\">\r\n<div class=\"wp-block-embed__wrapper\"><a href=\"https:\/\/youtu.be\/3lp260dTmHI\" target=\"_blank\" rel=\"noopener\">https:\/\/youtu.be\/3lp260dTmHI<\/a><\/div>\r\n<\/figure>\r\n\r\n\r\n\r\n<p class=\"has-medium-font-size\" style=\"text-align: justify;\"><strong><a href=\"https:\/\/fr.wikipedia.org\/wiki\/Enrico_Caruso\" target=\"_blank\" rel=\"noreferrer noopener\" aria-label=\"Enrico Caruso, (s\u2019ouvre dans un nouvel onglet)\">Enrico Caruso,<\/a><\/strong> n\u00e9 1873 et mort 48 ans plus tard \u00e0 Naples, est probablement le t\u00e9nor qui a su par ses moyens exceptionnels de quelle mani\u00e8re mieux \u00e9quilibrer les registres et leur puissance sans sacrifier la rondeur et douceur du son, bouclant une symbiose qui fera date. Malgr\u00e9 sa r\u00e9putation initiale de \u00ab\u00a0t\u00e9nor de verre\u00a0\u00bb <em>(des canards dans les aigus)<\/em>, il s&rsquo;est vite fait remarquer en Italie, et suite \u00e0 la cr\u00e9ation de F\u00e9dora \u00e0 La Scala sous la direction du compositeur Giordano, il est assailli de propositions. En 1900 Puccini l&rsquo;entend et s&rsquo;exclame que Dieu lui a envoy\u00e9 le jeune t\u00e9nor. Il transpose l&rsquo;air de Rodolfo pour Caruso, qui n&rsquo;arrivait pas \u00e0 tenir un contre-ut, afin qu&rsquo;il chante le premier La Boh\u00e8me \u00e0 La Scala, dirig\u00e9 comme pour la cr\u00e9ation mondiale \u00e0 Turin par <a href=\"https:\/\/fr.wikipedia.org\/wiki\/Arturo_Toscanini\" target=\"_blank\" rel=\"noreferrer noopener\" aria-label=\"Arturo Toscanini (s\u2019ouvre dans un nouvel onglet)\">Arturo Toscanini<\/a>. C&rsquo;est \u00e0 cette \u00e9poque que Tamagno lui m\u00eame pr\u00e9dit que Caruso sera le plus grand du 20\u00e8me si\u00e8cle. Fascin\u00e9 par l&rsquo;enregistrement de la voix, il va \u00e9tudier comment placer le corps et changer la position de la t\u00eate selon le registre pour se faire mieux capter par le pavillon; suite \u00e0 ses d\u00e9buts spectaculaires au Met \u00e0 NewYork en 1903, il signera avec Victor pour faire plus que 450 disques, dont le succ\u00e8s sera plan\u00e9taire et servira \u00e0 d\u00e9mocratiser l&rsquo;op\u00e9ra pour tous ceux qui n&rsquo;y avaient pas acc\u00e8s. Son enregistrement de 1907 de \u00ab\u00a0Vesti la giubba\u00a0\u00bb sera le premier disque \u00e0 se vendre \u00e0 un million d&rsquo;exemplaires.<\/p>\r\n\r\n\r\n\r\n<div class=\"wp-block-image\">\r\n<figure class=\"aligncenter is-resized\"><img loading=\"lazy\" decoding=\"async\" class=\"wp-image-2022\" src=\"http:\/\/phonomuseum.fr\/wp-content\/uploads\/2019\/03\/E.-Caruso-disque-Gramophone.jpg\" alt=\"\" width=\"285\" height=\"309\" srcset=\"https:\/\/phonomuseum.fr\/wp-content\/uploads\/2019\/03\/E.-Caruso-disque-Gramophone.jpg 684w, https:\/\/phonomuseum.fr\/wp-content\/uploads\/2019\/03\/E.-Caruso-disque-Gramophone-277x300.jpg 277w, https:\/\/phonomuseum.fr\/wp-content\/uploads\/2019\/03\/E.-Caruso-disque-Gramophone-138x150.jpg 138w\" sizes=\"auto, (max-width: 285px) 100vw, 285px\" \/><\/figure>\r\n<\/div>\r\n\r\n\r\n\r\n<p class=\"has-medium-font-size\" style=\"text-align: justify;\">De 4 ans plus tard \u00e9coutons un autre des 4 best-sellers de Caruso <em>(les 2 restant \u00e9tant M&rsquo;appari et Ombra mai fu)<\/em> &#8211; Celeste A\u00efda.<\/p>\r\n\r\n\r\n\r\n<p class=\"has-medium-font-size\" style=\"text-align: justify;\">Apr\u00e8s Caruso, on ne peut que descendre, donc descendons.<\/p>\r\n\r\n\r\n\r\n<p class=\"has-medium-font-size\" style=\"text-align: justify;\"><a href=\"https:\/\/fr.wikipedia.org\/wiki\/Francisque_Delmas\" target=\"_blank\" rel=\"noreferrer noopener\" aria-label=\"Francisque Delmas (s\u2019ouvre dans un nouvel onglet)\"><strong>Francisque Delmas<\/strong><\/a>, notre premier baryton, ou baryton-basse, a d\u00e9laiss\u00e9 une carri\u00e8re internationale pour rester fid\u00e8le au Palais Garnier o\u00f9, pendant 42 ans, il chantera plus de 60 r\u00f4les, y compris des cr\u00e9ations mondiales, la plus importante \u00e9tant Tha\u00efs avec <a href=\"https:\/\/fr.wikipedia.org\/wiki\/Sibyl_Sanderson\" target=\"_blank\" rel=\"noreferrer noopener\" aria-label=\"Sybil Sanderson (s\u2019ouvre dans un nouvel onglet)\">Sybil Sanderson<\/a> en 1894.<\/p>\r\n\r\n\r\n\r\n<p class=\"has-medium-font-size\" style=\"text-align: justify;\">N\u00e9 \u00e0 Lyon en 1861, il fait ses d\u00e9buts suite \u00e0 ses \u00e9tudes dans le r\u00f4le de basse Saint Bris des Huguenots de Meyerbeer en 1886. En \u00e9coutant sa B\u00e9n\u00e9diction des poignards, enregistr\u00e9 pour Path\u00e9 en 1904, on a du mal \u00e0 imaginer la voix monter aux sommets d&rsquo;extase d&rsquo;un Athana\u00ebl, mais c&rsquo;\u00e9tait justement ce fond alli\u00e9 \u00e0 une technique parfaite qui ont permis \u00e0 Delmas une extension vocale impressionnante. Il reste un des chanteurs les plus appr\u00e9ci\u00e9s de l&rsquo;histoire lyrique fran\u00e7aise.<\/p>\r\n\r\n\r\n\r\n<div class=\"wp-block-image\">\r\n<figure class=\"aligncenter is-resized\"><img loading=\"lazy\" decoding=\"async\" class=\"wp-image-2023\" src=\"http:\/\/phonomuseum.fr\/wp-content\/uploads\/2019\/03\/F.-Delmas-disque-Pathe\u0301.jpg\" alt=\"\" width=\"302\" height=\"402\" srcset=\"https:\/\/phonomuseum.fr\/wp-content\/uploads\/2019\/03\/F.-Delmas-disque-Pathe\u0301.jpg 684w, https:\/\/phonomuseum.fr\/wp-content\/uploads\/2019\/03\/F.-Delmas-disque-Pathe\u0301-225x300.jpg 225w, https:\/\/phonomuseum.fr\/wp-content\/uploads\/2019\/03\/F.-Delmas-disque-Pathe\u0301-113x150.jpg 113w\" sizes=\"auto, (max-width: 302px) 100vw, 302px\" \/><\/figure>\r\n<\/div>\r\n\r\n\r\n\r\n<p class=\"has-medium-font-size\" style=\"text-align: justify;\">Meyerbeer &#8211; Les Hugenots &#8211; B\u00e9n\u00e9diction des poignards &#8211; 1904<\/p>\r\n\r\n\r\n\r\n<p class=\"has-medium-font-size\" style=\"text-align: justify;\">Avec <strong><a href=\"https:\/\/fr.wikipedia.org\/wiki\/Titta_Ruffo\" target=\"_blank\" rel=\"noreferrer noopener\" aria-label=\"Titta Ruffo (s\u2019ouvre dans un nouvel onglet)\">Titta Ruffo<\/a><\/strong>, n\u00e9 1877 \u00e0 Pise, on passe de l&rsquo;\u00e9l\u00e9gance fran\u00e7aise \u00e0 une force de nature. Connu en tant que \u00ab\u00a0La voix du L\u00e9on\u00a0\u00bb, ses premiers professeurs affirmait qu&rsquo;il n&rsquo;avait ni voix, ni talent musical &#8212; il a suivi l&rsquo;instruction de son fr\u00e8re jusqu&rsquo;\u00e0 ses d\u00e9buts prudents \u00e0 Rome. Son succ\u00e8s \u00e0 partir de 1900 est ph\u00e9nom\u00e9nal. Bien que moderne dans son objectif d&rsquo;atteindre l&rsquo;\u00e9quilibre parfait entre exploit vocal et subtilit\u00e9 de phras\u00e9, la personnalit\u00e9 rugueuse de Ruffo l&rsquo;am\u00e8ne \u00e0 pousser vers l&rsquo;extr\u00eame. Admir\u00e9 par ses coll\u00e8gues, y compris Caruso et premier Iago Victor Maurel, le grand Giuseppe de Luca disait de lui : \u00ab\u00a0Ce qu&rsquo;il avait n&rsquo;\u00e9tait pas une voix, c&rsquo;\u00e9tait un miracle\u00a0\u00bb, rajoutant apr\u00e8s \u00ab\u00a0qu&rsquo;il a d\u00e9truit finalement en gueulant trop !\u00a0\u00bb.<\/p>\r\n\r\n\r\n\r\n<p class=\"has-medium-font-size\" style=\"text-align: justify;\">En tout cas il a eu au moins 20 ans d&rsquo;une sant\u00e9 vocale insolente, nettement plus que la plupart des chanteurs d&rsquo;aujourd&rsquo;hui.<\/p>\r\n\r\n\r\n\r\n<div class=\"wp-block-image\">\r\n<figure class=\"aligncenter is-resized\"><img loading=\"lazy\" decoding=\"async\" class=\"wp-image-2026\" src=\"http:\/\/phonomuseum.fr\/wp-content\/uploads\/2019\/03\/T.-Ruffo-disque-His-masters-voice.jpg\" alt=\"\" width=\"295\" height=\"393\" srcset=\"https:\/\/phonomuseum.fr\/wp-content\/uploads\/2019\/03\/T.-Ruffo-disque-His-masters-voice.jpg 684w, https:\/\/phonomuseum.fr\/wp-content\/uploads\/2019\/03\/T.-Ruffo-disque-His-masters-voice-225x300.jpg 225w, https:\/\/phonomuseum.fr\/wp-content\/uploads\/2019\/03\/T.-Ruffo-disque-His-masters-voice-113x150.jpg 113w\" sizes=\"auto, (max-width: 295px) 100vw, 295px\" \/><\/figure>\r\n<\/div>\r\n\r\n\r\n\r\n<p class=\"has-medium-font-size\" style=\"text-align: justify;\">Pour t\u00e9moigner \u00e9coutons son Credo d&rsquo;Iago de 1914.<\/p>\r\n\r\n\r\n\r\n<p class=\"has-medium-font-size\" style=\"text-align: justify;\">Apr\u00e8s Ruffo il faut descendre encore; allez, descendons dans la cave avec une des plus grandes basses fran\u00e7aises de tous les temps,<\/p>\r\n\r\n\r\n\r\n<p class=\"has-medium-font-size\" style=\"text-align: justify;\"><strong><a href=\"http:\/\/www.delabelleepoqueauxanneesfolles.com\/Aumonier.htm\" target=\"_blank\" rel=\"noreferrer noopener\" aria-label=\"Paul Aumonier (s\u2019ouvre dans un nouvel onglet)\">Paul Aumonier<\/a><\/strong>. N\u00e9 \u00e0 Paris 1872, il ne voulait pas devenir chanteur : sa voix en a d\u00e9cid\u00e9 autrement. Fraichement sorti du conservatoire il fait ses premiers disques pour Path\u00e9 \u00e0 l&rsquo;\u00e2ge de 25 ans, puis entame ses premiers contrats. Il rentre \u00e0 l&rsquo;op\u00e9ra en 1914. Il avait parmi les plus beaux graves naturels \u00ab\u00a0comme une fl\u00e8che\u00a0\u00bb de toutes les basses, comme temoigne son \u00ab\u00a0Pif paf\u00a0\u00bb des Huguenots avec ses Fas graves.<\/p>\r\n\r\n\r\n\r\n<p class=\"has-medium-font-size\" style=\"text-align: justify;\">Pour finir l&rsquo;\u00e8re acoustique on \u00e9coute quelques enregistrements d&rsquo;ensemble cl\u00e9, car d\u00e9j\u00e0 seul c&rsquo;\u00e9tait compliqu\u00e9 de bien enregistrer, \u00e0 deux ou plusieurs, \u00e7a fr\u00f4lait des actes acrobatiques.<\/p>\r\n\r\n\r\n\r\n<p class=\"has-medium-font-size\" style=\"text-align: justify;\"><strong>Melba\/Caruso<\/strong> &#8211; O soave fanciulla 1907 : c&rsquo;est le seul enregistrement des deux monstres sacr\u00e9s ensemble. Melba admirait la voix de Caruso mais trouvait son comportement vulgaire; ceci n&rsquo;a pas emp\u00each\u00e9 qu&rsquo;elle s&rsquo;est laiss\u00e9e guider par lui afin que sa voix ne se d\u00e9forme pas devant le pavillon et c&rsquo;est un document rare dans lequel on aper\u00e7oit le vibrato d\u00e9licat et r\u00e9gulier de l&rsquo;australienne. Contre le timbre charnu et persuasif du t\u00e9nor, elle devient plus expressive. Puccini aimait tant la Mimi de Melba qu&rsquo;il lui a demand\u00e9 de chanter Butterfly; apr\u00e8s quelques semaines avec la partition, elle devait d\u00e9clarer forfait, toujours consciente des limites de sa voix, trop lourde pour elle. Concernant le contre ut de Melba \u00e0 la fin, Mary Garden d\u00e9crit l&rsquo;exp\u00e9rience en salle dans ses m\u00e9moires : \u00ab\u00a0C&rsquo;\u00e9tait comme une \u00e9toile filante : on ne savait pas d&rsquo;o\u00f9 il venait, mais il passait au-dessus de nos t\u00eates vers l&rsquo;infini&#8230;\u00a0\u00bb<\/p>\r\n\r\n\r\n\r\n<div class=\"wp-block-image\">\r\n<figure class=\"aligncenter is-resized\"><img loading=\"lazy\" decoding=\"async\" class=\"wp-image-2027\" src=\"http:\/\/phonomuseum.fr\/wp-content\/uploads\/2019\/03\/Sextuor-CarusoGalli-Curci-de-Luca-Journet-Bada-Egener.jpg\" alt=\"\" width=\"284\" height=\"378\" srcset=\"https:\/\/phonomuseum.fr\/wp-content\/uploads\/2019\/03\/Sextuor-CarusoGalli-Curci-de-Luca-Journet-Bada-Egener.jpg 684w, https:\/\/phonomuseum.fr\/wp-content\/uploads\/2019\/03\/Sextuor-CarusoGalli-Curci-de-Luca-Journet-Bada-Egener-225x300.jpg 225w, https:\/\/phonomuseum.fr\/wp-content\/uploads\/2019\/03\/Sextuor-CarusoGalli-Curci-de-Luca-Journet-Bada-Egener-113x150.jpg 113w\" sizes=\"auto, (max-width: 284px) 100vw, 284px\" \/><\/figure>\r\n<\/div>\r\n\r\n\r\n\r\n<p class=\"has-medium-font-size\" style=\"text-align: justify;\">En 1917 <strong><a href=\"https:\/\/fr.wikipedia.org\/wiki\/Amelita_Galli-Curci\" target=\"_blank\" rel=\"noreferrer noopener\" aria-label=\"Amelita Galli-Curci (s\u2019ouvre dans un nouvel onglet)\">Amelita Galli-Curci<\/a>, Marcel Journet, Giuseppe di Luca, Enrico Caruso, Louise Egener et Antonio Bada<\/strong> se sont retrouv\u00e9s dans le New Jersey pour enregistrer des ensembles y compris le c\u00e9l\u00e9brissime sextuor de Lucia \u00ab\u00a0<a href=\"https:\/\/youtu.be\/14tdvxUvxFU\">Chi mi frena in tal momento<\/a>\u00ab\u00a0. Caruso l&rsquo;avait d\u00e9j\u00e0 mis sur disque \u00e0 deux reprises, avec Sembrich et Tetrazzini, mais l&rsquo;interaction chimique entre ses six chanteurs ce jour l\u00e0, le 25 janvier, pendant qu&rsquo;une guerre apocalyptique ravageait leurs patries, et peut-\u00eatre \u00e0 cause de cela, en utilisant la seule d\u00e9fense contre la b\u00eatise humaine, la culture, ils ont r\u00e9ussi un exploit d&rsquo;\u00e9lan expressif sans jamais pour autant sacrifier une structure homog\u00e8ne compl\u00e8tement transparente. Galli-Curci avait chant\u00e9 Lucia juste deux fois avec Caruso \u00e0 Buenos-Aires en 1907, sinon ils n&rsquo;ont jamais chant\u00e9 ensemble, aussi \u00e0 cause des efforts de Nellie Melba pour l&rsquo;\u00e9carter de chaque sc\u00e8ne o\u00f9 elle r\u00e9gnait incontest\u00e9e. En Galli-Curci, n\u00e9 \u00e0 Milan en 1883 et compl\u00e8tement autodidacte, Melba a reconnu une rivale d&rsquo;une \u00e9cole qui n&rsquo;avait rien \u00e0 voir avec les rep\u00e8res qu&rsquo;elle a connus. Galli-Curci, malgr\u00e9 une maladie qui coupa court sa carri\u00e8re, allait par son pathos et sa palette de couleurs li\u00e9e \u00e0 une technique \u00e9poustouflante, marquer sa g\u00e9n\u00e9ration de la m\u00eame mani\u00e8re que Caruso.<\/p>\r\n\r\n\r\n\r\n<div class=\"wp-block-image\">\r\n<figure class=\"aligncenter is-resized\"><img loading=\"lazy\" decoding=\"async\" class=\"wp-image-2028\" src=\"http:\/\/phonomuseum.fr\/wp-content\/uploads\/2019\/03\/E.-Caruso-A.-Scotti-disque-His-masters-voice.jpg\" alt=\"\" width=\"258\" height=\"300\" srcset=\"https:\/\/phonomuseum.fr\/wp-content\/uploads\/2019\/03\/E.-Caruso-A.-Scotti-disque-His-masters-voice.jpg 684w, https:\/\/phonomuseum.fr\/wp-content\/uploads\/2019\/03\/E.-Caruso-A.-Scotti-disque-His-masters-voice-257x300.jpg 257w, https:\/\/phonomuseum.fr\/wp-content\/uploads\/2019\/03\/E.-Caruso-A.-Scotti-disque-His-masters-voice-129x150.jpg 129w\" sizes=\"auto, (max-width: 258px) 100vw, 258px\" \/><\/figure>\r\n<\/div>\r\n\r\n\r\n\r\n<p class=\"has-medium-font-size\">Antonio Scotti\/Enrico Caruso &#8211; \u00ab\u00a0Solenne in quest&rsquo;ora\u00a0\u00bb 1906<\/p>\r\n\r\n\r\n\r\n<p class=\"has-medium-font-size\" style=\"text-align: justify;\">N\u00e9 \u00e0 Naples en 1866, <strong>Antonio Scotti<\/strong> fait ses d\u00e9buts \u00e0 La Scala en 1898 et d\u00e9j\u00e0 un an plus tard au Met \u00e0 New York en Don Giovanni de Mozart o\u00f9 il est vite devenu une vedette de par l&rsquo;\u00e9l\u00e9gance et la force de ses interpr\u00e9tations. Ami proche de Caruso, les deux chantent souvent ensemble d\u00e8s un premier Rigoletto, d\u00e9buts du t\u00e9nor, en 1903, et se ressemblent m\u00eame vocalement, d&rsquo;o\u00f9 ce t\u00e9moignage \u00e9mouvant : difficile \u00e0 distinguer au d\u00e9but qui est qui. Apr\u00e8s 34 ans de carri\u00e8re entre New York, Londres, Milan et Paris (en particulier la tourn\u00e9e spectaculaire du Met au Th\u00e9\u00e2tre du Ch\u00e2telet en 1910), Scotti d\u00e9cide de passer ses derni\u00e8res ann\u00e9es \u00e0 Naples, o\u00f9 malheureusement son ami d\u00e9j\u00e0 parti, il meurt seul dans une pauvret\u00e9 abjecte en 1936. Il n&rsquo;y a que quatre personnes qui accompagnent son cercueil.<\/p>\r\n\r\n\r\n\r\n<p class=\"has-medium-font-size\" style=\"text-align: justify;\">Passons alors \u00e0 quelque chose de dr\u00f4le pour la derni\u00e8re partie. En 1922 l&rsquo;enregistrement \u00e9lectrique voit le jour. On n&rsquo;a pas ch\u00f4m\u00e9 \u00e0 capter des voix fra\u00eeches, mais \u00e9tant donn\u00e9e la nouvelle marge sonore, maints chanteurs qui avaient d\u00e9j\u00e0 enregistr\u00e9 de fa\u00e7on acoustique opt\u00e8rent pour refaire des titres, comme notamment le t\u00e9nor Beniamino Gigli.<\/p>\r\n\r\n\r\n\r\n<p class=\"has-medium-font-size\" style=\"text-align: justify;\"><strong><a href=\"https:\/\/fr.wikipedia.org\/wiki\/Gabrielle_Ritter-Ciampi\" target=\"_blank\" rel=\"noreferrer noopener\" aria-label=\"Gabrielle Ritter-Ciampi (s\u2019ouvre dans un nouvel onglet)\">Gabrielle Ritter-Ciampi<\/a><\/strong> n\u00e9e \u00e0 Paris en 1886 ; son p\u00e8re italien, le chanteur Enzo Ciampi, avait tourn\u00e9 avec Adelina Patti. Faisant ses d\u00e9buts en 1917 avec Traviata, elle devient vite c\u00e9l\u00e8bre en France pour des r\u00f4les mozartiens qu&rsquo;elle chante aussi \u00e0 Salzbourg. Poss\u00e9dant une voix limpide, elle sera la derni\u00e8re chanteuse \u00e0 oser le r\u00f4le titre dans Esclarmonde de Massenet avec son sol suraigu en option dite \u00ab\u00a0de la tour Eiffel\u00a0\u00bb en 1931-34 avant la reprise c\u00e9l\u00e8bre de Joan Sutherland 40 ans plus tard (qui ne chante pas le sol). Souvent compar\u00e9e \u00e0 Patti par sa puret\u00e9 de timbre, elle chante ici de Manon la sc\u00e8ne, Cours la reine &#8211; 1925<\/p>\r\n\r\n\r\n\r\n<div class=\"wp-block-image\">\r\n<figure class=\"aligncenter is-resized\"><img loading=\"lazy\" decoding=\"async\" class=\"wp-image-2030\" src=\"http:\/\/phonomuseum.fr\/wp-content\/uploads\/2019\/03\/R.-Ciampi-disque-Pathe\u0301.jpg\" alt=\"\" width=\"305\" height=\"325\" srcset=\"https:\/\/phonomuseum.fr\/wp-content\/uploads\/2019\/03\/R.-Ciampi-disque-Pathe\u0301.jpg 663w, https:\/\/phonomuseum.fr\/wp-content\/uploads\/2019\/03\/R.-Ciampi-disque-Pathe\u0301-282x300.jpg 282w, https:\/\/phonomuseum.fr\/wp-content\/uploads\/2019\/03\/R.-Ciampi-disque-Pathe\u0301-141x150.jpg 141w\" sizes=\"auto, (max-width: 305px) 100vw, 305px\" \/><\/figure>\r\n<\/div>\r\n\r\n\r\n\r\n<p class=\"has-medium-font-size\" style=\"text-align: justify;\">En 1929 la jeune draguignanaise <strong><a href=\"https:\/\/fr.wikipedia.org\/wiki\/Lily_Pons\" target=\"_blank\" rel=\"noreferrer noopener\" aria-label=\" (s\u2019ouvre dans un nouvel onglet)\">Alice-Jos\u00e9phine Pons<\/a><\/strong> se fait rejeter par l&rsquo;Op\u00e9ra de Paris apr\u00e8s avoir d\u00e9but\u00e9 \u00e0 Mulhouse dans Lakm\u00e9 et chant\u00e9 avec succ\u00e8s dans toute la France. Tentant sa chance \u00e0 New York, le grand t\u00e9nor Giovanni Zenatello la recommande au directeur du Met, Giulio Gatti-Casazza, et en javier 1931 elle fait des d\u00e9buts fracassants \u00e0 New York en Lucia avec Gigli et Pinza. Les Am\u00e9ricains ne l\u00e2chent plus de la \u00ab\u00a0Frenchie\u00a0\u00bb, elle y restera 28 ans, fera m\u00eame des films \u00e0 Hollywood. Le t\u00e9nor Giacomo Lauri-Volpi \u00e9crivait d&rsquo;elle que jamais il n&rsquo;a connu une voix aussi fine d&rsquo;une aussi longue \u00e9tendue qui portait dans une grande salle. M\u00eame Gatti-Casazza \u00e9crit dans ses m\u00e9moires qu&rsquo;avec \u00ab\u00a0le d\u00e9clin vocal \u00e9vident de nos jours, il y a toujours des chanteurs comme Ponselle, Gigli, Pinza et Pons qui arrivent \u00e0 porter le flambeau\u00a0\u00bb, pas un mince compliment. Son enregistrement de l&rsquo;air des clochettes de 1930 reste une r\u00e9f\u00e9rence, malgr\u00e9 quelques petits manques d&rsquo;articulation qu&rsquo;elle va vite corriger &#8211; \u00e0 entendre dans un film de 1936. Ses efforts appuy\u00e9s \u00e0 chanter pour les troupes alli\u00e9es au front pendant la Deuxi\u00e8me guerre mondiale seront r\u00e9compens\u00e9s : elle triomphe \u00e0 Paris en 1945 dans Lakm\u00e9 et \u00e0 la demande de la Ville de Paris chante la Marseillaise sur le balcon du Palais Garnier devant 250 000 personnes le 8 mai pour la Lib\u00e9ration.<\/p>\r\n\r\n\r\n\r\n<p class=\"has-medium-font-size\">Gabrielle Ritter-Ciampi Manon la sc\u00e8ne, Cours la reine &#8211; 1925 puis Lily Pons &#8211; Air des Clochettes &#8211; 1930<\/p>\r\n\r\n\r\n\r\n<figure class=\"wp-block-embed-youtube wp-block-embed is-type-video is-provider-youtube wp-embed-aspect-16-9 wp-has-aspect-ratio\">\r\n<div class=\"wp-block-embed__wrapper\"><a href=\"https:\/\/youtu.be\/koZL1znu3dU\" target=\"_blank\" rel=\"noopener\">https:\/\/youtu.be\/koZL1znu3dU<\/a><\/div>\r\n<\/figure>\r\n\r\n\r\n\r\n<p class=\"has-medium-font-size\" style=\"text-align: justify;\">Du rayonnement fran\u00e7ais des deux c\u00f4t\u00e9s de l&rsquo;Atlantique, on tourne vers probablement la derni\u00e8re voix de l&rsquo;\u00e9poque dite de \u00ab\u00a0l&rsquo;\u00e2ge d&rsquo;or\u00a0\u00bb.<\/p>\r\n\r\n\r\n\r\n<p class=\"has-medium-font-size\" style=\"text-align: justify;\"><strong><a href=\"https:\/\/fr.wikipedia.org\/wiki\/Rosa_Ponselle\" target=\"_blank\" rel=\"noreferrer noopener\" aria-label=\"Rosa Ponselle (s\u2019ouvre dans un nouvel onglet)\">Rosa Ponselle<\/a><\/strong>, n\u00e9e Rosa Ponzillo de parents italiens dans le Connecticut en 1897, commence sa carri\u00e8re en tant que pianiste accompagnatrice des films muets puis s&rsquo;amuse \u00e0 chanter des duos avec sa soeur Carmela dans des th\u00e9\u00e2tres du vaudeville. Sa voix est tellement hors norme sans enseignement vocal que l&rsquo;agent de Carmela demande \u00e0 Caruso de venir l&rsquo;auditionner. Caruso, profond\u00e9ment \u00e9mu par sa voix la recommande \u00e0 l&rsquo;impressario du Met, et quelques jours apr\u00e8s la fin de la Grande guerre, avec uniquement la pr\u00e9paration du coach Romano Romani, un prot\u00e9g\u00e9 de Puccini, elle fait ses d\u00e9buts dans \u00ab\u00a0La Force du Destin\u00a0\u00bb de Verdi avec Caruso : une l\u00e9gende est n\u00e9e. Elle restera fid\u00e8le au Met par peur de perdre ses rep\u00e8res et ne chantera que trois saisons \u00e0 Covent Garden \u00e0 Londres et une fois \u00e0 Florence en 1933. Elle travaillera tout le r\u00e9pertoire italien avec Romani, et la cons\u00e9cration de sa carri\u00e8re sera Norma en 1927, dont avec Maria Callas, elle est consid\u00e9r\u00e9e comme l&rsquo;interpr\u00e8te la plus aboutie du si\u00e8cle. On l&rsquo;a surnomm\u00e9 \u00ab\u00a0Le Caruso en jupons\u00a0\u00bb. Elle quitte la sc\u00e8ne pr\u00e9cipitamment en 1937 suite au refus du nouveau directeur de monter Adriana Lecouvreur pour elle, mais elle a du sentir que le monde avait chang\u00e9. N\u00e9anmoins elle entretient sa voix et enregistre m\u00eame une collection de m\u00e9lodies dans les ann\u00e9es 50 &#8211; la voix est toujours sublime. Elle \u00e9crit que chaque matin elle allait au piano et s&rsquo;essayait avec le trille et terminaison en piqu\u00e9es de la cabalette d&rsquo;Ernani Involami &#8211; si cela marchait elle chantait, sinon, elle claquait le couvercle du piano et sortait faire autre chose. Ecoutons cet enregistrement r\u00e9f\u00e9rence.<\/p>\r\n\r\n\r\n\r\n<p class=\"has-medium-font-size\" style=\"text-align: justify;\">Ernani Involami &#8211; <em>(1923 non \u00e9dit\u00e9, extraordinaire, ou 1929, la r\u00e9f\u00e9rence)<\/em><\/p>\r\n\r\n\r\n\r\n<p class=\"has-medium-font-size\" style=\"text-align: justify;\">Revenons en France pour achever notre cercle de chanteurs modernes de L\u00e9on Beyle \u00e0<\/p>\r\n\r\n\r\n\r\n<p class=\"has-medium-font-size\" style=\"text-align: justify;\"><strong><a href=\"https:\/\/fr.wikipedia.org\/wiki\/Georges_Thill\" target=\"_blank\" rel=\"noreferrer noopener\" aria-label=\"Georges Thill (s\u2019ouvre dans un nouvel onglet)\">Georges Thill<\/a><\/strong>. Parisien de naissance, il devient, jeune, mordu des disques de Caruso et les imite; pourtant son parcours au conservatoire est frustrant et il d\u00e9cide d&rsquo;aller en Italie \u00e9tudier avec Fernando de Lucia, grand belcantiste \u00e0 Naples. Par lui, il trouve un \u00e9quilibre entre l&rsquo;\u00e9mission classique fran\u00e7aise et une ma\u00eetrise de souffle \u00e0 l&rsquo;italienne qui lui permet de renforcer son m\u00e9dium et ses graves sans pousser dans le masque. De Lucia lui donne les outils pour faire une vraie symbiose qui, d\u00e8s son entr\u00e9e \u00e0 l&rsquo;Op\u00e9ra, fera l&rsquo;effet d&rsquo;une bombe : Thill devient le sp\u00e9cialiste incontest\u00e9 pour le style fran\u00e7ais du chant. M\u00eame si son \u00e9mission reste devant, bien not\u00e9e par Lauri-Volpi, son rapport \u00e0 une voyelle qui reste pos\u00e9e sur le souffle, est pure, sollicitant des r\u00e9sonateurs naturels qui lui offrent une homog\u00e9n\u00e9it\u00e9, une clart\u00e9 de diction et une aisance rare.<\/p>\r\n\r\n\r\n\r\n<p class=\"has-medium-font-size\" style=\"text-align: justify;\">Avec Thill, l&rsquo;art du chant fran\u00e7ais atteint son apog\u00e9e.<\/p>\r\n\r\n\r\n\r\n<p class=\"has-medium-font-size\" style=\"text-align: justify;\">Georges Thill &#8211; Salut demeure chaste et pure \u2013 1930<\/p>\r\n\r\n\r\n\r\n<p class=\"has-medium-font-size\">\u00a0<\/p>\r\n\r\n\r\n\r\n<p class=\"has-medium-font-size\" style=\"text-align: center;\">oOo<\/p>\r\n\r\n\r\n\r\n<p class=\"has-medium-font-size\" style=\"text-align: justify;\">Alors, soyons honn\u00eates, nous ne sommes pas les premiers \u00e0 avoir ce type d&rsquo;approche. D\u00e9j\u00e0 en 1947, Michel de Bry, membre de l&rsquo;acad\u00e9mie du disque fran\u00e7ais, avait eu l&rsquo;id\u00e9e comme le prouve le document \u00ab\u00a0<a href=\"http:\/\/phonomuseum.fr\/wp-content\/uploads\/2019\/03\/Michel-de-Bry-causerie-6-juillet-1947.pdf\" target=\"_blank\" rel=\"noreferrer noopener\" aria-label=\"Michel de Bry, causerie 6 juillet 1947 (s\u2019ouvre dans un nouvel onglet)\">Michel de Bry, causerie 6 juillet 1947<\/a>\u00ab\u00a0<\/p>\r\n","protected":false},"excerpt":{"rendered":"<p>\u00catre un mus\u00e9e vivant, tel est un des objectifs du PHONO Museum Paris. Mais un mus\u00e9e vivant, qu&rsquo;est-ce-que cela veut dire ? Beaucoup de choses dans la gestion du fonds du mus\u00e9e, bien s\u00fbr, mais au del\u00e0, permettre aux visiteurs autre chose que de regarder un objet derri\u00e8re une vitrine. Au mus\u00e9e, on peut faire [&hellip;]<\/p>\n","protected":false},"author":2,"featured_media":2418,"comment_status":"open","ping_status":"closed","sticky":false,"template":"","format":"standard","meta":{"footnotes":""},"categories":[14,35,37],"tags":[],"class_list":["post-1926","post","type-post","status-publish","format-standard","has-post-thumbnail","hentry","category-blog","category-conferences","category-conferences-2019"],"yoast_head":"<!-- This site is optimized with the Yoast SEO plugin v27.5 - https:\/\/yoast.com\/product\/yoast-seo-wordpress\/ -->\n<title>A l&#039;\u00e9coute du pass\u00e9 - PHONO Museum Paris<\/title>\n<meta name=\"robots\" content=\"index, follow, max-snippet:-1, max-image-preview:large, max-video-preview:-1\" \/>\n<link rel=\"canonical\" href=\"https:\/\/phonomuseum.fr\/a-lecoute-du-passe\/\" \/>\n<meta property=\"og:locale\" content=\"fr_FR\" \/>\n<meta property=\"og:type\" content=\"article\" \/>\n<meta property=\"og:title\" content=\"A l&#039;\u00e9coute du pass\u00e9 - PHONO Museum Paris\" \/>\n<meta property=\"og:description\" content=\"\u00catre un mus\u00e9e vivant, tel est un des objectifs du PHONO Museum Paris. Mais un mus\u00e9e vivant, qu&rsquo;est-ce-que cela veut dire ? Beaucoup de choses dans la gestion du fonds du mus\u00e9e, bien s\u00fbr, mais au del\u00e0, permettre aux visiteurs autre chose que de regarder un objet derri\u00e8re une vitrine. Au mus\u00e9e, on peut faire [&hellip;]\" \/>\n<meta property=\"og:url\" content=\"https:\/\/phonomuseum.fr\/a-lecoute-du-passe\/\" \/>\n<meta property=\"og:site_name\" content=\"PHONO Museum Paris\" \/>\n<meta property=\"article:author\" content=\"https:\/\/www.facebook.com\/didier.vincent.7\" \/>\n<meta property=\"article:published_time\" content=\"2019-03-12T14:59:53+00:00\" \/>\n<meta property=\"article:modified_time\" content=\"2024-06-01T12:58:16+00:00\" \/>\n<meta property=\"og:image\" content=\"https:\/\/phonomuseum.fr\/wp-content\/uploads\/2019\/05\/20190310_201938-web.jpg\" \/>\n\t<meta property=\"og:image:width\" content=\"5312\" \/>\n\t<meta property=\"og:image:height\" content=\"2988\" \/>\n\t<meta property=\"og:image:type\" content=\"image\/jpeg\" \/>\n<meta name=\"author\" content=\"PHONO Museum Paris\" \/>\n<meta name=\"twitter:card\" content=\"summary_large_image\" \/>\n<meta name=\"twitter:creator\" content=\"@didier_vincent\" \/>\n<meta name=\"twitter:label1\" content=\"\u00c9crit par\" \/>\n\t<meta name=\"twitter:data1\" content=\"PHONO Museum Paris\" \/>\n\t<meta name=\"twitter:label2\" content=\"Dur\u00e9e de lecture estim\u00e9e\" \/>\n\t<meta name=\"twitter:data2\" content=\"21 minutes\" \/>\n<script type=\"application\/ld+json\" class=\"yoast-schema-graph\">{\"@context\":\"https:\\\/\\\/schema.org\",\"@graph\":[{\"@type\":\"Article\",\"@id\":\"https:\\\/\\\/phonomuseum.fr\\\/a-lecoute-du-passe\\\/#article\",\"isPartOf\":{\"@id\":\"https:\\\/\\\/phonomuseum.fr\\\/a-lecoute-du-passe\\\/\"},\"author\":{\"name\":\"PHONO Museum Paris\",\"@id\":\"https:\\\/\\\/phonomuseum.fr\\\/#\\\/schema\\\/person\\\/ccddc2cc569da3acc4b8312f4ff2b0b7\"},\"headline\":\"A l&rsquo;\u00e9coute du pass\u00e9\",\"datePublished\":\"2019-03-12T14:59:53+00:00\",\"dateModified\":\"2024-06-01T12:58:16+00:00\",\"mainEntityOfPage\":{\"@id\":\"https:\\\/\\\/phonomuseum.fr\\\/a-lecoute-du-passe\\\/\"},\"wordCount\":4286,\"commentCount\":0,\"image\":{\"@id\":\"https:\\\/\\\/phonomuseum.fr\\\/a-lecoute-du-passe\\\/#primaryimage\"},\"thumbnailUrl\":\"https:\\\/\\\/phonomuseum.fr\\\/wp-content\\\/uploads\\\/2019\\\/05\\\/20190310_201938-web.jpg\",\"articleSection\":[\"BLOG\",\"Conf\u00e9rences\",\"Conf\u00e9rences 2019\"],\"inLanguage\":\"fr-FR\",\"potentialAction\":[{\"@type\":\"CommentAction\",\"name\":\"Comment\",\"target\":[\"https:\\\/\\\/phonomuseum.fr\\\/a-lecoute-du-passe\\\/#respond\"]}]},{\"@type\":\"WebPage\",\"@id\":\"https:\\\/\\\/phonomuseum.fr\\\/a-lecoute-du-passe\\\/\",\"url\":\"https:\\\/\\\/phonomuseum.fr\\\/a-lecoute-du-passe\\\/\",\"name\":\"A l'\u00e9coute du pass\u00e9 - PHONO Museum Paris\",\"isPartOf\":{\"@id\":\"https:\\\/\\\/phonomuseum.fr\\\/#website\"},\"primaryImageOfPage\":{\"@id\":\"https:\\\/\\\/phonomuseum.fr\\\/a-lecoute-du-passe\\\/#primaryimage\"},\"image\":{\"@id\":\"https:\\\/\\\/phonomuseum.fr\\\/a-lecoute-du-passe\\\/#primaryimage\"},\"thumbnailUrl\":\"https:\\\/\\\/phonomuseum.fr\\\/wp-content\\\/uploads\\\/2019\\\/05\\\/20190310_201938-web.jpg\",\"datePublished\":\"2019-03-12T14:59:53+00:00\",\"dateModified\":\"2024-06-01T12:58:16+00:00\",\"author\":{\"@id\":\"https:\\\/\\\/phonomuseum.fr\\\/#\\\/schema\\\/person\\\/ccddc2cc569da3acc4b8312f4ff2b0b7\"},\"breadcrumb\":{\"@id\":\"https:\\\/\\\/phonomuseum.fr\\\/a-lecoute-du-passe\\\/#breadcrumb\"},\"inLanguage\":\"fr-FR\",\"potentialAction\":[{\"@type\":\"ReadAction\",\"target\":[\"https:\\\/\\\/phonomuseum.fr\\\/a-lecoute-du-passe\\\/\"]}]},{\"@type\":\"ImageObject\",\"inLanguage\":\"fr-FR\",\"@id\":\"https:\\\/\\\/phonomuseum.fr\\\/a-lecoute-du-passe\\\/#primaryimage\",\"url\":\"https:\\\/\\\/phonomuseum.fr\\\/wp-content\\\/uploads\\\/2019\\\/05\\\/20190310_201938-web.jpg\",\"contentUrl\":\"https:\\\/\\\/phonomuseum.fr\\\/wp-content\\\/uploads\\\/2019\\\/05\\\/20190310_201938-web.jpg\",\"width\":5312,\"height\":2988},{\"@type\":\"BreadcrumbList\",\"@id\":\"https:\\\/\\\/phonomuseum.fr\\\/a-lecoute-du-passe\\\/#breadcrumb\",\"itemListElement\":[{\"@type\":\"ListItem\",\"position\":1,\"name\":\"Accueil\",\"item\":\"https:\\\/\\\/phonomuseum.fr\\\/accueil\\\/\"},{\"@type\":\"ListItem\",\"position\":2,\"name\":\"A l&rsquo;\u00e9coute du pass\u00e9\"}]},{\"@type\":\"WebSite\",\"@id\":\"https:\\\/\\\/phonomuseum.fr\\\/#website\",\"url\":\"https:\\\/\\\/phonomuseum.fr\\\/\",\"name\":\"PHONO Museum Paris\",\"description\":\"la grande aventure du son enregistr\u00e9 - L&#039;histoire sonore de 1857 \u00e0 nos jours\",\"potentialAction\":[{\"@type\":\"SearchAction\",\"target\":{\"@type\":\"EntryPoint\",\"urlTemplate\":\"https:\\\/\\\/phonomuseum.fr\\\/?s={search_term_string}\"},\"query-input\":{\"@type\":\"PropertyValueSpecification\",\"valueRequired\":true,\"valueName\":\"search_term_string\"}}],\"inLanguage\":\"fr-FR\"},{\"@type\":\"Person\",\"@id\":\"https:\\\/\\\/phonomuseum.fr\\\/#\\\/schema\\\/person\\\/ccddc2cc569da3acc4b8312f4ff2b0b7\",\"name\":\"PHONO Museum Paris\",\"image\":{\"@type\":\"ImageObject\",\"inLanguage\":\"fr-FR\",\"@id\":\"https:\\\/\\\/secure.gravatar.com\\\/avatar\\\/625e6ca9ffe4c986867da0049f4a8bab481c3379248f90cbf285f445b365f8bd?s=96&d=mm&r=g\",\"url\":\"https:\\\/\\\/secure.gravatar.com\\\/avatar\\\/625e6ca9ffe4c986867da0049f4a8bab481c3379248f90cbf285f445b365f8bd?s=96&d=mm&r=g\",\"contentUrl\":\"https:\\\/\\\/secure.gravatar.com\\\/avatar\\\/625e6ca9ffe4c986867da0049f4a8bab481c3379248f90cbf285f445b365f8bd?s=96&d=mm&r=g\",\"caption\":\"PHONO Museum Paris\"},\"sameAs\":[\"http:\\\/\\\/phonomuseum.fr\",\"https:\\\/\\\/www.facebook.com\\\/didier.vincent.7\",\"https:\\\/\\\/x.com\\\/@didier_vincent\"],\"url\":\"https:\\\/\\\/phonomuseum.fr\\\/author\\\/phono-museum-paris\\\/\"}]}<\/script>\n<!-- \/ Yoast SEO plugin. -->","yoast_head_json":{"title":"A l'\u00e9coute du pass\u00e9 - PHONO Museum Paris","robots":{"index":"index","follow":"follow","max-snippet":"max-snippet:-1","max-image-preview":"max-image-preview:large","max-video-preview":"max-video-preview:-1"},"canonical":"https:\/\/phonomuseum.fr\/a-lecoute-du-passe\/","og_locale":"fr_FR","og_type":"article","og_title":"A l'\u00e9coute du pass\u00e9 - PHONO Museum Paris","og_description":"\u00catre un mus\u00e9e vivant, tel est un des objectifs du PHONO Museum Paris. Mais un mus\u00e9e vivant, qu&rsquo;est-ce-que cela veut dire ? Beaucoup de choses dans la gestion du fonds du mus\u00e9e, bien s\u00fbr, mais au del\u00e0, permettre aux visiteurs autre chose que de regarder un objet derri\u00e8re une vitrine. Au mus\u00e9e, on peut faire [&hellip;]","og_url":"https:\/\/phonomuseum.fr\/a-lecoute-du-passe\/","og_site_name":"PHONO Museum Paris","article_author":"https:\/\/www.facebook.com\/didier.vincent.7","article_published_time":"2019-03-12T14:59:53+00:00","article_modified_time":"2024-06-01T12:58:16+00:00","og_image":[{"width":5312,"height":2988,"url":"https:\/\/phonomuseum.fr\/wp-content\/uploads\/2019\/05\/20190310_201938-web.jpg","type":"image\/jpeg"}],"author":"PHONO Museum Paris","twitter_card":"summary_large_image","twitter_creator":"@didier_vincent","twitter_misc":{"\u00c9crit par":"PHONO Museum Paris","Dur\u00e9e de lecture estim\u00e9e":"21 minutes"},"schema":{"@context":"https:\/\/schema.org","@graph":[{"@type":"Article","@id":"https:\/\/phonomuseum.fr\/a-lecoute-du-passe\/#article","isPartOf":{"@id":"https:\/\/phonomuseum.fr\/a-lecoute-du-passe\/"},"author":{"name":"PHONO Museum Paris","@id":"https:\/\/phonomuseum.fr\/#\/schema\/person\/ccddc2cc569da3acc4b8312f4ff2b0b7"},"headline":"A l&rsquo;\u00e9coute du pass\u00e9","datePublished":"2019-03-12T14:59:53+00:00","dateModified":"2024-06-01T12:58:16+00:00","mainEntityOfPage":{"@id":"https:\/\/phonomuseum.fr\/a-lecoute-du-passe\/"},"wordCount":4286,"commentCount":0,"image":{"@id":"https:\/\/phonomuseum.fr\/a-lecoute-du-passe\/#primaryimage"},"thumbnailUrl":"https:\/\/phonomuseum.fr\/wp-content\/uploads\/2019\/05\/20190310_201938-web.jpg","articleSection":["BLOG","Conf\u00e9rences","Conf\u00e9rences 2019"],"inLanguage":"fr-FR","potentialAction":[{"@type":"CommentAction","name":"Comment","target":["https:\/\/phonomuseum.fr\/a-lecoute-du-passe\/#respond"]}]},{"@type":"WebPage","@id":"https:\/\/phonomuseum.fr\/a-lecoute-du-passe\/","url":"https:\/\/phonomuseum.fr\/a-lecoute-du-passe\/","name":"A l'\u00e9coute du pass\u00e9 - PHONO Museum Paris","isPartOf":{"@id":"https:\/\/phonomuseum.fr\/#website"},"primaryImageOfPage":{"@id":"https:\/\/phonomuseum.fr\/a-lecoute-du-passe\/#primaryimage"},"image":{"@id":"https:\/\/phonomuseum.fr\/a-lecoute-du-passe\/#primaryimage"},"thumbnailUrl":"https:\/\/phonomuseum.fr\/wp-content\/uploads\/2019\/05\/20190310_201938-web.jpg","datePublished":"2019-03-12T14:59:53+00:00","dateModified":"2024-06-01T12:58:16+00:00","author":{"@id":"https:\/\/phonomuseum.fr\/#\/schema\/person\/ccddc2cc569da3acc4b8312f4ff2b0b7"},"breadcrumb":{"@id":"https:\/\/phonomuseum.fr\/a-lecoute-du-passe\/#breadcrumb"},"inLanguage":"fr-FR","potentialAction":[{"@type":"ReadAction","target":["https:\/\/phonomuseum.fr\/a-lecoute-du-passe\/"]}]},{"@type":"ImageObject","inLanguage":"fr-FR","@id":"https:\/\/phonomuseum.fr\/a-lecoute-du-passe\/#primaryimage","url":"https:\/\/phonomuseum.fr\/wp-content\/uploads\/2019\/05\/20190310_201938-web.jpg","contentUrl":"https:\/\/phonomuseum.fr\/wp-content\/uploads\/2019\/05\/20190310_201938-web.jpg","width":5312,"height":2988},{"@type":"BreadcrumbList","@id":"https:\/\/phonomuseum.fr\/a-lecoute-du-passe\/#breadcrumb","itemListElement":[{"@type":"ListItem","position":1,"name":"Accueil","item":"https:\/\/phonomuseum.fr\/accueil\/"},{"@type":"ListItem","position":2,"name":"A l&rsquo;\u00e9coute du pass\u00e9"}]},{"@type":"WebSite","@id":"https:\/\/phonomuseum.fr\/#website","url":"https:\/\/phonomuseum.fr\/","name":"PHONO Museum Paris","description":"la grande aventure du son enregistr\u00e9 - L&#039;histoire sonore de 1857 \u00e0 nos jours","potentialAction":[{"@type":"SearchAction","target":{"@type":"EntryPoint","urlTemplate":"https:\/\/phonomuseum.fr\/?s={search_term_string}"},"query-input":{"@type":"PropertyValueSpecification","valueRequired":true,"valueName":"search_term_string"}}],"inLanguage":"fr-FR"},{"@type":"Person","@id":"https:\/\/phonomuseum.fr\/#\/schema\/person\/ccddc2cc569da3acc4b8312f4ff2b0b7","name":"PHONO Museum Paris","image":{"@type":"ImageObject","inLanguage":"fr-FR","@id":"https:\/\/secure.gravatar.com\/avatar\/625e6ca9ffe4c986867da0049f4a8bab481c3379248f90cbf285f445b365f8bd?s=96&d=mm&r=g","url":"https:\/\/secure.gravatar.com\/avatar\/625e6ca9ffe4c986867da0049f4a8bab481c3379248f90cbf285f445b365f8bd?s=96&d=mm&r=g","contentUrl":"https:\/\/secure.gravatar.com\/avatar\/625e6ca9ffe4c986867da0049f4a8bab481c3379248f90cbf285f445b365f8bd?s=96&d=mm&r=g","caption":"PHONO Museum Paris"},"sameAs":["http:\/\/phonomuseum.fr","https:\/\/www.facebook.com\/didier.vincent.7","https:\/\/x.com\/@didier_vincent"],"url":"https:\/\/phonomuseum.fr\/author\/phono-museum-paris\/"}]}},"_links":{"self":[{"href":"https:\/\/phonomuseum.fr\/api\/wp\/v2\/posts\/1926","targetHints":{"allow":["GET"]}}],"collection":[{"href":"https:\/\/phonomuseum.fr\/api\/wp\/v2\/posts"}],"about":[{"href":"https:\/\/phonomuseum.fr\/api\/wp\/v2\/types\/post"}],"author":[{"embeddable":true,"href":"https:\/\/phonomuseum.fr\/api\/wp\/v2\/users\/2"}],"replies":[{"embeddable":true,"href":"https:\/\/phonomuseum.fr\/api\/wp\/v2\/comments?post=1926"}],"version-history":[{"count":4,"href":"https:\/\/phonomuseum.fr\/api\/wp\/v2\/posts\/1926\/revisions"}],"predecessor-version":[{"id":4587,"href":"https:\/\/phonomuseum.fr\/api\/wp\/v2\/posts\/1926\/revisions\/4587"}],"wp:featuredmedia":[{"embeddable":true,"href":"https:\/\/phonomuseum.fr\/api\/wp\/v2\/media\/2418"}],"wp:attachment":[{"href":"https:\/\/phonomuseum.fr\/api\/wp\/v2\/media?parent=1926"}],"wp:term":[{"taxonomy":"category","embeddable":true,"href":"https:\/\/phonomuseum.fr\/api\/wp\/v2\/categories?post=1926"},{"taxonomy":"post_tag","embeddable":true,"href":"https:\/\/phonomuseum.fr\/api\/wp\/v2\/tags?post=1926"}],"curies":[{"name":"wp","href":"https:\/\/api.w.org\/{rel}","templated":true}]}}