{"id":1698,"date":"2018-10-01T14:05:18","date_gmt":"2018-10-01T12:05:18","guid":{"rendered":"http:\/\/phonomuseum.fr\/?p=1698"},"modified":"2024-06-01T15:24:37","modified_gmt":"2024-06-01T13:24:37","slug":"mama-festival-2018-suite","status":"publish","type":"post","link":"https:\/\/phonomuseum.fr\/mama-festival-2018-suite\/","title":{"rendered":"MaMA Festival 2018 (suite)"},"content":{"rendered":"<section  class='av_textblock_section av-kjslmxl1-5ba006bac2e8ab8ccacdce962ac9fab7 '   itemscope=\"itemscope\" itemtype=\"https:\/\/schema.org\/BlogPosting\" itemprop=\"blogPost\" ><div class='avia_textblock'  itemprop=\"text\" ><h4><a href=\"https:\/\/phonomuseum.fr\/storage\/2018\/09\/MA18_BM_Noir_BM_F_N.png\"><img loading=\"lazy\" decoding=\"async\" class=\"aligncenter wp-image-1701 size-medium\" src=\"https:\/\/phonomuseum.fr\/storage\/2018\/09\/MA18_BM_Noir_BM_F_N-300x300.png\" alt=\"\" width=\"300\" height=\"300\" srcset=\"https:\/\/phonomuseum.fr\/wp-content\/uploads\/2018\/09\/MA18_BM_Noir_BM_F_N-300x300.png 300w, https:\/\/phonomuseum.fr\/wp-content\/uploads\/2018\/09\/MA18_BM_Noir_BM_F_N-150x150.png 150w, https:\/\/phonomuseum.fr\/wp-content\/uploads\/2018\/09\/MA18_BM_Noir_BM_F_N-768x768.png 768w, https:\/\/phonomuseum.fr\/wp-content\/uploads\/2018\/09\/MA18_BM_Noir_BM_F_N-1024x1024.png 1024w, https:\/\/phonomuseum.fr\/wp-content\/uploads\/2018\/09\/MA18_BM_Noir_BM_F_N-400x400.png 400w\" sizes=\"auto, (max-width: 300px) 100vw, 300px\" \/><\/a><\/h4>\n<h4 style=\"text-align: justify;\">Comme <a href=\"https:\/\/phonomuseum.fr\/mama-festival-2018\/\" target=\"_blank\" rel=\"noopener noreferrer\">d\u00e9j\u00e0 annonc\u00e9<\/a>, le mus\u00e9e accueille cette ann\u00e9e des concerts du <a href=\"http:\/\/www.mamafestival.com\/fr\/convention\/scheduling\/bydate\" target=\"_blank\" rel=\"noopener noreferrer\">MaMA Festival<\/a> du 17 au 19 octobre 2018.<\/h4>\n<p style=\"text-align: justify;\">Voici comment le mus\u00e9e est pr\u00e9sent\u00e9 dans le dossier de presse pr\u00e9par\u00e9 \u00e0 cette occasion :<\/p>\n<p style=\"text-align: justify;\">\u00ab\u00a0Lieu embl\u00e9matique de Pigalle, le Phono Museum s&rsquo;ajoute \u00e0 la liste des salles qui accueilleront MaMA Festival cette ann\u00e9e ! Symbole incontestable de la musique, embl\u00e8me de la production industrielle &#8230; Venez vivre la grande aventure du son enregistr\u00e9 en mode concert intimiste au 53, boulevard de Rochechouart.\u00a0\u00bb<\/p>\n<p style=\"text-align: justify;\">Vous trouverez ce texte en page 26 du dossier de presse que nous publions ici<\/p>\n<p style=\"text-align: center;\"><a href=\"https:\/\/phonomuseum.fr\/storage\/2018\/09\/Capture-d\u2019e\u0301cran-2018-09-27-a\u0300-15.43.07.png\"><img loading=\"lazy\" decoding=\"async\" class=\"aligncenter size-full wp-image-1699\" src=\"https:\/\/phonomuseum.fr\/storage\/2018\/09\/Capture-d\u2019e\u0301cran-2018-09-27-a\u0300-15.43.07.png\" alt=\"\" width=\"451\" height=\"529\" srcset=\"https:\/\/phonomuseum.fr\/wp-content\/uploads\/2018\/09\/Capture-d\u2019e\u0301cran-2018-09-27-a\u0300-15.43.07.png 451w, https:\/\/phonomuseum.fr\/wp-content\/uploads\/2018\/09\/Capture-d\u2019e\u0301cran-2018-09-27-a\u0300-15.43.07-256x300.png 256w, https:\/\/phonomuseum.fr\/wp-content\/uploads\/2018\/09\/Capture-d\u2019e\u0301cran-2018-09-27-a\u0300-15.43.07-128x150.png 128w\" sizes=\"auto, (max-width: 451px) 100vw, 451px\" \/><\/a><a href=\"https:\/\/phonomuseum.fr\/storage\/2018\/09\/DP2-MaMA-Festival-Convention-07.09.18_HD_DEF.pdf\">MaMA Festival 2018 dossier presse<\/a><\/p>\n<p>Consultez <a href=\"http:\/\/www.mamafestival.com\/fr\/festival\/scheduling\" target=\"_blank\" rel=\"noopener noreferrer\">tout le programme<\/a> de cette \u00e9dition 2018.<\/p>\n<\/div><\/section>\n","protected":false},"excerpt":{"rendered":"","protected":false},"author":2,"featured_media":1678,"comment_status":"open","ping_status":"closed","sticky":false,"template":"","format":"standard","meta":{"footnotes":""},"categories":[14],"tags":[],"class_list":["post-1698","post","type-post","status-publish","format-standard","has-post-thumbnail","hentry","category-blog"],"yoast_head":"<!-- This site is optimized with the Yoast SEO plugin v27.5 - https:\/\/yoast.com\/product\/yoast-seo-wordpress\/ -->\n<title>MaMA Festival 2018 (suite) - PHONO Museum Paris<\/title>\n<meta name=\"robots\" content=\"index, follow, max-snippet:-1, max-image-preview:large, max-video-preview:-1\" \/>\n<link rel=\"canonical\" href=\"https:\/\/phonomuseum.fr\/mama-festival-2018-suite\/\" \/>\n<meta property=\"og:locale\" content=\"fr_FR\" \/>\n<meta property=\"og:type\" content=\"article\" \/>\n<meta property=\"og:title\" content=\"MaMA Festival 2018 (suite) - PHONO Museum Paris\" \/>\n<meta property=\"og:url\" content=\"https:\/\/phonomuseum.fr\/mama-festival-2018-suite\/\" \/>\n<meta property=\"og:site_name\" content=\"PHONO Museum Paris\" \/>\n<meta property=\"article:author\" content=\"https:\/\/www.facebook.com\/didier.vincent.7\" \/>\n<meta property=\"article:published_time\" content=\"2018-10-01T12:05:18+00:00\" \/>\n<meta property=\"article:modified_time\" content=\"2024-06-01T13:24:37+00:00\" \/>\n<meta property=\"og:image\" content=\"https:\/\/phonomuseum.fr\/wp-content\/uploads\/2018\/09\/MA18_Visuel-GC\u0327nC\u0327rique_Festival_1.png\" \/>\n\t<meta property=\"og:image:width\" content=\"2480\" \/>\n\t<meta property=\"og:image:height\" content=\"3595\" \/>\n\t<meta property=\"og:image:type\" content=\"image\/png\" \/>\n<meta name=\"author\" content=\"PHONO Museum Paris\" \/>\n<meta name=\"twitter:card\" content=\"summary_large_image\" \/>\n<meta name=\"twitter:creator\" content=\"@didier_vincent\" \/>\n<meta name=\"twitter:label1\" content=\"\u00c9crit par\" \/>\n\t<meta name=\"twitter:data1\" content=\"PHONO Museum Paris\" \/>\n\t<meta name=\"twitter:label2\" content=\"Dur\u00e9e de lecture estim\u00e9e\" \/>\n\t<meta name=\"twitter:data2\" content=\"1 minute\" \/>\n<script type=\"application\/ld+json\" class=\"yoast-schema-graph\">{\"@context\":\"https:\\\/\\\/schema.org\",\"@graph\":[{\"@type\":\"Article\",\"@id\":\"https:\\\/\\\/phonomuseum.fr\\\/mama-festival-2018-suite\\\/#article\",\"isPartOf\":{\"@id\":\"https:\\\/\\\/phonomuseum.fr\\\/mama-festival-2018-suite\\\/\"},\"author\":{\"name\":\"PHONO Museum Paris\",\"@id\":\"https:\\\/\\\/phonomuseum.fr\\\/#\\\/schema\\\/person\\\/ccddc2cc569da3acc4b8312f4ff2b0b7\"},\"headline\":\"MaMA Festival 2018 (suite)\",\"datePublished\":\"2018-10-01T12:05:18+00:00\",\"dateModified\":\"2024-06-01T13:24:37+00:00\",\"mainEntityOfPage\":{\"@id\":\"https:\\\/\\\/phonomuseum.fr\\\/mama-festival-2018-suite\\\/\"},\"wordCount\":132,\"commentCount\":0,\"image\":{\"@id\":\"https:\\\/\\\/phonomuseum.fr\\\/mama-festival-2018-suite\\\/#primaryimage\"},\"thumbnailUrl\":\"https:\\\/\\\/phonomuseum.fr\\\/wp-content\\\/uploads\\\/2018\\\/09\\\/MA18_Visuel-GC\u0327nC\u0327rique_Festival_1.png\",\"articleSection\":[\"BLOG\"],\"inLanguage\":\"fr-FR\",\"potentialAction\":[{\"@type\":\"CommentAction\",\"name\":\"Comment\",\"target\":[\"https:\\\/\\\/phonomuseum.fr\\\/mama-festival-2018-suite\\\/#respond\"]}]},{\"@type\":\"WebPage\",\"@id\":\"https:\\\/\\\/phonomuseum.fr\\\/mama-festival-2018-suite\\\/\",\"url\":\"https:\\\/\\\/phonomuseum.fr\\\/mama-festival-2018-suite\\\/\",\"name\":\"MaMA Festival 2018 (suite) - PHONO Museum Paris\",\"isPartOf\":{\"@id\":\"https:\\\/\\\/phonomuseum.fr\\\/#website\"},\"primaryImageOfPage\":{\"@id\":\"https:\\\/\\\/phonomuseum.fr\\\/mama-festival-2018-suite\\\/#primaryimage\"},\"image\":{\"@id\":\"https:\\\/\\\/phonomuseum.fr\\\/mama-festival-2018-suite\\\/#primaryimage\"},\"thumbnailUrl\":\"https:\\\/\\\/phonomuseum.fr\\\/wp-content\\\/uploads\\\/2018\\\/09\\\/MA18_Visuel-GC\u0327nC\u0327rique_Festival_1.png\",\"datePublished\":\"2018-10-01T12:05:18+00:00\",\"dateModified\":\"2024-06-01T13:24:37+00:00\",\"author\":{\"@id\":\"https:\\\/\\\/phonomuseum.fr\\\/#\\\/schema\\\/person\\\/ccddc2cc569da3acc4b8312f4ff2b0b7\"},\"breadcrumb\":{\"@id\":\"https:\\\/\\\/phonomuseum.fr\\\/mama-festival-2018-suite\\\/#breadcrumb\"},\"inLanguage\":\"fr-FR\",\"potentialAction\":[{\"@type\":\"ReadAction\",\"target\":[\"https:\\\/\\\/phonomuseum.fr\\\/mama-festival-2018-suite\\\/\"]}]},{\"@type\":\"ImageObject\",\"inLanguage\":\"fr-FR\",\"@id\":\"https:\\\/\\\/phonomuseum.fr\\\/mama-festival-2018-suite\\\/#primaryimage\",\"url\":\"https:\\\/\\\/phonomuseum.fr\\\/wp-content\\\/uploads\\\/2018\\\/09\\\/MA18_Visuel-GC\u0327nC\u0327rique_Festival_1.png\",\"contentUrl\":\"https:\\\/\\\/phonomuseum.fr\\\/wp-content\\\/uploads\\\/2018\\\/09\\\/MA18_Visuel-GC\u0327nC\u0327rique_Festival_1.png\",\"width\":2480,\"height\":3595},{\"@type\":\"BreadcrumbList\",\"@id\":\"https:\\\/\\\/phonomuseum.fr\\\/mama-festival-2018-suite\\\/#breadcrumb\",\"itemListElement\":[{\"@type\":\"ListItem\",\"position\":1,\"name\":\"Accueil\",\"item\":\"https:\\\/\\\/phonomuseum.fr\\\/accueil\\\/\"},{\"@type\":\"ListItem\",\"position\":2,\"name\":\"MaMA Festival 2018 (suite)\"}]},{\"@type\":\"WebSite\",\"@id\":\"https:\\\/\\\/phonomuseum.fr\\\/#website\",\"url\":\"https:\\\/\\\/phonomuseum.fr\\\/\",\"name\":\"PHONO Museum Paris\",\"description\":\"la grande aventure du son enregistr\u00e9 - L&#039;histoire sonore de 1857 \u00e0 nos jours\",\"potentialAction\":[{\"@type\":\"SearchAction\",\"target\":{\"@type\":\"EntryPoint\",\"urlTemplate\":\"https:\\\/\\\/phonomuseum.fr\\\/?s={search_term_string}\"},\"query-input\":{\"@type\":\"PropertyValueSpecification\",\"valueRequired\":true,\"valueName\":\"search_term_string\"}}],\"inLanguage\":\"fr-FR\"},{\"@type\":\"Person\",\"@id\":\"https:\\\/\\\/phonomuseum.fr\\\/#\\\/schema\\\/person\\\/ccddc2cc569da3acc4b8312f4ff2b0b7\",\"name\":\"PHONO Museum Paris\",\"image\":{\"@type\":\"ImageObject\",\"inLanguage\":\"fr-FR\",\"@id\":\"https:\\\/\\\/secure.gravatar.com\\\/avatar\\\/625e6ca9ffe4c986867da0049f4a8bab481c3379248f90cbf285f445b365f8bd?s=96&d=mm&r=g\",\"url\":\"https:\\\/\\\/secure.gravatar.com\\\/avatar\\\/625e6ca9ffe4c986867da0049f4a8bab481c3379248f90cbf285f445b365f8bd?s=96&d=mm&r=g\",\"contentUrl\":\"https:\\\/\\\/secure.gravatar.com\\\/avatar\\\/625e6ca9ffe4c986867da0049f4a8bab481c3379248f90cbf285f445b365f8bd?s=96&d=mm&r=g\",\"caption\":\"PHONO Museum Paris\"},\"sameAs\":[\"http:\\\/\\\/phonomuseum.fr\",\"https:\\\/\\\/www.facebook.com\\\/didier.vincent.7\",\"https:\\\/\\\/x.com\\\/@didier_vincent\"],\"url\":\"https:\\\/\\\/phonomuseum.fr\\\/author\\\/phono-museum-paris\\\/\"}]}<\/script>\n<!-- \/ Yoast SEO plugin. -->","yoast_head_json":{"title":"MaMA Festival 2018 (suite) - PHONO Museum Paris","robots":{"index":"index","follow":"follow","max-snippet":"max-snippet:-1","max-image-preview":"max-image-preview:large","max-video-preview":"max-video-preview:-1"},"canonical":"https:\/\/phonomuseum.fr\/mama-festival-2018-suite\/","og_locale":"fr_FR","og_type":"article","og_title":"MaMA Festival 2018 (suite) - PHONO Museum Paris","og_url":"https:\/\/phonomuseum.fr\/mama-festival-2018-suite\/","og_site_name":"PHONO Museum Paris","article_author":"https:\/\/www.facebook.com\/didier.vincent.7","article_published_time":"2018-10-01T12:05:18+00:00","article_modified_time":"2024-06-01T13:24:37+00:00","og_image":[{"width":2480,"height":3595,"url":"https:\/\/phonomuseum.fr\/wp-content\/uploads\/2018\/09\/MA18_Visuel-GC\u0327nC\u0327rique_Festival_1.png","type":"image\/png"}],"author":"PHONO Museum Paris","twitter_card":"summary_large_image","twitter_creator":"@didier_vincent","twitter_misc":{"\u00c9crit par":"PHONO Museum Paris","Dur\u00e9e de lecture estim\u00e9e":"1 minute"},"schema":{"@context":"https:\/\/schema.org","@graph":[{"@type":"Article","@id":"https:\/\/phonomuseum.fr\/mama-festival-2018-suite\/#article","isPartOf":{"@id":"https:\/\/phonomuseum.fr\/mama-festival-2018-suite\/"},"author":{"name":"PHONO Museum Paris","@id":"https:\/\/phonomuseum.fr\/#\/schema\/person\/ccddc2cc569da3acc4b8312f4ff2b0b7"},"headline":"MaMA Festival 2018 (suite)","datePublished":"2018-10-01T12:05:18+00:00","dateModified":"2024-06-01T13:24:37+00:00","mainEntityOfPage":{"@id":"https:\/\/phonomuseum.fr\/mama-festival-2018-suite\/"},"wordCount":132,"commentCount":0,"image":{"@id":"https:\/\/phonomuseum.fr\/mama-festival-2018-suite\/#primaryimage"},"thumbnailUrl":"https:\/\/phonomuseum.fr\/wp-content\/uploads\/2018\/09\/MA18_Visuel-GC\u0327nC\u0327rique_Festival_1.png","articleSection":["BLOG"],"inLanguage":"fr-FR","potentialAction":[{"@type":"CommentAction","name":"Comment","target":["https:\/\/phonomuseum.fr\/mama-festival-2018-suite\/#respond"]}]},{"@type":"WebPage","@id":"https:\/\/phonomuseum.fr\/mama-festival-2018-suite\/","url":"https:\/\/phonomuseum.fr\/mama-festival-2018-suite\/","name":"MaMA Festival 2018 (suite) - PHONO Museum Paris","isPartOf":{"@id":"https:\/\/phonomuseum.fr\/#website"},"primaryImageOfPage":{"@id":"https:\/\/phonomuseum.fr\/mama-festival-2018-suite\/#primaryimage"},"image":{"@id":"https:\/\/phonomuseum.fr\/mama-festival-2018-suite\/#primaryimage"},"thumbnailUrl":"https:\/\/phonomuseum.fr\/wp-content\/uploads\/2018\/09\/MA18_Visuel-GC\u0327nC\u0327rique_Festival_1.png","datePublished":"2018-10-01T12:05:18+00:00","dateModified":"2024-06-01T13:24:37+00:00","author":{"@id":"https:\/\/phonomuseum.fr\/#\/schema\/person\/ccddc2cc569da3acc4b8312f4ff2b0b7"},"breadcrumb":{"@id":"https:\/\/phonomuseum.fr\/mama-festival-2018-suite\/#breadcrumb"},"inLanguage":"fr-FR","potentialAction":[{"@type":"ReadAction","target":["https:\/\/phonomuseum.fr\/mama-festival-2018-suite\/"]}]},{"@type":"ImageObject","inLanguage":"fr-FR","@id":"https:\/\/phonomuseum.fr\/mama-festival-2018-suite\/#primaryimage","url":"https:\/\/phonomuseum.fr\/wp-content\/uploads\/2018\/09\/MA18_Visuel-GC\u0327nC\u0327rique_Festival_1.png","contentUrl":"https:\/\/phonomuseum.fr\/wp-content\/uploads\/2018\/09\/MA18_Visuel-GC\u0327nC\u0327rique_Festival_1.png","width":2480,"height":3595},{"@type":"BreadcrumbList","@id":"https:\/\/phonomuseum.fr\/mama-festival-2018-suite\/#breadcrumb","itemListElement":[{"@type":"ListItem","position":1,"name":"Accueil","item":"https:\/\/phonomuseum.fr\/accueil\/"},{"@type":"ListItem","position":2,"name":"MaMA Festival 2018 (suite)"}]},{"@type":"WebSite","@id":"https:\/\/phonomuseum.fr\/#website","url":"https:\/\/phonomuseum.fr\/","name":"PHONO Museum Paris","description":"la grande aventure du son enregistr\u00e9 - L&#039;histoire sonore de 1857 \u00e0 nos jours","potentialAction":[{"@type":"SearchAction","target":{"@type":"EntryPoint","urlTemplate":"https:\/\/phonomuseum.fr\/?s={search_term_string}"},"query-input":{"@type":"PropertyValueSpecification","valueRequired":true,"valueName":"search_term_string"}}],"inLanguage":"fr-FR"},{"@type":"Person","@id":"https:\/\/phonomuseum.fr\/#\/schema\/person\/ccddc2cc569da3acc4b8312f4ff2b0b7","name":"PHONO Museum Paris","image":{"@type":"ImageObject","inLanguage":"fr-FR","@id":"https:\/\/secure.gravatar.com\/avatar\/625e6ca9ffe4c986867da0049f4a8bab481c3379248f90cbf285f445b365f8bd?s=96&d=mm&r=g","url":"https:\/\/secure.gravatar.com\/avatar\/625e6ca9ffe4c986867da0049f4a8bab481c3379248f90cbf285f445b365f8bd?s=96&d=mm&r=g","contentUrl":"https:\/\/secure.gravatar.com\/avatar\/625e6ca9ffe4c986867da0049f4a8bab481c3379248f90cbf285f445b365f8bd?s=96&d=mm&r=g","caption":"PHONO Museum Paris"},"sameAs":["http:\/\/phonomuseum.fr","https:\/\/www.facebook.com\/didier.vincent.7","https:\/\/x.com\/@didier_vincent"],"url":"https:\/\/phonomuseum.fr\/author\/phono-museum-paris\/"}]}},"_links":{"self":[{"href":"https:\/\/phonomuseum.fr\/api\/wp\/v2\/posts\/1698","targetHints":{"allow":["GET"]}}],"collection":[{"href":"https:\/\/phonomuseum.fr\/api\/wp\/v2\/posts"}],"about":[{"href":"https:\/\/phonomuseum.fr\/api\/wp\/v2\/types\/post"}],"author":[{"embeddable":true,"href":"https:\/\/phonomuseum.fr\/api\/wp\/v2\/users\/2"}],"replies":[{"embeddable":true,"href":"https:\/\/phonomuseum.fr\/api\/wp\/v2\/comments?post=1698"}],"version-history":[{"count":4,"href":"https:\/\/phonomuseum.fr\/api\/wp\/v2\/posts\/1698\/revisions"}],"predecessor-version":[{"id":4612,"href":"https:\/\/phonomuseum.fr\/api\/wp\/v2\/posts\/1698\/revisions\/4612"}],"wp:featuredmedia":[{"embeddable":true,"href":"https:\/\/phonomuseum.fr\/api\/wp\/v2\/media\/1678"}],"wp:attachment":[{"href":"https:\/\/phonomuseum.fr\/api\/wp\/v2\/media?parent=1698"}],"wp:term":[{"taxonomy":"category","embeddable":true,"href":"https:\/\/phonomuseum.fr\/api\/wp\/v2\/categories?post=1698"},{"taxonomy":"post_tag","embeddable":true,"href":"https:\/\/phonomuseum.fr\/api\/wp\/v2\/tags?post=1698"}],"curies":[{"name":"wp","href":"https:\/\/api.w.org\/{rel}","templated":true}]}}