{"id":1690,"date":"2018-09-27T10:48:29","date_gmt":"2018-09-27T08:48:29","guid":{"rendered":"http:\/\/phonomuseum.fr\/?p=1690"},"modified":"2024-06-01T15:25:58","modified_gmt":"2024-06-01T13:25:58","slug":"numerisation-de-lenregistrement-du-proces-de-nelson-mandela","status":"publish","type":"post","link":"https:\/\/phonomuseum.fr\/numerisation-de-lenregistrement-du-proces-de-nelson-mandela\/","title":{"rendered":"Num\u00e9risation de l&rsquo;enregistrement du proc\u00e8s de Nelson Mandela"},"content":{"rendered":"<section  class='av_textblock_section av-kjwpen4a-750e9ed5b201ed372d248094361be240 '   itemscope=\"itemscope\" itemtype=\"https:\/\/schema.org\/BlogPosting\" itemprop=\"blogPost\" ><div class='avia_textblock'  itemprop=\"text\" ><p style=\"text-align: justify;\">Utilis\u00e9 jusqu&rsquo;\u00e0 la fin des ann\u00e9es 70, le Dicdabelt est un cylindre de vinyle tendu entre deux rouleaux. C&rsquo;est cet appareil qui a \u00e9t\u00e9 utilis\u00e9 pour l&rsquo;enregistrement du proc\u00e8s de Nelson Mandela et de ses compagnons en 1963-1964. Pour le sauvegarder, cet enregistrement, fait sur un support fragile, devait \u00eatre num\u00e9ris\u00e9. Toute l&rsquo;histoire est racont\u00e9e sur le site <a href=\"http:\/\/www.archeophone.org\/archeophone_village.php\" target=\"_blank\" rel=\"noopener noreferrer\"><em>l&rsquo;arch\u00e9ophone en France .<\/em><\/a><\/p>\n<p><a href=\"http:\/\/www.archeophone.org\/dictabelt\/index.php\" target=\"_blank\" rel=\"noopener noreferrer\"><img loading=\"lazy\" decoding=\"async\" class=\"aligncenter size-full wp-image-1691\" src=\"https:\/\/phonomuseum.fr\/storage\/2018\/09\/Capture-d\u2019e\u0301cran-2018-09-27-a\u0300-10.28.11.png\" alt=\"\" width=\"861\" height=\"166\" srcset=\"https:\/\/phonomuseum.fr\/wp-content\/uploads\/2018\/09\/Capture-d\u2019e\u0301cran-2018-09-27-a\u0300-10.28.11.png 861w, https:\/\/phonomuseum.fr\/wp-content\/uploads\/2018\/09\/Capture-d\u2019e\u0301cran-2018-09-27-a\u0300-10.28.11-300x58.png 300w, https:\/\/phonomuseum.fr\/wp-content\/uploads\/2018\/09\/Capture-d\u2019e\u0301cran-2018-09-27-a\u0300-10.28.11-768x148.png 768w, https:\/\/phonomuseum.fr\/wp-content\/uploads\/2018\/09\/Capture-d\u2019e\u0301cran-2018-09-27-a\u0300-10.28.11-150x29.png 150w\" sizes=\"auto, (max-width: 861px) 100vw, 861px\" \/><\/a><\/p>\n<p style=\"text-align: center;\"><em>cliquer sur l&rsquo;image pour lire le r\u00e9cit<\/em><\/p>\n<p style=\"text-align: justify;\">Henri Chamoux est un des membres fondateurs du mus\u00e9e du son enregistr\u00e9 auquel il apporte une expertise indiscutable et \u00e9galement une connaissance immense concr\u00e9tis\u00e9e par la cr\u00e9ation de la <a href=\"http:\/\/www.phonobase.org\/\" target=\"_blank\" rel=\"noopener noreferrer\">Phonobase<\/a><\/p>\n<p style=\"text-align: justify;\">Or, c&rsquo;est notre ami Henri Chamoux qui a travaill\u00e9 \u00e0 la sauvegarde-num\u00e9risation du proc\u00e8s Mandela. Il donne aujourd&rsquo;hui 27 septembre 2018 une conf\u00e9rence \u00e0 Johannesburg en Afrique du Sud sur le sujet.<\/p>\n<p><a href=\"https:\/\/phonomuseum.fr\/storage\/2018\/09\/Capture-d\u2019e\u0301cran-2018-09-27-a\u0300-10.40.55.png\"><img loading=\"lazy\" decoding=\"async\" class=\"aligncenter size-full wp-image-1694\" src=\"https:\/\/phonomuseum.fr\/storage\/2018\/09\/Capture-d\u2019e\u0301cran-2018-09-27-a\u0300-10.40.55.png\" alt=\"\" width=\"609\" height=\"466\" srcset=\"https:\/\/phonomuseum.fr\/wp-content\/uploads\/2018\/09\/Capture-d\u2019e\u0301cran-2018-09-27-a\u0300-10.40.55.png 609w, https:\/\/phonomuseum.fr\/wp-content\/uploads\/2018\/09\/Capture-d\u2019e\u0301cran-2018-09-27-a\u0300-10.40.55-300x230.png 300w, https:\/\/phonomuseum.fr\/wp-content\/uploads\/2018\/09\/Capture-d\u2019e\u0301cran-2018-09-27-a\u0300-10.40.55-150x115.png 150w\" sizes=\"auto, (max-width: 609px) 100vw, 609px\" \/><\/a><\/p>\n<p style=\"text-align: center;\"><a href=\"http:\/\/www.archeophone.org\/dictabelt\/20180927.pdf\" target=\"_blank\" rel=\"noopener noreferrer\"><em>Digitizing the Rivonia trial dictabelts with the Archeophone phonograph<\/em><\/a><\/p>\n<p style=\"text-align: justify;\">Vous pouvez consulter cette conf\u00e9rence en cliquant sur le lien ci-dessus <em>(en anglais).<\/em><\/p>\n<p style=\"text-align: justify;\">Le mus\u00e9e est quand m\u00eame fier de compter une telle personnalit\u00e9 dans ses rangs et l&rsquo;on voulait partager avec vous ce savoir.<\/p>\n<\/div><\/section>\n","protected":false},"excerpt":{"rendered":"","protected":false},"author":2,"featured_media":1694,"comment_status":"open","ping_status":"closed","sticky":false,"template":"","format":"standard","meta":{"footnotes":""},"categories":[14],"tags":[],"class_list":["post-1690","post","type-post","status-publish","format-standard","has-post-thumbnail","hentry","category-blog"],"yoast_head":"<!-- This site is optimized with the Yoast SEO plugin v27.5 - https:\/\/yoast.com\/product\/yoast-seo-wordpress\/ -->\n<title>Num\u00e9risation de l&#039;enregistrement du proc\u00e8s de Nelson Mandela - PHONO Museum Paris<\/title>\n<meta name=\"robots\" content=\"index, follow, max-snippet:-1, max-image-preview:large, max-video-preview:-1\" \/>\n<link rel=\"canonical\" href=\"https:\/\/phonomuseum.fr\/numerisation-de-lenregistrement-du-proces-de-nelson-mandela\/\" \/>\n<meta property=\"og:locale\" content=\"fr_FR\" \/>\n<meta property=\"og:type\" content=\"article\" \/>\n<meta property=\"og:title\" content=\"Num\u00e9risation de l&#039;enregistrement du proc\u00e8s de Nelson Mandela - PHONO Museum Paris\" \/>\n<meta property=\"og:url\" content=\"https:\/\/phonomuseum.fr\/numerisation-de-lenregistrement-du-proces-de-nelson-mandela\/\" \/>\n<meta property=\"og:site_name\" content=\"PHONO Museum Paris\" \/>\n<meta property=\"article:author\" content=\"https:\/\/www.facebook.com\/didier.vincent.7\" \/>\n<meta property=\"article:published_time\" content=\"2018-09-27T08:48:29+00:00\" \/>\n<meta property=\"article:modified_time\" content=\"2024-06-01T13:25:58+00:00\" \/>\n<meta property=\"og:image\" content=\"https:\/\/phonomuseum.fr\/wp-content\/uploads\/2018\/09\/Capture-d\u2019e\u0301cran-2018-09-27-a\u0300-10.40.55.png\" \/>\n\t<meta property=\"og:image:width\" content=\"609\" \/>\n\t<meta property=\"og:image:height\" content=\"466\" \/>\n\t<meta property=\"og:image:type\" content=\"image\/png\" \/>\n<meta name=\"author\" content=\"PHONO Museum Paris\" \/>\n<meta name=\"twitter:card\" content=\"summary_large_image\" \/>\n<meta name=\"twitter:creator\" content=\"@didier_vincent\" \/>\n<meta name=\"twitter:label1\" content=\"\u00c9crit par\" \/>\n\t<meta name=\"twitter:data1\" content=\"PHONO Museum Paris\" \/>\n\t<meta name=\"twitter:label2\" content=\"Dur\u00e9e de lecture estim\u00e9e\" \/>\n\t<meta name=\"twitter:data2\" content=\"1 minute\" \/>\n<script type=\"application\/ld+json\" class=\"yoast-schema-graph\">{\"@context\":\"https:\\\/\\\/schema.org\",\"@graph\":[{\"@type\":\"Article\",\"@id\":\"https:\\\/\\\/phonomuseum.fr\\\/numerisation-de-lenregistrement-du-proces-de-nelson-mandela\\\/#article\",\"isPartOf\":{\"@id\":\"https:\\\/\\\/phonomuseum.fr\\\/numerisation-de-lenregistrement-du-proces-de-nelson-mandela\\\/\"},\"author\":{\"name\":\"PHONO Museum Paris\",\"@id\":\"https:\\\/\\\/phonomuseum.fr\\\/#\\\/schema\\\/person\\\/ccddc2cc569da3acc4b8312f4ff2b0b7\"},\"headline\":\"Num\u00e9risation de l&rsquo;enregistrement du proc\u00e8s de Nelson Mandela\",\"datePublished\":\"2018-09-27T08:48:29+00:00\",\"dateModified\":\"2024-06-01T13:25:58+00:00\",\"mainEntityOfPage\":{\"@id\":\"https:\\\/\\\/phonomuseum.fr\\\/numerisation-de-lenregistrement-du-proces-de-nelson-mandela\\\/\"},\"wordCount\":225,\"commentCount\":0,\"image\":{\"@id\":\"https:\\\/\\\/phonomuseum.fr\\\/numerisation-de-lenregistrement-du-proces-de-nelson-mandela\\\/#primaryimage\"},\"thumbnailUrl\":\"https:\\\/\\\/phonomuseum.fr\\\/wp-content\\\/uploads\\\/2018\\\/09\\\/Capture-d\u2019e\u0301cran-2018-09-27-a\u0300-10.40.55.png\",\"articleSection\":[\"BLOG\"],\"inLanguage\":\"fr-FR\",\"potentialAction\":[{\"@type\":\"CommentAction\",\"name\":\"Comment\",\"target\":[\"https:\\\/\\\/phonomuseum.fr\\\/numerisation-de-lenregistrement-du-proces-de-nelson-mandela\\\/#respond\"]}]},{\"@type\":\"WebPage\",\"@id\":\"https:\\\/\\\/phonomuseum.fr\\\/numerisation-de-lenregistrement-du-proces-de-nelson-mandela\\\/\",\"url\":\"https:\\\/\\\/phonomuseum.fr\\\/numerisation-de-lenregistrement-du-proces-de-nelson-mandela\\\/\",\"name\":\"Num\u00e9risation de l'enregistrement du proc\u00e8s de Nelson Mandela - PHONO Museum Paris\",\"isPartOf\":{\"@id\":\"https:\\\/\\\/phonomuseum.fr\\\/#website\"},\"primaryImageOfPage\":{\"@id\":\"https:\\\/\\\/phonomuseum.fr\\\/numerisation-de-lenregistrement-du-proces-de-nelson-mandela\\\/#primaryimage\"},\"image\":{\"@id\":\"https:\\\/\\\/phonomuseum.fr\\\/numerisation-de-lenregistrement-du-proces-de-nelson-mandela\\\/#primaryimage\"},\"thumbnailUrl\":\"https:\\\/\\\/phonomuseum.fr\\\/wp-content\\\/uploads\\\/2018\\\/09\\\/Capture-d\u2019e\u0301cran-2018-09-27-a\u0300-10.40.55.png\",\"datePublished\":\"2018-09-27T08:48:29+00:00\",\"dateModified\":\"2024-06-01T13:25:58+00:00\",\"author\":{\"@id\":\"https:\\\/\\\/phonomuseum.fr\\\/#\\\/schema\\\/person\\\/ccddc2cc569da3acc4b8312f4ff2b0b7\"},\"breadcrumb\":{\"@id\":\"https:\\\/\\\/phonomuseum.fr\\\/numerisation-de-lenregistrement-du-proces-de-nelson-mandela\\\/#breadcrumb\"},\"inLanguage\":\"fr-FR\",\"potentialAction\":[{\"@type\":\"ReadAction\",\"target\":[\"https:\\\/\\\/phonomuseum.fr\\\/numerisation-de-lenregistrement-du-proces-de-nelson-mandela\\\/\"]}]},{\"@type\":\"ImageObject\",\"inLanguage\":\"fr-FR\",\"@id\":\"https:\\\/\\\/phonomuseum.fr\\\/numerisation-de-lenregistrement-du-proces-de-nelson-mandela\\\/#primaryimage\",\"url\":\"https:\\\/\\\/phonomuseum.fr\\\/wp-content\\\/uploads\\\/2018\\\/09\\\/Capture-d\u2019e\u0301cran-2018-09-27-a\u0300-10.40.55.png\",\"contentUrl\":\"https:\\\/\\\/phonomuseum.fr\\\/wp-content\\\/uploads\\\/2018\\\/09\\\/Capture-d\u2019e\u0301cran-2018-09-27-a\u0300-10.40.55.png\",\"width\":609,\"height\":466},{\"@type\":\"BreadcrumbList\",\"@id\":\"https:\\\/\\\/phonomuseum.fr\\\/numerisation-de-lenregistrement-du-proces-de-nelson-mandela\\\/#breadcrumb\",\"itemListElement\":[{\"@type\":\"ListItem\",\"position\":1,\"name\":\"Accueil\",\"item\":\"https:\\\/\\\/phonomuseum.fr\\\/accueil\\\/\"},{\"@type\":\"ListItem\",\"position\":2,\"name\":\"Num\u00e9risation de l&rsquo;enregistrement du proc\u00e8s de Nelson Mandela\"}]},{\"@type\":\"WebSite\",\"@id\":\"https:\\\/\\\/phonomuseum.fr\\\/#website\",\"url\":\"https:\\\/\\\/phonomuseum.fr\\\/\",\"name\":\"PHONO Museum Paris\",\"description\":\"la grande aventure du son enregistr\u00e9 - L&#039;histoire sonore de 1857 \u00e0 nos jours\",\"potentialAction\":[{\"@type\":\"SearchAction\",\"target\":{\"@type\":\"EntryPoint\",\"urlTemplate\":\"https:\\\/\\\/phonomuseum.fr\\\/?s={search_term_string}\"},\"query-input\":{\"@type\":\"PropertyValueSpecification\",\"valueRequired\":true,\"valueName\":\"search_term_string\"}}],\"inLanguage\":\"fr-FR\"},{\"@type\":\"Person\",\"@id\":\"https:\\\/\\\/phonomuseum.fr\\\/#\\\/schema\\\/person\\\/ccddc2cc569da3acc4b8312f4ff2b0b7\",\"name\":\"PHONO Museum Paris\",\"image\":{\"@type\":\"ImageObject\",\"inLanguage\":\"fr-FR\",\"@id\":\"https:\\\/\\\/secure.gravatar.com\\\/avatar\\\/625e6ca9ffe4c986867da0049f4a8bab481c3379248f90cbf285f445b365f8bd?s=96&d=mm&r=g\",\"url\":\"https:\\\/\\\/secure.gravatar.com\\\/avatar\\\/625e6ca9ffe4c986867da0049f4a8bab481c3379248f90cbf285f445b365f8bd?s=96&d=mm&r=g\",\"contentUrl\":\"https:\\\/\\\/secure.gravatar.com\\\/avatar\\\/625e6ca9ffe4c986867da0049f4a8bab481c3379248f90cbf285f445b365f8bd?s=96&d=mm&r=g\",\"caption\":\"PHONO Museum Paris\"},\"sameAs\":[\"http:\\\/\\\/phonomuseum.fr\",\"https:\\\/\\\/www.facebook.com\\\/didier.vincent.7\",\"https:\\\/\\\/x.com\\\/@didier_vincent\"],\"url\":\"https:\\\/\\\/phonomuseum.fr\\\/author\\\/phono-museum-paris\\\/\"}]}<\/script>\n<!-- \/ Yoast SEO plugin. -->","yoast_head_json":{"title":"Num\u00e9risation de l'enregistrement du proc\u00e8s de Nelson Mandela - PHONO Museum Paris","robots":{"index":"index","follow":"follow","max-snippet":"max-snippet:-1","max-image-preview":"max-image-preview:large","max-video-preview":"max-video-preview:-1"},"canonical":"https:\/\/phonomuseum.fr\/numerisation-de-lenregistrement-du-proces-de-nelson-mandela\/","og_locale":"fr_FR","og_type":"article","og_title":"Num\u00e9risation de l'enregistrement du proc\u00e8s de Nelson Mandela - PHONO Museum Paris","og_url":"https:\/\/phonomuseum.fr\/numerisation-de-lenregistrement-du-proces-de-nelson-mandela\/","og_site_name":"PHONO Museum Paris","article_author":"https:\/\/www.facebook.com\/didier.vincent.7","article_published_time":"2018-09-27T08:48:29+00:00","article_modified_time":"2024-06-01T13:25:58+00:00","og_image":[{"width":609,"height":466,"url":"https:\/\/phonomuseum.fr\/wp-content\/uploads\/2018\/09\/Capture-d\u2019e\u0301cran-2018-09-27-a\u0300-10.40.55.png","type":"image\/png"}],"author":"PHONO Museum Paris","twitter_card":"summary_large_image","twitter_creator":"@didier_vincent","twitter_misc":{"\u00c9crit par":"PHONO Museum Paris","Dur\u00e9e de lecture estim\u00e9e":"1 minute"},"schema":{"@context":"https:\/\/schema.org","@graph":[{"@type":"Article","@id":"https:\/\/phonomuseum.fr\/numerisation-de-lenregistrement-du-proces-de-nelson-mandela\/#article","isPartOf":{"@id":"https:\/\/phonomuseum.fr\/numerisation-de-lenregistrement-du-proces-de-nelson-mandela\/"},"author":{"name":"PHONO Museum Paris","@id":"https:\/\/phonomuseum.fr\/#\/schema\/person\/ccddc2cc569da3acc4b8312f4ff2b0b7"},"headline":"Num\u00e9risation de l&rsquo;enregistrement du proc\u00e8s de Nelson Mandela","datePublished":"2018-09-27T08:48:29+00:00","dateModified":"2024-06-01T13:25:58+00:00","mainEntityOfPage":{"@id":"https:\/\/phonomuseum.fr\/numerisation-de-lenregistrement-du-proces-de-nelson-mandela\/"},"wordCount":225,"commentCount":0,"image":{"@id":"https:\/\/phonomuseum.fr\/numerisation-de-lenregistrement-du-proces-de-nelson-mandela\/#primaryimage"},"thumbnailUrl":"https:\/\/phonomuseum.fr\/wp-content\/uploads\/2018\/09\/Capture-d\u2019e\u0301cran-2018-09-27-a\u0300-10.40.55.png","articleSection":["BLOG"],"inLanguage":"fr-FR","potentialAction":[{"@type":"CommentAction","name":"Comment","target":["https:\/\/phonomuseum.fr\/numerisation-de-lenregistrement-du-proces-de-nelson-mandela\/#respond"]}]},{"@type":"WebPage","@id":"https:\/\/phonomuseum.fr\/numerisation-de-lenregistrement-du-proces-de-nelson-mandela\/","url":"https:\/\/phonomuseum.fr\/numerisation-de-lenregistrement-du-proces-de-nelson-mandela\/","name":"Num\u00e9risation de l'enregistrement du proc\u00e8s de Nelson Mandela - PHONO Museum Paris","isPartOf":{"@id":"https:\/\/phonomuseum.fr\/#website"},"primaryImageOfPage":{"@id":"https:\/\/phonomuseum.fr\/numerisation-de-lenregistrement-du-proces-de-nelson-mandela\/#primaryimage"},"image":{"@id":"https:\/\/phonomuseum.fr\/numerisation-de-lenregistrement-du-proces-de-nelson-mandela\/#primaryimage"},"thumbnailUrl":"https:\/\/phonomuseum.fr\/wp-content\/uploads\/2018\/09\/Capture-d\u2019e\u0301cran-2018-09-27-a\u0300-10.40.55.png","datePublished":"2018-09-27T08:48:29+00:00","dateModified":"2024-06-01T13:25:58+00:00","author":{"@id":"https:\/\/phonomuseum.fr\/#\/schema\/person\/ccddc2cc569da3acc4b8312f4ff2b0b7"},"breadcrumb":{"@id":"https:\/\/phonomuseum.fr\/numerisation-de-lenregistrement-du-proces-de-nelson-mandela\/#breadcrumb"},"inLanguage":"fr-FR","potentialAction":[{"@type":"ReadAction","target":["https:\/\/phonomuseum.fr\/numerisation-de-lenregistrement-du-proces-de-nelson-mandela\/"]}]},{"@type":"ImageObject","inLanguage":"fr-FR","@id":"https:\/\/phonomuseum.fr\/numerisation-de-lenregistrement-du-proces-de-nelson-mandela\/#primaryimage","url":"https:\/\/phonomuseum.fr\/wp-content\/uploads\/2018\/09\/Capture-d\u2019e\u0301cran-2018-09-27-a\u0300-10.40.55.png","contentUrl":"https:\/\/phonomuseum.fr\/wp-content\/uploads\/2018\/09\/Capture-d\u2019e\u0301cran-2018-09-27-a\u0300-10.40.55.png","width":609,"height":466},{"@type":"BreadcrumbList","@id":"https:\/\/phonomuseum.fr\/numerisation-de-lenregistrement-du-proces-de-nelson-mandela\/#breadcrumb","itemListElement":[{"@type":"ListItem","position":1,"name":"Accueil","item":"https:\/\/phonomuseum.fr\/accueil\/"},{"@type":"ListItem","position":2,"name":"Num\u00e9risation de l&rsquo;enregistrement du proc\u00e8s de Nelson Mandela"}]},{"@type":"WebSite","@id":"https:\/\/phonomuseum.fr\/#website","url":"https:\/\/phonomuseum.fr\/","name":"PHONO Museum Paris","description":"la grande aventure du son enregistr\u00e9 - L&#039;histoire sonore de 1857 \u00e0 nos jours","potentialAction":[{"@type":"SearchAction","target":{"@type":"EntryPoint","urlTemplate":"https:\/\/phonomuseum.fr\/?s={search_term_string}"},"query-input":{"@type":"PropertyValueSpecification","valueRequired":true,"valueName":"search_term_string"}}],"inLanguage":"fr-FR"},{"@type":"Person","@id":"https:\/\/phonomuseum.fr\/#\/schema\/person\/ccddc2cc569da3acc4b8312f4ff2b0b7","name":"PHONO Museum Paris","image":{"@type":"ImageObject","inLanguage":"fr-FR","@id":"https:\/\/secure.gravatar.com\/avatar\/625e6ca9ffe4c986867da0049f4a8bab481c3379248f90cbf285f445b365f8bd?s=96&d=mm&r=g","url":"https:\/\/secure.gravatar.com\/avatar\/625e6ca9ffe4c986867da0049f4a8bab481c3379248f90cbf285f445b365f8bd?s=96&d=mm&r=g","contentUrl":"https:\/\/secure.gravatar.com\/avatar\/625e6ca9ffe4c986867da0049f4a8bab481c3379248f90cbf285f445b365f8bd?s=96&d=mm&r=g","caption":"PHONO Museum Paris"},"sameAs":["http:\/\/phonomuseum.fr","https:\/\/www.facebook.com\/didier.vincent.7","https:\/\/x.com\/@didier_vincent"],"url":"https:\/\/phonomuseum.fr\/author\/phono-museum-paris\/"}]}},"_links":{"self":[{"href":"https:\/\/phonomuseum.fr\/api\/wp\/v2\/posts\/1690","targetHints":{"allow":["GET"]}}],"collection":[{"href":"https:\/\/phonomuseum.fr\/api\/wp\/v2\/posts"}],"about":[{"href":"https:\/\/phonomuseum.fr\/api\/wp\/v2\/types\/post"}],"author":[{"embeddable":true,"href":"https:\/\/phonomuseum.fr\/api\/wp\/v2\/users\/2"}],"replies":[{"embeddable":true,"href":"https:\/\/phonomuseum.fr\/api\/wp\/v2\/comments?post=1690"}],"version-history":[{"count":4,"href":"https:\/\/phonomuseum.fr\/api\/wp\/v2\/posts\/1690\/revisions"}],"predecessor-version":[{"id":4613,"href":"https:\/\/phonomuseum.fr\/api\/wp\/v2\/posts\/1690\/revisions\/4613"}],"wp:featuredmedia":[{"embeddable":true,"href":"https:\/\/phonomuseum.fr\/api\/wp\/v2\/media\/1694"}],"wp:attachment":[{"href":"https:\/\/phonomuseum.fr\/api\/wp\/v2\/media?parent=1690"}],"wp:term":[{"taxonomy":"category","embeddable":true,"href":"https:\/\/phonomuseum.fr\/api\/wp\/v2\/categories?post=1690"},{"taxonomy":"post_tag","embeddable":true,"href":"https:\/\/phonomuseum.fr\/api\/wp\/v2\/tags?post=1690"}],"curies":[{"name":"wp","href":"https:\/\/api.w.org\/{rel}","templated":true}]}}