{"id":1593,"date":"2018-03-16T17:50:14","date_gmt":"2018-03-16T16:50:14","guid":{"rendered":"http:\/\/phonomuseum.fr\/?p=1593"},"modified":"2024-06-01T17:21:12","modified_gmt":"2024-06-01T15:21:12","slug":"avec-les-enfants","status":"publish","type":"post","link":"https:\/\/phonomuseum.fr\/avec-les-enfants\/","title":{"rendered":"Avec les enfants"},"content":{"rendered":"<section  class='av_textblock_section av-lww9g5cj-2009293fbda2539b9adda2c76bbec3dd '   itemscope=\"itemscope\" itemtype=\"https:\/\/schema.org\/BlogPosting\" itemprop=\"blogPost\" ><div class='avia_textblock'  itemprop=\"text\" ><p style=\"text-align: justify;\">Un des objectifs du mus\u00e9e est de faire conna\u00eetre l&rsquo;histoire du son enregistr\u00e9 aux enfants. Vous pouvez vous r\u00e9f\u00e9rer \u00e0 la rubrique <a href=\"https:\/\/phonomuseum.fr\/dossiers-pedagogiques\/\"><em>dossiers p\u00e9dagogiques<\/em><\/a> de notre site.C&rsquo;est un aspect de notre projet pas encore assez d\u00e9velopp\u00e9.<\/p>\n<p style=\"text-align: justify;\">Nous avons d\u00e9j\u00e0 eu quelques visites de classes. Nous avons \u00e9t\u00e9 contact\u00e9s par la Directrice l&rsquo;\u00e9cole de la rue de la Plaine dans le 20e arrondissement de Paris et elle est venue avec une classe de 23 \u00e9l\u00e8ves de CM2.<\/p>\n<p style=\"text-align: justify;\">C&rsquo;est un grand plaisir de voir ces enfants assis par terre autour d&rsquo;un phono, \u00e9coutant des cylindres et posant des questions. C&rsquo;est encore plus de plaisir quand certains d&rsquo;entre eux se mettent au piano. Un moment d&rsquo;\u00e9change tr\u00e8s fort. Et en prime, une petite chorale au mus\u00e9e<\/p>\n<p>[kad_youtube url=\u00a0\u00bb<a href=\"https:\/\/youtu.be\/uUzhMe79JqI\" target=\"_blank\" rel=\"noopener\">https:\/\/youtu.be\/uUzhMe79JqI<\/a>\u00a0\u00bb ]<\/p>\n<p><a href=\"https:\/\/phonomuseum.fr\/storage\/2018\/03\/16-Mars-2018-1.jpg\"><img loading=\"lazy\" decoding=\"async\" class=\"aligncenter size-full wp-image-1595\" src=\"https:\/\/phonomuseum.fr\/storage\/2018\/03\/16-Mars-2018-1.jpg\" alt=\"\" width=\"1632\" height=\"1224\" srcset=\"https:\/\/phonomuseum.fr\/wp-content\/uploads\/2018\/03\/16-Mars-2018-1.jpg 1632w, https:\/\/phonomuseum.fr\/wp-content\/uploads\/2018\/03\/16-Mars-2018-1-300x225.jpg 300w, https:\/\/phonomuseum.fr\/wp-content\/uploads\/2018\/03\/16-Mars-2018-1-768x576.jpg 768w, https:\/\/phonomuseum.fr\/wp-content\/uploads\/2018\/03\/16-Mars-2018-1-1024x768.jpg 1024w, https:\/\/phonomuseum.fr\/wp-content\/uploads\/2018\/03\/16-Mars-2018-1-150x113.jpg 150w\" sizes=\"auto, (max-width: 1632px) 100vw, 1632px\" \/><\/a> <a href=\"https:\/\/phonomuseum.fr\/storage\/2018\/03\/16-mars-2018-2.jpg\"><img loading=\"lazy\" decoding=\"async\" class=\"aligncenter size-full wp-image-1596\" src=\"https:\/\/phonomuseum.fr\/storage\/2018\/03\/16-mars-2018-2.jpg\" alt=\"\" width=\"1632\" height=\"1224\" srcset=\"https:\/\/phonomuseum.fr\/wp-content\/uploads\/2018\/03\/16-mars-2018-2.jpg 1632w, https:\/\/phonomuseum.fr\/wp-content\/uploads\/2018\/03\/16-mars-2018-2-300x225.jpg 300w, https:\/\/phonomuseum.fr\/wp-content\/uploads\/2018\/03\/16-mars-2018-2-768x576.jpg 768w, https:\/\/phonomuseum.fr\/wp-content\/uploads\/2018\/03\/16-mars-2018-2-1024x768.jpg 1024w, https:\/\/phonomuseum.fr\/wp-content\/uploads\/2018\/03\/16-mars-2018-2-150x113.jpg 150w\" sizes=\"auto, (max-width: 1632px) 100vw, 1632px\" \/><\/a><\/p>\n<\/div><\/section>\n","protected":false},"excerpt":{"rendered":"","protected":false},"author":2,"featured_media":1596,"comment_status":"open","ping_status":"closed","sticky":false,"template":"","format":"standard","meta":{"footnotes":""},"categories":[14],"tags":[],"class_list":["post-1593","post","type-post","status-publish","format-standard","has-post-thumbnail","hentry","category-blog"],"yoast_head":"<!-- This site is optimized with the Yoast SEO plugin v27.4 - https:\/\/yoast.com\/product\/yoast-seo-wordpress\/ -->\n<title>Avec les enfants - PHONO Museum Paris<\/title>\n<meta name=\"robots\" content=\"index, follow, max-snippet:-1, max-image-preview:large, max-video-preview:-1\" \/>\n<link rel=\"canonical\" href=\"https:\/\/phonomuseum.fr\/avec-les-enfants\/\" \/>\n<meta property=\"og:locale\" content=\"fr_FR\" \/>\n<meta property=\"og:type\" content=\"article\" \/>\n<meta property=\"og:title\" content=\"Avec les enfants - PHONO Museum Paris\" \/>\n<meta property=\"og:url\" content=\"https:\/\/phonomuseum.fr\/avec-les-enfants\/\" \/>\n<meta property=\"og:site_name\" content=\"PHONO Museum Paris\" \/>\n<meta property=\"article:author\" content=\"https:\/\/www.facebook.com\/didier.vincent.7\" \/>\n<meta property=\"article:published_time\" content=\"2018-03-16T16:50:14+00:00\" \/>\n<meta property=\"article:modified_time\" content=\"2024-06-01T15:21:12+00:00\" \/>\n<meta property=\"og:image\" content=\"https:\/\/phonomuseum.fr\/wp-content\/uploads\/2018\/03\/16-mars-2018-2.jpg\" \/>\n\t<meta property=\"og:image:width\" content=\"1632\" \/>\n\t<meta property=\"og:image:height\" content=\"1224\" \/>\n\t<meta property=\"og:image:type\" content=\"image\/jpeg\" \/>\n<meta name=\"author\" content=\"PHONO Museum Paris\" \/>\n<meta name=\"twitter:card\" content=\"summary_large_image\" \/>\n<meta name=\"twitter:creator\" content=\"@didier_vincent\" \/>\n<meta name=\"twitter:label1\" content=\"\u00c9crit par\" \/>\n\t<meta name=\"twitter:data1\" content=\"PHONO Museum Paris\" \/>\n\t<meta name=\"twitter:label2\" content=\"Dur\u00e9e de lecture estim\u00e9e\" \/>\n\t<meta name=\"twitter:data2\" content=\"1 minute\" \/>\n<script type=\"application\/ld+json\" class=\"yoast-schema-graph\">{\"@context\":\"https:\\\/\\\/schema.org\",\"@graph\":[{\"@type\":\"Article\",\"@id\":\"https:\\\/\\\/phonomuseum.fr\\\/avec-les-enfants\\\/#article\",\"isPartOf\":{\"@id\":\"https:\\\/\\\/phonomuseum.fr\\\/avec-les-enfants\\\/\"},\"author\":{\"name\":\"PHONO Museum Paris\",\"@id\":\"https:\\\/\\\/phonomuseum.fr\\\/#\\\/schema\\\/person\\\/ccddc2cc569da3acc4b8312f4ff2b0b7\"},\"headline\":\"Avec les enfants\",\"datePublished\":\"2018-03-16T16:50:14+00:00\",\"dateModified\":\"2024-06-01T15:21:12+00:00\",\"mainEntityOfPage\":{\"@id\":\"https:\\\/\\\/phonomuseum.fr\\\/avec-les-enfants\\\/\"},\"wordCount\":174,\"commentCount\":0,\"image\":{\"@id\":\"https:\\\/\\\/phonomuseum.fr\\\/avec-les-enfants\\\/#primaryimage\"},\"thumbnailUrl\":\"https:\\\/\\\/phonomuseum.fr\\\/wp-content\\\/uploads\\\/2018\\\/03\\\/16-mars-2018-2.jpg\",\"articleSection\":[\"BLOG\"],\"inLanguage\":\"fr-FR\",\"potentialAction\":[{\"@type\":\"CommentAction\",\"name\":\"Comment\",\"target\":[\"https:\\\/\\\/phonomuseum.fr\\\/avec-les-enfants\\\/#respond\"]}]},{\"@type\":\"WebPage\",\"@id\":\"https:\\\/\\\/phonomuseum.fr\\\/avec-les-enfants\\\/\",\"url\":\"https:\\\/\\\/phonomuseum.fr\\\/avec-les-enfants\\\/\",\"name\":\"Avec les enfants - PHONO Museum Paris\",\"isPartOf\":{\"@id\":\"https:\\\/\\\/phonomuseum.fr\\\/#website\"},\"primaryImageOfPage\":{\"@id\":\"https:\\\/\\\/phonomuseum.fr\\\/avec-les-enfants\\\/#primaryimage\"},\"image\":{\"@id\":\"https:\\\/\\\/phonomuseum.fr\\\/avec-les-enfants\\\/#primaryimage\"},\"thumbnailUrl\":\"https:\\\/\\\/phonomuseum.fr\\\/wp-content\\\/uploads\\\/2018\\\/03\\\/16-mars-2018-2.jpg\",\"datePublished\":\"2018-03-16T16:50:14+00:00\",\"dateModified\":\"2024-06-01T15:21:12+00:00\",\"author\":{\"@id\":\"https:\\\/\\\/phonomuseum.fr\\\/#\\\/schema\\\/person\\\/ccddc2cc569da3acc4b8312f4ff2b0b7\"},\"breadcrumb\":{\"@id\":\"https:\\\/\\\/phonomuseum.fr\\\/avec-les-enfants\\\/#breadcrumb\"},\"inLanguage\":\"fr-FR\",\"potentialAction\":[{\"@type\":\"ReadAction\",\"target\":[\"https:\\\/\\\/phonomuseum.fr\\\/avec-les-enfants\\\/\"]}]},{\"@type\":\"ImageObject\",\"inLanguage\":\"fr-FR\",\"@id\":\"https:\\\/\\\/phonomuseum.fr\\\/avec-les-enfants\\\/#primaryimage\",\"url\":\"https:\\\/\\\/phonomuseum.fr\\\/wp-content\\\/uploads\\\/2018\\\/03\\\/16-mars-2018-2.jpg\",\"contentUrl\":\"https:\\\/\\\/phonomuseum.fr\\\/wp-content\\\/uploads\\\/2018\\\/03\\\/16-mars-2018-2.jpg\",\"width\":1632,\"height\":1224},{\"@type\":\"BreadcrumbList\",\"@id\":\"https:\\\/\\\/phonomuseum.fr\\\/avec-les-enfants\\\/#breadcrumb\",\"itemListElement\":[{\"@type\":\"ListItem\",\"position\":1,\"name\":\"Accueil\",\"item\":\"https:\\\/\\\/phonomuseum.fr\\\/accueil\\\/\"},{\"@type\":\"ListItem\",\"position\":2,\"name\":\"Avec les enfants\"}]},{\"@type\":\"WebSite\",\"@id\":\"https:\\\/\\\/phonomuseum.fr\\\/#website\",\"url\":\"https:\\\/\\\/phonomuseum.fr\\\/\",\"name\":\"PHONO Museum Paris\",\"description\":\"la grande aventure du son enregistr\u00e9 - L&#039;histoire sonore de 1857 \u00e0 nos jours\",\"potentialAction\":[{\"@type\":\"SearchAction\",\"target\":{\"@type\":\"EntryPoint\",\"urlTemplate\":\"https:\\\/\\\/phonomuseum.fr\\\/?s={search_term_string}\"},\"query-input\":{\"@type\":\"PropertyValueSpecification\",\"valueRequired\":true,\"valueName\":\"search_term_string\"}}],\"inLanguage\":\"fr-FR\"},{\"@type\":\"Person\",\"@id\":\"https:\\\/\\\/phonomuseum.fr\\\/#\\\/schema\\\/person\\\/ccddc2cc569da3acc4b8312f4ff2b0b7\",\"name\":\"PHONO Museum Paris\",\"image\":{\"@type\":\"ImageObject\",\"inLanguage\":\"fr-FR\",\"@id\":\"https:\\\/\\\/secure.gravatar.com\\\/avatar\\\/625e6ca9ffe4c986867da0049f4a8bab481c3379248f90cbf285f445b365f8bd?s=96&d=mm&r=g\",\"url\":\"https:\\\/\\\/secure.gravatar.com\\\/avatar\\\/625e6ca9ffe4c986867da0049f4a8bab481c3379248f90cbf285f445b365f8bd?s=96&d=mm&r=g\",\"contentUrl\":\"https:\\\/\\\/secure.gravatar.com\\\/avatar\\\/625e6ca9ffe4c986867da0049f4a8bab481c3379248f90cbf285f445b365f8bd?s=96&d=mm&r=g\",\"caption\":\"PHONO Museum Paris\"},\"sameAs\":[\"http:\\\/\\\/phonomuseum.fr\",\"https:\\\/\\\/www.facebook.com\\\/didier.vincent.7\",\"https:\\\/\\\/x.com\\\/@didier_vincent\"],\"url\":\"https:\\\/\\\/phonomuseum.fr\\\/author\\\/phono-museum-paris\\\/\"}]}<\/script>\n<!-- \/ Yoast SEO plugin. -->","yoast_head_json":{"title":"Avec les enfants - PHONO Museum Paris","robots":{"index":"index","follow":"follow","max-snippet":"max-snippet:-1","max-image-preview":"max-image-preview:large","max-video-preview":"max-video-preview:-1"},"canonical":"https:\/\/phonomuseum.fr\/avec-les-enfants\/","og_locale":"fr_FR","og_type":"article","og_title":"Avec les enfants - PHONO Museum Paris","og_url":"https:\/\/phonomuseum.fr\/avec-les-enfants\/","og_site_name":"PHONO Museum Paris","article_author":"https:\/\/www.facebook.com\/didier.vincent.7","article_published_time":"2018-03-16T16:50:14+00:00","article_modified_time":"2024-06-01T15:21:12+00:00","og_image":[{"width":1632,"height":1224,"url":"https:\/\/phonomuseum.fr\/wp-content\/uploads\/2018\/03\/16-mars-2018-2.jpg","type":"image\/jpeg"}],"author":"PHONO Museum Paris","twitter_card":"summary_large_image","twitter_creator":"@didier_vincent","twitter_misc":{"\u00c9crit par":"PHONO Museum Paris","Dur\u00e9e de lecture estim\u00e9e":"1 minute"},"schema":{"@context":"https:\/\/schema.org","@graph":[{"@type":"Article","@id":"https:\/\/phonomuseum.fr\/avec-les-enfants\/#article","isPartOf":{"@id":"https:\/\/phonomuseum.fr\/avec-les-enfants\/"},"author":{"name":"PHONO Museum Paris","@id":"https:\/\/phonomuseum.fr\/#\/schema\/person\/ccddc2cc569da3acc4b8312f4ff2b0b7"},"headline":"Avec les enfants","datePublished":"2018-03-16T16:50:14+00:00","dateModified":"2024-06-01T15:21:12+00:00","mainEntityOfPage":{"@id":"https:\/\/phonomuseum.fr\/avec-les-enfants\/"},"wordCount":174,"commentCount":0,"image":{"@id":"https:\/\/phonomuseum.fr\/avec-les-enfants\/#primaryimage"},"thumbnailUrl":"https:\/\/phonomuseum.fr\/wp-content\/uploads\/2018\/03\/16-mars-2018-2.jpg","articleSection":["BLOG"],"inLanguage":"fr-FR","potentialAction":[{"@type":"CommentAction","name":"Comment","target":["https:\/\/phonomuseum.fr\/avec-les-enfants\/#respond"]}]},{"@type":"WebPage","@id":"https:\/\/phonomuseum.fr\/avec-les-enfants\/","url":"https:\/\/phonomuseum.fr\/avec-les-enfants\/","name":"Avec les enfants - PHONO Museum Paris","isPartOf":{"@id":"https:\/\/phonomuseum.fr\/#website"},"primaryImageOfPage":{"@id":"https:\/\/phonomuseum.fr\/avec-les-enfants\/#primaryimage"},"image":{"@id":"https:\/\/phonomuseum.fr\/avec-les-enfants\/#primaryimage"},"thumbnailUrl":"https:\/\/phonomuseum.fr\/wp-content\/uploads\/2018\/03\/16-mars-2018-2.jpg","datePublished":"2018-03-16T16:50:14+00:00","dateModified":"2024-06-01T15:21:12+00:00","author":{"@id":"https:\/\/phonomuseum.fr\/#\/schema\/person\/ccddc2cc569da3acc4b8312f4ff2b0b7"},"breadcrumb":{"@id":"https:\/\/phonomuseum.fr\/avec-les-enfants\/#breadcrumb"},"inLanguage":"fr-FR","potentialAction":[{"@type":"ReadAction","target":["https:\/\/phonomuseum.fr\/avec-les-enfants\/"]}]},{"@type":"ImageObject","inLanguage":"fr-FR","@id":"https:\/\/phonomuseum.fr\/avec-les-enfants\/#primaryimage","url":"https:\/\/phonomuseum.fr\/wp-content\/uploads\/2018\/03\/16-mars-2018-2.jpg","contentUrl":"https:\/\/phonomuseum.fr\/wp-content\/uploads\/2018\/03\/16-mars-2018-2.jpg","width":1632,"height":1224},{"@type":"BreadcrumbList","@id":"https:\/\/phonomuseum.fr\/avec-les-enfants\/#breadcrumb","itemListElement":[{"@type":"ListItem","position":1,"name":"Accueil","item":"https:\/\/phonomuseum.fr\/accueil\/"},{"@type":"ListItem","position":2,"name":"Avec les enfants"}]},{"@type":"WebSite","@id":"https:\/\/phonomuseum.fr\/#website","url":"https:\/\/phonomuseum.fr\/","name":"PHONO Museum Paris","description":"la grande aventure du son enregistr\u00e9 - L&#039;histoire sonore de 1857 \u00e0 nos jours","potentialAction":[{"@type":"SearchAction","target":{"@type":"EntryPoint","urlTemplate":"https:\/\/phonomuseum.fr\/?s={search_term_string}"},"query-input":{"@type":"PropertyValueSpecification","valueRequired":true,"valueName":"search_term_string"}}],"inLanguage":"fr-FR"},{"@type":"Person","@id":"https:\/\/phonomuseum.fr\/#\/schema\/person\/ccddc2cc569da3acc4b8312f4ff2b0b7","name":"PHONO Museum Paris","image":{"@type":"ImageObject","inLanguage":"fr-FR","@id":"https:\/\/secure.gravatar.com\/avatar\/625e6ca9ffe4c986867da0049f4a8bab481c3379248f90cbf285f445b365f8bd?s=96&d=mm&r=g","url":"https:\/\/secure.gravatar.com\/avatar\/625e6ca9ffe4c986867da0049f4a8bab481c3379248f90cbf285f445b365f8bd?s=96&d=mm&r=g","contentUrl":"https:\/\/secure.gravatar.com\/avatar\/625e6ca9ffe4c986867da0049f4a8bab481c3379248f90cbf285f445b365f8bd?s=96&d=mm&r=g","caption":"PHONO Museum Paris"},"sameAs":["http:\/\/phonomuseum.fr","https:\/\/www.facebook.com\/didier.vincent.7","https:\/\/x.com\/@didier_vincent"],"url":"https:\/\/phonomuseum.fr\/author\/phono-museum-paris\/"}]}},"_links":{"self":[{"href":"https:\/\/phonomuseum.fr\/api\/wp\/v2\/posts\/1593","targetHints":{"allow":["GET"]}}],"collection":[{"href":"https:\/\/phonomuseum.fr\/api\/wp\/v2\/posts"}],"about":[{"href":"https:\/\/phonomuseum.fr\/api\/wp\/v2\/types\/post"}],"author":[{"embeddable":true,"href":"https:\/\/phonomuseum.fr\/api\/wp\/v2\/users\/2"}],"replies":[{"embeddable":true,"href":"https:\/\/phonomuseum.fr\/api\/wp\/v2\/comments?post=1593"}],"version-history":[{"count":3,"href":"https:\/\/phonomuseum.fr\/api\/wp\/v2\/posts\/1593\/revisions"}],"predecessor-version":[{"id":4628,"href":"https:\/\/phonomuseum.fr\/api\/wp\/v2\/posts\/1593\/revisions\/4628"}],"wp:featuredmedia":[{"embeddable":true,"href":"https:\/\/phonomuseum.fr\/api\/wp\/v2\/media\/1596"}],"wp:attachment":[{"href":"https:\/\/phonomuseum.fr\/api\/wp\/v2\/media?parent=1593"}],"wp:term":[{"taxonomy":"category","embeddable":true,"href":"https:\/\/phonomuseum.fr\/api\/wp\/v2\/categories?post=1593"},{"taxonomy":"post_tag","embeddable":true,"href":"https:\/\/phonomuseum.fr\/api\/wp\/v2\/tags?post=1593"}],"curies":[{"name":"wp","href":"https:\/\/api.w.org\/{rel}","templated":true}]}}