{"id":1536,"date":"2018-02-24T13:02:01","date_gmt":"2018-02-24T12:02:01","guid":{"rendered":"http:\/\/phonomuseum.fr\/?p=1536"},"modified":"2024-06-01T17:24:41","modified_gmt":"2024-06-01T15:24:41","slug":"concert-de-pavel-fakhrtdinov","status":"publish","type":"post","link":"https:\/\/phonomuseum.fr\/concert-de-pavel-fakhrtdinov\/","title":{"rendered":"Concert de Pavel Fakhrtdinov"},"content":{"rendered":"<p><a href=\"http:\/\/phonomuseum.fr\/wp-content\/uploads\/2018\/02\/\u041f\u0430\u0424\u0430_\u0410\u0444\u0438\u0448\u0430_1.jpg\"><img loading=\"lazy\" decoding=\"async\" class=\"size-full wp-image-1529 aligncenter\" src=\"http:\/\/phonomuseum.fr\/wp-content\/uploads\/2018\/02\/\u041f\u0430\u0424\u0430_\u0410\u0444\u0438\u0448\u0430_1.jpg\" alt=\"\" width=\"452\" height=\"640\" srcset=\"https:\/\/phonomuseum.fr\/wp-content\/uploads\/2018\/02\/\u041f\u0430\u0424\u0430_\u0410\u0444\u0438\u0448\u0430_1.jpg 452w, https:\/\/phonomuseum.fr\/wp-content\/uploads\/2018\/02\/\u041f\u0430\u0424\u0430_\u0410\u0444\u0438\u0448\u0430_1-212x300.jpg 212w, https:\/\/phonomuseum.fr\/wp-content\/uploads\/2018\/02\/\u041f\u0430\u0424\u0430_\u0410\u0444\u0438\u0448\u0430_1-106x150.jpg 106w\" sizes=\"auto, (max-width: 452px) 100vw, 452px\" \/><\/a><\/p>\n<p>Pavel Fakhrtdinov donnera un concert au mus\u00e9e le <strong><span style=\"color: #ff6600;\">samedi 17 mars 2018 \u00e0 19h<\/span><\/strong>.<\/p>\n<p style=\"text-align: justify;\"><span style=\"font-family: 'Trebuchet MS', Arial, Helvetica, sans-serif;\">Auteur-interpr\u00e8te de Moscou <em>(Russie)<\/em>, l&rsquo;homme exceptionnel avec cinq consonnes \u00e0 la suite dans son nom, que de plus en plus de gens apprennent volontiers partout dans le monde, de tous \u00e2ges, de toutes langues et cultures. Parce que ses chansons sont \u00e0 la fois s\u00e9rieuses et ironiques, nostalgiques et dynamiques, pleines de bont\u00e9 et d&rsquo;amour critique pour toutes les facettes de la vie. Ses chansons abordent divers genres : du jazz au folk-rock, de la chanson \u00e0 texte au rap. Lors de ses concerts, Pavel instaure toujours une atmosph\u00e8re incomparable d&rsquo;humour, de communication, de joie de d\u00e9couverte de nouvelles chansons, po\u00e8mes, id\u00e9es, r\u00e9flexions et de joie de chanter ensemble les chansons devenues favorites <em>(toutes les parties de la trilogie d&rsquo;action \u00ab\u00a0La fille aux lunettes\u00a0\u00bb par exemple).<\/em><\/span><\/p>\n<p style=\"text-align: justify;\">\u00ab\u00a0S&rsquo;il y a ceux qui n&rsquo;entendent pas, il est plus important qu&rsquo;il y ait ceux qui vont entendre\u00a0\u00bb dit la chanson de Pavel \u00ab\u00a0Joue\u00a0\u00bb que l&rsquo;on peut \u00e9couter sur la vid\u00e9o\u00a0 ci-dessous<\/p>\n<p>[kad_youtube url=\u00a0\u00bb<a href=\"https:\/\/youtu.be\/9e96Wofge_k\" target=\"_blank\" rel=\"noopener\">https:\/\/youtu.be\/9e96Wofge_k<\/a>\u00a0\u00bb ]<\/p>\n<p>&nbsp;<\/p>\n<p>&nbsp;<\/p>\n<p>&nbsp;<\/p>\n<p>&nbsp;<\/p>\n<p>&nbsp;<\/p>\n<p>&nbsp;<\/p>\n<p>&nbsp;<\/p>\n","protected":false},"excerpt":{"rendered":"<p>Pavel Fakhrtdinov donnera un concert au mus\u00e9e le samedi 17 mars 2018 \u00e0 19h. Auteur-interpr\u00e8te de Moscou (Russie), l&rsquo;homme exceptionnel avec cinq consonnes \u00e0 la suite dans son nom, que de plus en plus de gens apprennent volontiers partout dans le monde, de tous \u00e2ges, de toutes langues et cultures. Parce que ses chansons sont [&hellip;]<\/p>\n","protected":false},"author":2,"featured_media":1529,"comment_status":"open","ping_status":"closed","sticky":false,"template":"","format":"standard","meta":{"footnotes":""},"categories":[14,19,27],"tags":[],"class_list":["post-1536","post","type-post","status-publish","format-standard","has-post-thumbnail","hentry","category-blog","category-concerts","category-concerts-2018"],"yoast_head":"<!-- This site is optimized with the Yoast SEO plugin v27.5 - https:\/\/yoast.com\/product\/yoast-seo-wordpress\/ -->\n<title>Concert de Pavel Fakhrtdinov - PHONO Museum Paris<\/title>\n<meta name=\"robots\" content=\"index, follow, max-snippet:-1, max-image-preview:large, max-video-preview:-1\" \/>\n<link rel=\"canonical\" href=\"https:\/\/phonomuseum.fr\/concert-de-pavel-fakhrtdinov\/\" \/>\n<meta property=\"og:locale\" content=\"fr_FR\" \/>\n<meta property=\"og:type\" content=\"article\" \/>\n<meta property=\"og:title\" content=\"Concert de Pavel Fakhrtdinov - PHONO Museum Paris\" \/>\n<meta property=\"og:description\" content=\"Pavel Fakhrtdinov donnera un concert au mus\u00e9e le samedi 17 mars 2018 \u00e0 19h. Auteur-interpr\u00e8te de Moscou (Russie), l&rsquo;homme exceptionnel avec cinq consonnes \u00e0 la suite dans son nom, que de plus en plus de gens apprennent volontiers partout dans le monde, de tous \u00e2ges, de toutes langues et cultures. Parce que ses chansons sont [&hellip;]\" \/>\n<meta property=\"og:url\" content=\"https:\/\/phonomuseum.fr\/concert-de-pavel-fakhrtdinov\/\" \/>\n<meta property=\"og:site_name\" content=\"PHONO Museum Paris\" \/>\n<meta property=\"article:author\" content=\"https:\/\/www.facebook.com\/didier.vincent.7\" \/>\n<meta property=\"article:published_time\" content=\"2018-02-24T12:02:01+00:00\" \/>\n<meta property=\"article:modified_time\" content=\"2024-06-01T15:24:41+00:00\" \/>\n<meta property=\"og:image\" content=\"https:\/\/phonomuseum.fr\/wp-content\/uploads\/2018\/02\/\u041f\u0430\u0424\u0430_\u0410\u0444\u0438\u0448\u0430_1.jpg\" \/>\n\t<meta property=\"og:image:width\" content=\"452\" \/>\n\t<meta property=\"og:image:height\" content=\"640\" \/>\n\t<meta property=\"og:image:type\" content=\"image\/jpeg\" \/>\n<meta name=\"author\" content=\"PHONO Museum Paris\" \/>\n<meta name=\"twitter:card\" content=\"summary_large_image\" \/>\n<meta name=\"twitter:creator\" content=\"@didier_vincent\" \/>\n<meta name=\"twitter:label1\" content=\"\u00c9crit par\" \/>\n\t<meta name=\"twitter:data1\" content=\"PHONO Museum Paris\" \/>\n\t<meta name=\"twitter:label2\" content=\"Dur\u00e9e de lecture estim\u00e9e\" \/>\n\t<meta name=\"twitter:data2\" content=\"1 minute\" \/>\n<script type=\"application\/ld+json\" class=\"yoast-schema-graph\">{\"@context\":\"https:\\\/\\\/schema.org\",\"@graph\":[{\"@type\":\"Article\",\"@id\":\"https:\\\/\\\/phonomuseum.fr\\\/concert-de-pavel-fakhrtdinov\\\/#article\",\"isPartOf\":{\"@id\":\"https:\\\/\\\/phonomuseum.fr\\\/concert-de-pavel-fakhrtdinov\\\/\"},\"author\":{\"name\":\"PHONO Museum Paris\",\"@id\":\"https:\\\/\\\/phonomuseum.fr\\\/#\\\/schema\\\/person\\\/ccddc2cc569da3acc4b8312f4ff2b0b7\"},\"headline\":\"Concert de Pavel Fakhrtdinov\",\"datePublished\":\"2018-02-24T12:02:01+00:00\",\"dateModified\":\"2024-06-01T15:24:41+00:00\",\"mainEntityOfPage\":{\"@id\":\"https:\\\/\\\/phonomuseum.fr\\\/concert-de-pavel-fakhrtdinov\\\/\"},\"wordCount\":202,\"commentCount\":0,\"image\":{\"@id\":\"https:\\\/\\\/phonomuseum.fr\\\/concert-de-pavel-fakhrtdinov\\\/#primaryimage\"},\"thumbnailUrl\":\"https:\\\/\\\/phonomuseum.fr\\\/wp-content\\\/uploads\\\/2018\\\/02\\\/\u041f\u0430\u0424\u0430_\u0410\u0444\u0438\u0448\u0430_1.jpg\",\"articleSection\":[\"BLOG\",\"Concerts\",\"Concerts 2018\"],\"inLanguage\":\"fr-FR\",\"potentialAction\":[{\"@type\":\"CommentAction\",\"name\":\"Comment\",\"target\":[\"https:\\\/\\\/phonomuseum.fr\\\/concert-de-pavel-fakhrtdinov\\\/#respond\"]}]},{\"@type\":\"WebPage\",\"@id\":\"https:\\\/\\\/phonomuseum.fr\\\/concert-de-pavel-fakhrtdinov\\\/\",\"url\":\"https:\\\/\\\/phonomuseum.fr\\\/concert-de-pavel-fakhrtdinov\\\/\",\"name\":\"Concert de Pavel Fakhrtdinov - PHONO Museum Paris\",\"isPartOf\":{\"@id\":\"https:\\\/\\\/phonomuseum.fr\\\/#website\"},\"primaryImageOfPage\":{\"@id\":\"https:\\\/\\\/phonomuseum.fr\\\/concert-de-pavel-fakhrtdinov\\\/#primaryimage\"},\"image\":{\"@id\":\"https:\\\/\\\/phonomuseum.fr\\\/concert-de-pavel-fakhrtdinov\\\/#primaryimage\"},\"thumbnailUrl\":\"https:\\\/\\\/phonomuseum.fr\\\/wp-content\\\/uploads\\\/2018\\\/02\\\/\u041f\u0430\u0424\u0430_\u0410\u0444\u0438\u0448\u0430_1.jpg\",\"datePublished\":\"2018-02-24T12:02:01+00:00\",\"dateModified\":\"2024-06-01T15:24:41+00:00\",\"author\":{\"@id\":\"https:\\\/\\\/phonomuseum.fr\\\/#\\\/schema\\\/person\\\/ccddc2cc569da3acc4b8312f4ff2b0b7\"},\"breadcrumb\":{\"@id\":\"https:\\\/\\\/phonomuseum.fr\\\/concert-de-pavel-fakhrtdinov\\\/#breadcrumb\"},\"inLanguage\":\"fr-FR\",\"potentialAction\":[{\"@type\":\"ReadAction\",\"target\":[\"https:\\\/\\\/phonomuseum.fr\\\/concert-de-pavel-fakhrtdinov\\\/\"]}]},{\"@type\":\"ImageObject\",\"inLanguage\":\"fr-FR\",\"@id\":\"https:\\\/\\\/phonomuseum.fr\\\/concert-de-pavel-fakhrtdinov\\\/#primaryimage\",\"url\":\"https:\\\/\\\/phonomuseum.fr\\\/wp-content\\\/uploads\\\/2018\\\/02\\\/\u041f\u0430\u0424\u0430_\u0410\u0444\u0438\u0448\u0430_1.jpg\",\"contentUrl\":\"https:\\\/\\\/phonomuseum.fr\\\/wp-content\\\/uploads\\\/2018\\\/02\\\/\u041f\u0430\u0424\u0430_\u0410\u0444\u0438\u0448\u0430_1.jpg\",\"width\":452,\"height\":640,\"caption\":\"Concert de Pavel Fakhrtdinov\"},{\"@type\":\"BreadcrumbList\",\"@id\":\"https:\\\/\\\/phonomuseum.fr\\\/concert-de-pavel-fakhrtdinov\\\/#breadcrumb\",\"itemListElement\":[{\"@type\":\"ListItem\",\"position\":1,\"name\":\"Accueil\",\"item\":\"https:\\\/\\\/phonomuseum.fr\\\/accueil\\\/\"},{\"@type\":\"ListItem\",\"position\":2,\"name\":\"Concert de Pavel Fakhrtdinov\"}]},{\"@type\":\"WebSite\",\"@id\":\"https:\\\/\\\/phonomuseum.fr\\\/#website\",\"url\":\"https:\\\/\\\/phonomuseum.fr\\\/\",\"name\":\"PHONO Museum Paris\",\"description\":\"la grande aventure du son enregistr\u00e9 - L&#039;histoire sonore de 1857 \u00e0 nos jours\",\"potentialAction\":[{\"@type\":\"SearchAction\",\"target\":{\"@type\":\"EntryPoint\",\"urlTemplate\":\"https:\\\/\\\/phonomuseum.fr\\\/?s={search_term_string}\"},\"query-input\":{\"@type\":\"PropertyValueSpecification\",\"valueRequired\":true,\"valueName\":\"search_term_string\"}}],\"inLanguage\":\"fr-FR\"},{\"@type\":\"Person\",\"@id\":\"https:\\\/\\\/phonomuseum.fr\\\/#\\\/schema\\\/person\\\/ccddc2cc569da3acc4b8312f4ff2b0b7\",\"name\":\"PHONO Museum Paris\",\"image\":{\"@type\":\"ImageObject\",\"inLanguage\":\"fr-FR\",\"@id\":\"https:\\\/\\\/secure.gravatar.com\\\/avatar\\\/625e6ca9ffe4c986867da0049f4a8bab481c3379248f90cbf285f445b365f8bd?s=96&d=mm&r=g\",\"url\":\"https:\\\/\\\/secure.gravatar.com\\\/avatar\\\/625e6ca9ffe4c986867da0049f4a8bab481c3379248f90cbf285f445b365f8bd?s=96&d=mm&r=g\",\"contentUrl\":\"https:\\\/\\\/secure.gravatar.com\\\/avatar\\\/625e6ca9ffe4c986867da0049f4a8bab481c3379248f90cbf285f445b365f8bd?s=96&d=mm&r=g\",\"caption\":\"PHONO Museum Paris\"},\"sameAs\":[\"http:\\\/\\\/phonomuseum.fr\",\"https:\\\/\\\/www.facebook.com\\\/didier.vincent.7\",\"https:\\\/\\\/x.com\\\/@didier_vincent\"],\"url\":\"https:\\\/\\\/phonomuseum.fr\\\/author\\\/phono-museum-paris\\\/\"}]}<\/script>\n<!-- \/ Yoast SEO plugin. -->","yoast_head_json":{"title":"Concert de Pavel Fakhrtdinov - PHONO Museum Paris","robots":{"index":"index","follow":"follow","max-snippet":"max-snippet:-1","max-image-preview":"max-image-preview:large","max-video-preview":"max-video-preview:-1"},"canonical":"https:\/\/phonomuseum.fr\/concert-de-pavel-fakhrtdinov\/","og_locale":"fr_FR","og_type":"article","og_title":"Concert de Pavel Fakhrtdinov - PHONO Museum Paris","og_description":"Pavel Fakhrtdinov donnera un concert au mus\u00e9e le samedi 17 mars 2018 \u00e0 19h. Auteur-interpr\u00e8te de Moscou (Russie), l&rsquo;homme exceptionnel avec cinq consonnes \u00e0 la suite dans son nom, que de plus en plus de gens apprennent volontiers partout dans le monde, de tous \u00e2ges, de toutes langues et cultures. Parce que ses chansons sont [&hellip;]","og_url":"https:\/\/phonomuseum.fr\/concert-de-pavel-fakhrtdinov\/","og_site_name":"PHONO Museum Paris","article_author":"https:\/\/www.facebook.com\/didier.vincent.7","article_published_time":"2018-02-24T12:02:01+00:00","article_modified_time":"2024-06-01T15:24:41+00:00","og_image":[{"width":452,"height":640,"url":"https:\/\/phonomuseum.fr\/wp-content\/uploads\/2018\/02\/\u041f\u0430\u0424\u0430_\u0410\u0444\u0438\u0448\u0430_1.jpg","type":"image\/jpeg"}],"author":"PHONO Museum Paris","twitter_card":"summary_large_image","twitter_creator":"@didier_vincent","twitter_misc":{"\u00c9crit par":"PHONO Museum Paris","Dur\u00e9e de lecture estim\u00e9e":"1 minute"},"schema":{"@context":"https:\/\/schema.org","@graph":[{"@type":"Article","@id":"https:\/\/phonomuseum.fr\/concert-de-pavel-fakhrtdinov\/#article","isPartOf":{"@id":"https:\/\/phonomuseum.fr\/concert-de-pavel-fakhrtdinov\/"},"author":{"name":"PHONO Museum Paris","@id":"https:\/\/phonomuseum.fr\/#\/schema\/person\/ccddc2cc569da3acc4b8312f4ff2b0b7"},"headline":"Concert de Pavel Fakhrtdinov","datePublished":"2018-02-24T12:02:01+00:00","dateModified":"2024-06-01T15:24:41+00:00","mainEntityOfPage":{"@id":"https:\/\/phonomuseum.fr\/concert-de-pavel-fakhrtdinov\/"},"wordCount":202,"commentCount":0,"image":{"@id":"https:\/\/phonomuseum.fr\/concert-de-pavel-fakhrtdinov\/#primaryimage"},"thumbnailUrl":"https:\/\/phonomuseum.fr\/wp-content\/uploads\/2018\/02\/\u041f\u0430\u0424\u0430_\u0410\u0444\u0438\u0448\u0430_1.jpg","articleSection":["BLOG","Concerts","Concerts 2018"],"inLanguage":"fr-FR","potentialAction":[{"@type":"CommentAction","name":"Comment","target":["https:\/\/phonomuseum.fr\/concert-de-pavel-fakhrtdinov\/#respond"]}]},{"@type":"WebPage","@id":"https:\/\/phonomuseum.fr\/concert-de-pavel-fakhrtdinov\/","url":"https:\/\/phonomuseum.fr\/concert-de-pavel-fakhrtdinov\/","name":"Concert de Pavel Fakhrtdinov - PHONO Museum Paris","isPartOf":{"@id":"https:\/\/phonomuseum.fr\/#website"},"primaryImageOfPage":{"@id":"https:\/\/phonomuseum.fr\/concert-de-pavel-fakhrtdinov\/#primaryimage"},"image":{"@id":"https:\/\/phonomuseum.fr\/concert-de-pavel-fakhrtdinov\/#primaryimage"},"thumbnailUrl":"https:\/\/phonomuseum.fr\/wp-content\/uploads\/2018\/02\/\u041f\u0430\u0424\u0430_\u0410\u0444\u0438\u0448\u0430_1.jpg","datePublished":"2018-02-24T12:02:01+00:00","dateModified":"2024-06-01T15:24:41+00:00","author":{"@id":"https:\/\/phonomuseum.fr\/#\/schema\/person\/ccddc2cc569da3acc4b8312f4ff2b0b7"},"breadcrumb":{"@id":"https:\/\/phonomuseum.fr\/concert-de-pavel-fakhrtdinov\/#breadcrumb"},"inLanguage":"fr-FR","potentialAction":[{"@type":"ReadAction","target":["https:\/\/phonomuseum.fr\/concert-de-pavel-fakhrtdinov\/"]}]},{"@type":"ImageObject","inLanguage":"fr-FR","@id":"https:\/\/phonomuseum.fr\/concert-de-pavel-fakhrtdinov\/#primaryimage","url":"https:\/\/phonomuseum.fr\/wp-content\/uploads\/2018\/02\/\u041f\u0430\u0424\u0430_\u0410\u0444\u0438\u0448\u0430_1.jpg","contentUrl":"https:\/\/phonomuseum.fr\/wp-content\/uploads\/2018\/02\/\u041f\u0430\u0424\u0430_\u0410\u0444\u0438\u0448\u0430_1.jpg","width":452,"height":640,"caption":"Concert de Pavel Fakhrtdinov"},{"@type":"BreadcrumbList","@id":"https:\/\/phonomuseum.fr\/concert-de-pavel-fakhrtdinov\/#breadcrumb","itemListElement":[{"@type":"ListItem","position":1,"name":"Accueil","item":"https:\/\/phonomuseum.fr\/accueil\/"},{"@type":"ListItem","position":2,"name":"Concert de Pavel Fakhrtdinov"}]},{"@type":"WebSite","@id":"https:\/\/phonomuseum.fr\/#website","url":"https:\/\/phonomuseum.fr\/","name":"PHONO Museum Paris","description":"la grande aventure du son enregistr\u00e9 - L&#039;histoire sonore de 1857 \u00e0 nos jours","potentialAction":[{"@type":"SearchAction","target":{"@type":"EntryPoint","urlTemplate":"https:\/\/phonomuseum.fr\/?s={search_term_string}"},"query-input":{"@type":"PropertyValueSpecification","valueRequired":true,"valueName":"search_term_string"}}],"inLanguage":"fr-FR"},{"@type":"Person","@id":"https:\/\/phonomuseum.fr\/#\/schema\/person\/ccddc2cc569da3acc4b8312f4ff2b0b7","name":"PHONO Museum Paris","image":{"@type":"ImageObject","inLanguage":"fr-FR","@id":"https:\/\/secure.gravatar.com\/avatar\/625e6ca9ffe4c986867da0049f4a8bab481c3379248f90cbf285f445b365f8bd?s=96&d=mm&r=g","url":"https:\/\/secure.gravatar.com\/avatar\/625e6ca9ffe4c986867da0049f4a8bab481c3379248f90cbf285f445b365f8bd?s=96&d=mm&r=g","contentUrl":"https:\/\/secure.gravatar.com\/avatar\/625e6ca9ffe4c986867da0049f4a8bab481c3379248f90cbf285f445b365f8bd?s=96&d=mm&r=g","caption":"PHONO Museum Paris"},"sameAs":["http:\/\/phonomuseum.fr","https:\/\/www.facebook.com\/didier.vincent.7","https:\/\/x.com\/@didier_vincent"],"url":"https:\/\/phonomuseum.fr\/author\/phono-museum-paris\/"}]}},"_links":{"self":[{"href":"https:\/\/phonomuseum.fr\/api\/wp\/v2\/posts\/1536","targetHints":{"allow":["GET"]}}],"collection":[{"href":"https:\/\/phonomuseum.fr\/api\/wp\/v2\/posts"}],"about":[{"href":"https:\/\/phonomuseum.fr\/api\/wp\/v2\/types\/post"}],"author":[{"embeddable":true,"href":"https:\/\/phonomuseum.fr\/api\/wp\/v2\/users\/2"}],"replies":[{"embeddable":true,"href":"https:\/\/phonomuseum.fr\/api\/wp\/v2\/comments?post=1536"}],"version-history":[{"count":4,"href":"https:\/\/phonomuseum.fr\/api\/wp\/v2\/posts\/1536\/revisions"}],"predecessor-version":[{"id":4632,"href":"https:\/\/phonomuseum.fr\/api\/wp\/v2\/posts\/1536\/revisions\/4632"}],"wp:featuredmedia":[{"embeddable":true,"href":"https:\/\/phonomuseum.fr\/api\/wp\/v2\/media\/1529"}],"wp:attachment":[{"href":"https:\/\/phonomuseum.fr\/api\/wp\/v2\/media?parent=1536"}],"wp:term":[{"taxonomy":"category","embeddable":true,"href":"https:\/\/phonomuseum.fr\/api\/wp\/v2\/categories?post=1536"},{"taxonomy":"post_tag","embeddable":true,"href":"https:\/\/phonomuseum.fr\/api\/wp\/v2\/tags?post=1536"}],"curies":[{"name":"wp","href":"https:\/\/api.w.org\/{rel}","templated":true}]}}