{"id":1352,"date":"2018-01-17T18:41:44","date_gmt":"2018-01-17T17:41:44","guid":{"rendered":"http:\/\/phonomuseum.fr\/?p=1352"},"modified":"2024-06-01T17:33:35","modified_gmt":"2024-06-01T15:33:35","slug":"concert-exceptionnel-de-soutien-jacky-terrasson","status":"publish","type":"post","link":"https:\/\/phonomuseum.fr\/concert-exceptionnel-de-soutien-jacky-terrasson\/","title":{"rendered":"Concert exceptionnel de soutien : Jacky Terrasson"},"content":{"rendered":"<div class='avia-iframe-wrap'><iframe loading=\"lazy\" title=\"Interview Jacky Terrasson - Revue Lexnews\" width=\"1333\" height=\"1000\" src=\"https:\/\/www.youtube.com\/embed\/mNlw1zv3rgo?feature=oembed\" frameborder=\"0\" allow=\"accelerometer; autoplay; clipboard-write; encrypted-media; gyroscope; picture-in-picture; web-share\" referrerpolicy=\"strict-origin-when-cross-origin\" allowfullscreen><\/iframe><\/div>\n<p>&nbsp;<\/p>\n<p>&nbsp;<\/p>\n<p style=\"text-align: center;\"><strong><span style=\"color: #ff6600;\">Concert complet<\/span><\/strong><\/p>\n<p style=\"text-align: justify;\">Nous sommes heureux d&rsquo;annoncer que le c\u00e9l\u00e8bre pianiste de jazz <strong><span style=\"color: #ff6600;\">Jacky Terrasson<\/span><\/strong> donnera un concert exceptionnel de soutien \u00e0 PHONO Museum Paris le :<\/p>\n<p style=\"text-align: center;\"><strong>jeudi 22 f\u00e9vrier 2018 \u00e0 19h30<\/strong>.<\/p>\n<p style=\"text-align: justify;\">Il s&rsquo;agit l\u00e0 d&rsquo;une premi\u00e8re dans une s\u00e9rie de concerts de soutien qui auront lieu tout au long de l&rsquo;ann\u00e9e 2018<\/p>\n<p>&nbsp;<\/p>\n<p><strong><span style=\"color: #ff6600;\">Est-il utile de pr\u00e9senter Jacky Terrasson ?<\/span><\/strong><\/p>\n<p style=\"text-align: justify;\">Bien s\u00fbr, non, pour les amateurs de jazz pour lesquels il est d\u00e9j\u00e0 bien connu. Pour ceux qui souhaitent mieux le connaitre ou le d\u00e9couvrir, sa fiche <a href=\"https:\/\/fr.wikipedia.org\/wiki\/Jacky_Terrasson\">Wikip\u00e9dia<\/a> ainsi que <a href=\"http:\/\/www.jackyterrasson.com\/\">son site web personnel<\/a> vous donneront de plus amples informations.<\/p>\n<div id=\"attachment_1353\" style=\"width: 734px\" class=\"wp-caption aligncenter\"><img loading=\"lazy\" decoding=\"async\" aria-describedby=\"caption-attachment-1353\" class=\"wp-image-1353 size-large\" src=\"http:\/\/phonomuseum.fr\/wp-content\/uploads\/2018\/01\/affiche-jacky-Terrasson-01-724x1024.jpg\" alt=\"concert de soutien Jacky Terrasson\" width=\"724\" height=\"1024\" srcset=\"https:\/\/phonomuseum.fr\/wp-content\/uploads\/2018\/01\/affiche-jacky-Terrasson-01-724x1024.jpg 724w, https:\/\/phonomuseum.fr\/wp-content\/uploads\/2018\/01\/affiche-jacky-Terrasson-01-212x300.jpg 212w, https:\/\/phonomuseum.fr\/wp-content\/uploads\/2018\/01\/affiche-jacky-Terrasson-01-768x1086.jpg 768w, https:\/\/phonomuseum.fr\/wp-content\/uploads\/2018\/01\/affiche-jacky-Terrasson-01-106x150.jpg 106w\" sizes=\"auto, (max-width: 724px) 100vw, 724px\" \/><p id=\"caption-attachment-1353\" class=\"wp-caption-text\">Concert de soutien de Jacky Terrasson au PHONO Museum Paris<\/p><\/div>\n<p style=\"text-align: justify;\">\n","protected":false},"excerpt":{"rendered":"<p>&nbsp; &nbsp; Concert complet Nous sommes heureux d&rsquo;annoncer que le c\u00e9l\u00e8bre pianiste de jazz Jacky Terrasson donnera un concert exceptionnel de soutien \u00e0 PHONO Museum Paris le : jeudi 22 f\u00e9vrier 2018 \u00e0 19h30. Il s&rsquo;agit l\u00e0 d&rsquo;une premi\u00e8re dans une s\u00e9rie de concerts de soutien qui auront lieu tout au long de l&rsquo;ann\u00e9e 2018 [&hellip;]<\/p>\n","protected":false},"author":2,"featured_media":1353,"comment_status":"open","ping_status":"closed","sticky":false,"template":"","format":"standard","meta":{"footnotes":""},"categories":[14,19,27],"tags":[],"class_list":["post-1352","post","type-post","status-publish","format-standard","has-post-thumbnail","hentry","category-blog","category-concerts","category-concerts-2018"],"yoast_head":"<!-- This site is optimized with the Yoast SEO plugin v27.5 - https:\/\/yoast.com\/product\/yoast-seo-wordpress\/ -->\n<title>Concert exceptionnel de soutien : Jacky Terrasson - PHONO Museum Paris<\/title>\n<meta name=\"robots\" content=\"index, follow, max-snippet:-1, max-image-preview:large, max-video-preview:-1\" \/>\n<link rel=\"canonical\" href=\"https:\/\/phonomuseum.fr\/concert-exceptionnel-de-soutien-jacky-terrasson\/\" \/>\n<meta property=\"og:locale\" content=\"fr_FR\" \/>\n<meta property=\"og:type\" content=\"article\" \/>\n<meta property=\"og:title\" content=\"Concert exceptionnel de soutien : Jacky Terrasson - PHONO Museum Paris\" \/>\n<meta property=\"og:description\" content=\"&nbsp; &nbsp; Concert complet Nous sommes heureux d&rsquo;annoncer que le c\u00e9l\u00e8bre pianiste de jazz Jacky Terrasson donnera un concert exceptionnel de soutien \u00e0 PHONO Museum Paris le : jeudi 22 f\u00e9vrier 2018 \u00e0 19h30. Il s&rsquo;agit l\u00e0 d&rsquo;une premi\u00e8re dans une s\u00e9rie de concerts de soutien qui auront lieu tout au long de l&rsquo;ann\u00e9e 2018 [&hellip;]\" \/>\n<meta property=\"og:url\" content=\"https:\/\/phonomuseum.fr\/concert-exceptionnel-de-soutien-jacky-terrasson\/\" \/>\n<meta property=\"og:site_name\" content=\"PHONO Museum Paris\" \/>\n<meta property=\"article:author\" content=\"https:\/\/www.facebook.com\/didier.vincent.7\" \/>\n<meta property=\"article:published_time\" content=\"2018-01-17T17:41:44+00:00\" \/>\n<meta property=\"article:modified_time\" content=\"2024-06-01T15:33:35+00:00\" \/>\n<meta property=\"og:image\" content=\"https:\/\/phonomuseum.fr\/wp-content\/uploads\/2018\/01\/affiche-jacky-Terrasson-01-724x1024.jpg\" \/>\n\t<meta property=\"og:image:width\" content=\"724\" \/>\n\t<meta property=\"og:image:height\" content=\"1024\" \/>\n\t<meta property=\"og:image:type\" content=\"image\/jpeg\" \/>\n<meta name=\"author\" content=\"PHONO Museum Paris\" \/>\n<meta name=\"twitter:card\" content=\"summary_large_image\" \/>\n<meta name=\"twitter:creator\" content=\"@didier_vincent\" \/>\n<meta name=\"twitter:label1\" content=\"\u00c9crit par\" \/>\n\t<meta name=\"twitter:data1\" content=\"PHONO Museum Paris\" \/>\n\t<meta name=\"twitter:label2\" content=\"Dur\u00e9e de lecture estim\u00e9e\" \/>\n\t<meta name=\"twitter:data2\" content=\"1 minute\" \/>\n<script type=\"application\/ld+json\" class=\"yoast-schema-graph\">{\"@context\":\"https:\\\/\\\/schema.org\",\"@graph\":[{\"@type\":\"Article\",\"@id\":\"https:\\\/\\\/phonomuseum.fr\\\/concert-exceptionnel-de-soutien-jacky-terrasson\\\/#article\",\"isPartOf\":{\"@id\":\"https:\\\/\\\/phonomuseum.fr\\\/concert-exceptionnel-de-soutien-jacky-terrasson\\\/\"},\"author\":{\"name\":\"PHONO Museum Paris\",\"@id\":\"https:\\\/\\\/phonomuseum.fr\\\/#\\\/schema\\\/person\\\/ccddc2cc569da3acc4b8312f4ff2b0b7\"},\"headline\":\"Concert exceptionnel de soutien : Jacky Terrasson\",\"datePublished\":\"2018-01-17T17:41:44+00:00\",\"dateModified\":\"2024-06-01T15:33:35+00:00\",\"mainEntityOfPage\":{\"@id\":\"https:\\\/\\\/phonomuseum.fr\\\/concert-exceptionnel-de-soutien-jacky-terrasson\\\/\"},\"wordCount\":140,\"commentCount\":2,\"image\":{\"@id\":\"https:\\\/\\\/phonomuseum.fr\\\/concert-exceptionnel-de-soutien-jacky-terrasson\\\/#primaryimage\"},\"thumbnailUrl\":\"https:\\\/\\\/phonomuseum.fr\\\/wp-content\\\/uploads\\\/2018\\\/01\\\/affiche-jacky-Terrasson-01.jpg\",\"articleSection\":[\"BLOG\",\"Concerts\",\"Concerts 2018\"],\"inLanguage\":\"fr-FR\",\"potentialAction\":[{\"@type\":\"CommentAction\",\"name\":\"Comment\",\"target\":[\"https:\\\/\\\/phonomuseum.fr\\\/concert-exceptionnel-de-soutien-jacky-terrasson\\\/#respond\"]}]},{\"@type\":\"WebPage\",\"@id\":\"https:\\\/\\\/phonomuseum.fr\\\/concert-exceptionnel-de-soutien-jacky-terrasson\\\/\",\"url\":\"https:\\\/\\\/phonomuseum.fr\\\/concert-exceptionnel-de-soutien-jacky-terrasson\\\/\",\"name\":\"Concert exceptionnel de soutien : Jacky Terrasson - PHONO Museum Paris\",\"isPartOf\":{\"@id\":\"https:\\\/\\\/phonomuseum.fr\\\/#website\"},\"primaryImageOfPage\":{\"@id\":\"https:\\\/\\\/phonomuseum.fr\\\/concert-exceptionnel-de-soutien-jacky-terrasson\\\/#primaryimage\"},\"image\":{\"@id\":\"https:\\\/\\\/phonomuseum.fr\\\/concert-exceptionnel-de-soutien-jacky-terrasson\\\/#primaryimage\"},\"thumbnailUrl\":\"https:\\\/\\\/phonomuseum.fr\\\/wp-content\\\/uploads\\\/2018\\\/01\\\/affiche-jacky-Terrasson-01.jpg\",\"datePublished\":\"2018-01-17T17:41:44+00:00\",\"dateModified\":\"2024-06-01T15:33:35+00:00\",\"author\":{\"@id\":\"https:\\\/\\\/phonomuseum.fr\\\/#\\\/schema\\\/person\\\/ccddc2cc569da3acc4b8312f4ff2b0b7\"},\"breadcrumb\":{\"@id\":\"https:\\\/\\\/phonomuseum.fr\\\/concert-exceptionnel-de-soutien-jacky-terrasson\\\/#breadcrumb\"},\"inLanguage\":\"fr-FR\",\"potentialAction\":[{\"@type\":\"ReadAction\",\"target\":[\"https:\\\/\\\/phonomuseum.fr\\\/concert-exceptionnel-de-soutien-jacky-terrasson\\\/\"]}]},{\"@type\":\"ImageObject\",\"inLanguage\":\"fr-FR\",\"@id\":\"https:\\\/\\\/phonomuseum.fr\\\/concert-exceptionnel-de-soutien-jacky-terrasson\\\/#primaryimage\",\"url\":\"https:\\\/\\\/phonomuseum.fr\\\/wp-content\\\/uploads\\\/2018\\\/01\\\/affiche-jacky-Terrasson-01.jpg\",\"contentUrl\":\"https:\\\/\\\/phonomuseum.fr\\\/wp-content\\\/uploads\\\/2018\\\/01\\\/affiche-jacky-Terrasson-01.jpg\",\"width\":2481,\"height\":3508,\"caption\":\"concert du 22 f\u00e9vrier 2018 Jacky Terrasson\"},{\"@type\":\"BreadcrumbList\",\"@id\":\"https:\\\/\\\/phonomuseum.fr\\\/concert-exceptionnel-de-soutien-jacky-terrasson\\\/#breadcrumb\",\"itemListElement\":[{\"@type\":\"ListItem\",\"position\":1,\"name\":\"Accueil\",\"item\":\"https:\\\/\\\/phonomuseum.fr\\\/accueil\\\/\"},{\"@type\":\"ListItem\",\"position\":2,\"name\":\"Concert exceptionnel de soutien : Jacky Terrasson\"}]},{\"@type\":\"WebSite\",\"@id\":\"https:\\\/\\\/phonomuseum.fr\\\/#website\",\"url\":\"https:\\\/\\\/phonomuseum.fr\\\/\",\"name\":\"PHONO Museum Paris\",\"description\":\"la grande aventure du son enregistr\u00e9 - L&#039;histoire sonore de 1857 \u00e0 nos jours\",\"potentialAction\":[{\"@type\":\"SearchAction\",\"target\":{\"@type\":\"EntryPoint\",\"urlTemplate\":\"https:\\\/\\\/phonomuseum.fr\\\/?s={search_term_string}\"},\"query-input\":{\"@type\":\"PropertyValueSpecification\",\"valueRequired\":true,\"valueName\":\"search_term_string\"}}],\"inLanguage\":\"fr-FR\"},{\"@type\":\"Person\",\"@id\":\"https:\\\/\\\/phonomuseum.fr\\\/#\\\/schema\\\/person\\\/ccddc2cc569da3acc4b8312f4ff2b0b7\",\"name\":\"PHONO Museum Paris\",\"image\":{\"@type\":\"ImageObject\",\"inLanguage\":\"fr-FR\",\"@id\":\"https:\\\/\\\/secure.gravatar.com\\\/avatar\\\/625e6ca9ffe4c986867da0049f4a8bab481c3379248f90cbf285f445b365f8bd?s=96&d=mm&r=g\",\"url\":\"https:\\\/\\\/secure.gravatar.com\\\/avatar\\\/625e6ca9ffe4c986867da0049f4a8bab481c3379248f90cbf285f445b365f8bd?s=96&d=mm&r=g\",\"contentUrl\":\"https:\\\/\\\/secure.gravatar.com\\\/avatar\\\/625e6ca9ffe4c986867da0049f4a8bab481c3379248f90cbf285f445b365f8bd?s=96&d=mm&r=g\",\"caption\":\"PHONO Museum Paris\"},\"sameAs\":[\"http:\\\/\\\/phonomuseum.fr\",\"https:\\\/\\\/www.facebook.com\\\/didier.vincent.7\",\"https:\\\/\\\/x.com\\\/@didier_vincent\"],\"url\":\"https:\\\/\\\/phonomuseum.fr\\\/author\\\/phono-museum-paris\\\/\"}]}<\/script>\n<!-- \/ Yoast SEO plugin. -->","yoast_head_json":{"title":"Concert exceptionnel de soutien : Jacky Terrasson - PHONO Museum Paris","robots":{"index":"index","follow":"follow","max-snippet":"max-snippet:-1","max-image-preview":"max-image-preview:large","max-video-preview":"max-video-preview:-1"},"canonical":"https:\/\/phonomuseum.fr\/concert-exceptionnel-de-soutien-jacky-terrasson\/","og_locale":"fr_FR","og_type":"article","og_title":"Concert exceptionnel de soutien : Jacky Terrasson - PHONO Museum Paris","og_description":"&nbsp; &nbsp; Concert complet Nous sommes heureux d&rsquo;annoncer que le c\u00e9l\u00e8bre pianiste de jazz Jacky Terrasson donnera un concert exceptionnel de soutien \u00e0 PHONO Museum Paris le : jeudi 22 f\u00e9vrier 2018 \u00e0 19h30. Il s&rsquo;agit l\u00e0 d&rsquo;une premi\u00e8re dans une s\u00e9rie de concerts de soutien qui auront lieu tout au long de l&rsquo;ann\u00e9e 2018 [&hellip;]","og_url":"https:\/\/phonomuseum.fr\/concert-exceptionnel-de-soutien-jacky-terrasson\/","og_site_name":"PHONO Museum Paris","article_author":"https:\/\/www.facebook.com\/didier.vincent.7","article_published_time":"2018-01-17T17:41:44+00:00","article_modified_time":"2024-06-01T15:33:35+00:00","og_image":[{"width":724,"height":1024,"url":"https:\/\/phonomuseum.fr\/wp-content\/uploads\/2018\/01\/affiche-jacky-Terrasson-01-724x1024.jpg","type":"image\/jpeg"}],"author":"PHONO Museum Paris","twitter_card":"summary_large_image","twitter_creator":"@didier_vincent","twitter_misc":{"\u00c9crit par":"PHONO Museum Paris","Dur\u00e9e de lecture estim\u00e9e":"1 minute"},"schema":{"@context":"https:\/\/schema.org","@graph":[{"@type":"Article","@id":"https:\/\/phonomuseum.fr\/concert-exceptionnel-de-soutien-jacky-terrasson\/#article","isPartOf":{"@id":"https:\/\/phonomuseum.fr\/concert-exceptionnel-de-soutien-jacky-terrasson\/"},"author":{"name":"PHONO Museum Paris","@id":"https:\/\/phonomuseum.fr\/#\/schema\/person\/ccddc2cc569da3acc4b8312f4ff2b0b7"},"headline":"Concert exceptionnel de soutien : Jacky Terrasson","datePublished":"2018-01-17T17:41:44+00:00","dateModified":"2024-06-01T15:33:35+00:00","mainEntityOfPage":{"@id":"https:\/\/phonomuseum.fr\/concert-exceptionnel-de-soutien-jacky-terrasson\/"},"wordCount":140,"commentCount":2,"image":{"@id":"https:\/\/phonomuseum.fr\/concert-exceptionnel-de-soutien-jacky-terrasson\/#primaryimage"},"thumbnailUrl":"https:\/\/phonomuseum.fr\/wp-content\/uploads\/2018\/01\/affiche-jacky-Terrasson-01.jpg","articleSection":["BLOG","Concerts","Concerts 2018"],"inLanguage":"fr-FR","potentialAction":[{"@type":"CommentAction","name":"Comment","target":["https:\/\/phonomuseum.fr\/concert-exceptionnel-de-soutien-jacky-terrasson\/#respond"]}]},{"@type":"WebPage","@id":"https:\/\/phonomuseum.fr\/concert-exceptionnel-de-soutien-jacky-terrasson\/","url":"https:\/\/phonomuseum.fr\/concert-exceptionnel-de-soutien-jacky-terrasson\/","name":"Concert exceptionnel de soutien : Jacky Terrasson - PHONO Museum Paris","isPartOf":{"@id":"https:\/\/phonomuseum.fr\/#website"},"primaryImageOfPage":{"@id":"https:\/\/phonomuseum.fr\/concert-exceptionnel-de-soutien-jacky-terrasson\/#primaryimage"},"image":{"@id":"https:\/\/phonomuseum.fr\/concert-exceptionnel-de-soutien-jacky-terrasson\/#primaryimage"},"thumbnailUrl":"https:\/\/phonomuseum.fr\/wp-content\/uploads\/2018\/01\/affiche-jacky-Terrasson-01.jpg","datePublished":"2018-01-17T17:41:44+00:00","dateModified":"2024-06-01T15:33:35+00:00","author":{"@id":"https:\/\/phonomuseum.fr\/#\/schema\/person\/ccddc2cc569da3acc4b8312f4ff2b0b7"},"breadcrumb":{"@id":"https:\/\/phonomuseum.fr\/concert-exceptionnel-de-soutien-jacky-terrasson\/#breadcrumb"},"inLanguage":"fr-FR","potentialAction":[{"@type":"ReadAction","target":["https:\/\/phonomuseum.fr\/concert-exceptionnel-de-soutien-jacky-terrasson\/"]}]},{"@type":"ImageObject","inLanguage":"fr-FR","@id":"https:\/\/phonomuseum.fr\/concert-exceptionnel-de-soutien-jacky-terrasson\/#primaryimage","url":"https:\/\/phonomuseum.fr\/wp-content\/uploads\/2018\/01\/affiche-jacky-Terrasson-01.jpg","contentUrl":"https:\/\/phonomuseum.fr\/wp-content\/uploads\/2018\/01\/affiche-jacky-Terrasson-01.jpg","width":2481,"height":3508,"caption":"concert du 22 f\u00e9vrier 2018 Jacky Terrasson"},{"@type":"BreadcrumbList","@id":"https:\/\/phonomuseum.fr\/concert-exceptionnel-de-soutien-jacky-terrasson\/#breadcrumb","itemListElement":[{"@type":"ListItem","position":1,"name":"Accueil","item":"https:\/\/phonomuseum.fr\/accueil\/"},{"@type":"ListItem","position":2,"name":"Concert exceptionnel de soutien : Jacky Terrasson"}]},{"@type":"WebSite","@id":"https:\/\/phonomuseum.fr\/#website","url":"https:\/\/phonomuseum.fr\/","name":"PHONO Museum Paris","description":"la grande aventure du son enregistr\u00e9 - L&#039;histoire sonore de 1857 \u00e0 nos jours","potentialAction":[{"@type":"SearchAction","target":{"@type":"EntryPoint","urlTemplate":"https:\/\/phonomuseum.fr\/?s={search_term_string}"},"query-input":{"@type":"PropertyValueSpecification","valueRequired":true,"valueName":"search_term_string"}}],"inLanguage":"fr-FR"},{"@type":"Person","@id":"https:\/\/phonomuseum.fr\/#\/schema\/person\/ccddc2cc569da3acc4b8312f4ff2b0b7","name":"PHONO Museum Paris","image":{"@type":"ImageObject","inLanguage":"fr-FR","@id":"https:\/\/secure.gravatar.com\/avatar\/625e6ca9ffe4c986867da0049f4a8bab481c3379248f90cbf285f445b365f8bd?s=96&d=mm&r=g","url":"https:\/\/secure.gravatar.com\/avatar\/625e6ca9ffe4c986867da0049f4a8bab481c3379248f90cbf285f445b365f8bd?s=96&d=mm&r=g","contentUrl":"https:\/\/secure.gravatar.com\/avatar\/625e6ca9ffe4c986867da0049f4a8bab481c3379248f90cbf285f445b365f8bd?s=96&d=mm&r=g","caption":"PHONO Museum Paris"},"sameAs":["http:\/\/phonomuseum.fr","https:\/\/www.facebook.com\/didier.vincent.7","https:\/\/x.com\/@didier_vincent"],"url":"https:\/\/phonomuseum.fr\/author\/phono-museum-paris\/"}]}},"_links":{"self":[{"href":"https:\/\/phonomuseum.fr\/api\/wp\/v2\/posts\/1352","targetHints":{"allow":["GET"]}}],"collection":[{"href":"https:\/\/phonomuseum.fr\/api\/wp\/v2\/posts"}],"about":[{"href":"https:\/\/phonomuseum.fr\/api\/wp\/v2\/types\/post"}],"author":[{"embeddable":true,"href":"https:\/\/phonomuseum.fr\/api\/wp\/v2\/users\/2"}],"replies":[{"embeddable":true,"href":"https:\/\/phonomuseum.fr\/api\/wp\/v2\/comments?post=1352"}],"version-history":[{"count":3,"href":"https:\/\/phonomuseum.fr\/api\/wp\/v2\/posts\/1352\/revisions"}],"predecessor-version":[{"id":4639,"href":"https:\/\/phonomuseum.fr\/api\/wp\/v2\/posts\/1352\/revisions\/4639"}],"wp:featuredmedia":[{"embeddable":true,"href":"https:\/\/phonomuseum.fr\/api\/wp\/v2\/media\/1353"}],"wp:attachment":[{"href":"https:\/\/phonomuseum.fr\/api\/wp\/v2\/media?parent=1352"}],"wp:term":[{"taxonomy":"category","embeddable":true,"href":"https:\/\/phonomuseum.fr\/api\/wp\/v2\/categories?post=1352"},{"taxonomy":"post_tag","embeddable":true,"href":"https:\/\/phonomuseum.fr\/api\/wp\/v2\/tags?post=1352"}],"curies":[{"name":"wp","href":"https:\/\/api.w.org\/{rel}","templated":true}]}}