{"id":1318,"date":"2018-01-13T17:59:53","date_gmt":"2018-01-13T16:59:53","guid":{"rendered":"http:\/\/phonomuseum.fr\/?p=1318"},"modified":"2024-06-01T17:35:33","modified_gmt":"2024-06-01T15:35:33","slug":"quand-le-passe-rejoint-le-present","status":"publish","type":"post","link":"https:\/\/phonomuseum.fr\/quand-le-passe-rejoint-le-present\/","title":{"rendered":"Quand le pass\u00e9 rejoint le pr\u00e9sent"},"content":{"rendered":"<section  class='av_textblock_section av-kjwpw5ms-0b896259c6c3b47d3981e5e6644d8db1 '   itemscope=\"itemscope\" itemtype=\"https:\/\/schema.org\/BlogPosting\" itemprop=\"blogPost\" ><div class='avia_textblock'  itemprop=\"text\" ><p style=\"text-align: justify;\"><img loading=\"lazy\" decoding=\"async\" class=\"aligncenter size-medium wp-image-1320\" src=\"https:\/\/phonomuseum.fr\/storage\/2018\/01\/IMG_6181-225x300.jpg\" alt=\"IMG_6181\" width=\"225\" height=\"300\" srcset=\"https:\/\/phonomuseum.fr\/wp-content\/uploads\/2018\/01\/IMG_6181-225x300.jpg 225w, https:\/\/phonomuseum.fr\/wp-content\/uploads\/2018\/01\/IMG_6181-768x1025.jpg 768w, https:\/\/phonomuseum.fr\/wp-content\/uploads\/2018\/01\/IMG_6181-767x1024.jpg 767w, https:\/\/phonomuseum.fr\/wp-content\/uploads\/2018\/01\/IMG_6181-112x150.jpg 112w, https:\/\/phonomuseum.fr\/wp-content\/uploads\/2018\/01\/IMG_6181.jpg 1184w\" sizes=\"auto, (max-width: 225px) 100vw, 225px\" \/><\/p>\n<p style=\"text-align: justify;\">PHONO Museum Paris a particip\u00e9 mercredi 10 janvier 2018 \u00e0 l&rsquo;\u00e9v\u00e9nement <em>Hello World &#8211; Flow machines<\/em> \u00e0 la Ga\u00eet\u00e9 Lyrique \u00e0 Paris. Y \u00e9taient expos\u00e9s le Radiophone par Fontanophone de 1919, avec une enceinte Bluetooth de 2014 \u00e0 l\u2019emplacement de la t\u00eate de lecture amplifi\u00e9e par le pavillon et une table de mixage Cabasse de 1960. L&rsquo;association Radiophone\/enceinte Bluetooth para\u00eet h\u00e9t\u00e9roclite au d\u00e9part mais jugez plut\u00f4t du r\u00e9sultat avec cette courte vid\u00e9o.<\/p>\n<div class='avia-iframe-wrap'><iframe loading=\"lazy\" title=\"Hello World \/ Flow Machines\" width=\"1500\" height=\"844\" src=\"https:\/\/www.youtube.com\/embed\/YCxqnOGHRaU?feature=oembed\" frameborder=\"0\" allow=\"accelerometer; autoplay; clipboard-write; encrypted-media; gyroscope; picture-in-picture; web-share\" referrerpolicy=\"strict-origin-when-cross-origin\" allowfullscreen><\/iframe><\/div>\n<\/div><\/section>\n","protected":false},"excerpt":{"rendered":"","protected":false},"author":2,"featured_media":1320,"comment_status":"open","ping_status":"closed","sticky":false,"template":"","format":"standard","meta":{"footnotes":""},"categories":[14],"tags":[],"class_list":["post-1318","post","type-post","status-publish","format-standard","has-post-thumbnail","hentry","category-blog"],"yoast_head":"<!-- This site is optimized with the Yoast SEO plugin v27.4 - https:\/\/yoast.com\/product\/yoast-seo-wordpress\/ -->\n<title>Quand le pass\u00e9 rejoint le pr\u00e9sent - PHONO Museum Paris<\/title>\n<meta name=\"robots\" content=\"index, follow, max-snippet:-1, max-image-preview:large, max-video-preview:-1\" \/>\n<link rel=\"canonical\" href=\"https:\/\/phonomuseum.fr\/quand-le-passe-rejoint-le-present\/\" \/>\n<meta property=\"og:locale\" content=\"fr_FR\" \/>\n<meta property=\"og:type\" content=\"article\" \/>\n<meta property=\"og:title\" content=\"Quand le pass\u00e9 rejoint le pr\u00e9sent - PHONO Museum Paris\" \/>\n<meta property=\"og:url\" content=\"https:\/\/phonomuseum.fr\/quand-le-passe-rejoint-le-present\/\" \/>\n<meta property=\"og:site_name\" content=\"PHONO Museum Paris\" \/>\n<meta property=\"article:author\" content=\"https:\/\/www.facebook.com\/didier.vincent.7\" \/>\n<meta property=\"article:published_time\" content=\"2018-01-13T16:59:53+00:00\" \/>\n<meta property=\"article:modified_time\" content=\"2024-06-01T15:35:33+00:00\" \/>\n<meta property=\"og:image\" content=\"https:\/\/phonomuseum.fr\/wp-content\/uploads\/2018\/01\/IMG_6181.jpg\" \/>\n\t<meta property=\"og:image:width\" content=\"1184\" \/>\n\t<meta property=\"og:image:height\" content=\"1580\" \/>\n\t<meta property=\"og:image:type\" content=\"image\/jpeg\" \/>\n<meta name=\"author\" content=\"PHONO Museum Paris\" \/>\n<meta name=\"twitter:card\" content=\"summary_large_image\" \/>\n<meta name=\"twitter:creator\" content=\"@didier_vincent\" \/>\n<meta name=\"twitter:label1\" content=\"\u00c9crit par\" \/>\n\t<meta name=\"twitter:data1\" content=\"PHONO Museum Paris\" \/>\n\t<meta name=\"twitter:label2\" content=\"Dur\u00e9e de lecture estim\u00e9e\" \/>\n\t<meta name=\"twitter:data2\" content=\"1 minute\" \/>\n<script type=\"application\/ld+json\" class=\"yoast-schema-graph\">{\"@context\":\"https:\\\/\\\/schema.org\",\"@graph\":[{\"@type\":\"Article\",\"@id\":\"https:\\\/\\\/phonomuseum.fr\\\/quand-le-passe-rejoint-le-present\\\/#article\",\"isPartOf\":{\"@id\":\"https:\\\/\\\/phonomuseum.fr\\\/quand-le-passe-rejoint-le-present\\\/\"},\"author\":{\"name\":\"PHONO Museum Paris\",\"@id\":\"https:\\\/\\\/phonomuseum.fr\\\/#\\\/schema\\\/person\\\/ccddc2cc569da3acc4b8312f4ff2b0b7\"},\"headline\":\"Quand le pass\u00e9 rejoint le pr\u00e9sent\",\"datePublished\":\"2018-01-13T16:59:53+00:00\",\"dateModified\":\"2024-06-01T15:35:33+00:00\",\"mainEntityOfPage\":{\"@id\":\"https:\\\/\\\/phonomuseum.fr\\\/quand-le-passe-rejoint-le-present\\\/\"},\"wordCount\":113,\"commentCount\":0,\"image\":{\"@id\":\"https:\\\/\\\/phonomuseum.fr\\\/quand-le-passe-rejoint-le-present\\\/#primaryimage\"},\"thumbnailUrl\":\"https:\\\/\\\/phonomuseum.fr\\\/wp-content\\\/uploads\\\/2018\\\/01\\\/IMG_6181.jpg\",\"articleSection\":[\"BLOG\"],\"inLanguage\":\"fr-FR\",\"potentialAction\":[{\"@type\":\"CommentAction\",\"name\":\"Comment\",\"target\":[\"https:\\\/\\\/phonomuseum.fr\\\/quand-le-passe-rejoint-le-present\\\/#respond\"]}]},{\"@type\":\"WebPage\",\"@id\":\"https:\\\/\\\/phonomuseum.fr\\\/quand-le-passe-rejoint-le-present\\\/\",\"url\":\"https:\\\/\\\/phonomuseum.fr\\\/quand-le-passe-rejoint-le-present\\\/\",\"name\":\"Quand le pass\u00e9 rejoint le pr\u00e9sent - PHONO Museum Paris\",\"isPartOf\":{\"@id\":\"https:\\\/\\\/phonomuseum.fr\\\/#website\"},\"primaryImageOfPage\":{\"@id\":\"https:\\\/\\\/phonomuseum.fr\\\/quand-le-passe-rejoint-le-present\\\/#primaryimage\"},\"image\":{\"@id\":\"https:\\\/\\\/phonomuseum.fr\\\/quand-le-passe-rejoint-le-present\\\/#primaryimage\"},\"thumbnailUrl\":\"https:\\\/\\\/phonomuseum.fr\\\/wp-content\\\/uploads\\\/2018\\\/01\\\/IMG_6181.jpg\",\"datePublished\":\"2018-01-13T16:59:53+00:00\",\"dateModified\":\"2024-06-01T15:35:33+00:00\",\"author\":{\"@id\":\"https:\\\/\\\/phonomuseum.fr\\\/#\\\/schema\\\/person\\\/ccddc2cc569da3acc4b8312f4ff2b0b7\"},\"breadcrumb\":{\"@id\":\"https:\\\/\\\/phonomuseum.fr\\\/quand-le-passe-rejoint-le-present\\\/#breadcrumb\"},\"inLanguage\":\"fr-FR\",\"potentialAction\":[{\"@type\":\"ReadAction\",\"target\":[\"https:\\\/\\\/phonomuseum.fr\\\/quand-le-passe-rejoint-le-present\\\/\"]}]},{\"@type\":\"ImageObject\",\"inLanguage\":\"fr-FR\",\"@id\":\"https:\\\/\\\/phonomuseum.fr\\\/quand-le-passe-rejoint-le-present\\\/#primaryimage\",\"url\":\"https:\\\/\\\/phonomuseum.fr\\\/wp-content\\\/uploads\\\/2018\\\/01\\\/IMG_6181.jpg\",\"contentUrl\":\"https:\\\/\\\/phonomuseum.fr\\\/wp-content\\\/uploads\\\/2018\\\/01\\\/IMG_6181.jpg\",\"width\":1184,\"height\":1580,\"caption\":\"Pavillon machine parlante\"},{\"@type\":\"BreadcrumbList\",\"@id\":\"https:\\\/\\\/phonomuseum.fr\\\/quand-le-passe-rejoint-le-present\\\/#breadcrumb\",\"itemListElement\":[{\"@type\":\"ListItem\",\"position\":1,\"name\":\"Accueil\",\"item\":\"https:\\\/\\\/phonomuseum.fr\\\/accueil\\\/\"},{\"@type\":\"ListItem\",\"position\":2,\"name\":\"Quand le pass\u00e9 rejoint le pr\u00e9sent\"}]},{\"@type\":\"WebSite\",\"@id\":\"https:\\\/\\\/phonomuseum.fr\\\/#website\",\"url\":\"https:\\\/\\\/phonomuseum.fr\\\/\",\"name\":\"PHONO Museum Paris\",\"description\":\"la grande aventure du son enregistr\u00e9 - L&#039;histoire sonore de 1857 \u00e0 nos jours\",\"potentialAction\":[{\"@type\":\"SearchAction\",\"target\":{\"@type\":\"EntryPoint\",\"urlTemplate\":\"https:\\\/\\\/phonomuseum.fr\\\/?s={search_term_string}\"},\"query-input\":{\"@type\":\"PropertyValueSpecification\",\"valueRequired\":true,\"valueName\":\"search_term_string\"}}],\"inLanguage\":\"fr-FR\"},{\"@type\":\"Person\",\"@id\":\"https:\\\/\\\/phonomuseum.fr\\\/#\\\/schema\\\/person\\\/ccddc2cc569da3acc4b8312f4ff2b0b7\",\"name\":\"PHONO Museum Paris\",\"image\":{\"@type\":\"ImageObject\",\"inLanguage\":\"fr-FR\",\"@id\":\"https:\\\/\\\/secure.gravatar.com\\\/avatar\\\/625e6ca9ffe4c986867da0049f4a8bab481c3379248f90cbf285f445b365f8bd?s=96&d=mm&r=g\",\"url\":\"https:\\\/\\\/secure.gravatar.com\\\/avatar\\\/625e6ca9ffe4c986867da0049f4a8bab481c3379248f90cbf285f445b365f8bd?s=96&d=mm&r=g\",\"contentUrl\":\"https:\\\/\\\/secure.gravatar.com\\\/avatar\\\/625e6ca9ffe4c986867da0049f4a8bab481c3379248f90cbf285f445b365f8bd?s=96&d=mm&r=g\",\"caption\":\"PHONO Museum Paris\"},\"sameAs\":[\"http:\\\/\\\/phonomuseum.fr\",\"https:\\\/\\\/www.facebook.com\\\/didier.vincent.7\",\"https:\\\/\\\/x.com\\\/@didier_vincent\"],\"url\":\"https:\\\/\\\/phonomuseum.fr\\\/author\\\/phono-museum-paris\\\/\"}]}<\/script>\n<!-- \/ Yoast SEO plugin. -->","yoast_head_json":{"title":"Quand le pass\u00e9 rejoint le pr\u00e9sent - PHONO Museum Paris","robots":{"index":"index","follow":"follow","max-snippet":"max-snippet:-1","max-image-preview":"max-image-preview:large","max-video-preview":"max-video-preview:-1"},"canonical":"https:\/\/phonomuseum.fr\/quand-le-passe-rejoint-le-present\/","og_locale":"fr_FR","og_type":"article","og_title":"Quand le pass\u00e9 rejoint le pr\u00e9sent - PHONO Museum Paris","og_url":"https:\/\/phonomuseum.fr\/quand-le-passe-rejoint-le-present\/","og_site_name":"PHONO Museum Paris","article_author":"https:\/\/www.facebook.com\/didier.vincent.7","article_published_time":"2018-01-13T16:59:53+00:00","article_modified_time":"2024-06-01T15:35:33+00:00","og_image":[{"width":1184,"height":1580,"url":"https:\/\/phonomuseum.fr\/wp-content\/uploads\/2018\/01\/IMG_6181.jpg","type":"image\/jpeg"}],"author":"PHONO Museum Paris","twitter_card":"summary_large_image","twitter_creator":"@didier_vincent","twitter_misc":{"\u00c9crit par":"PHONO Museum Paris","Dur\u00e9e de lecture estim\u00e9e":"1 minute"},"schema":{"@context":"https:\/\/schema.org","@graph":[{"@type":"Article","@id":"https:\/\/phonomuseum.fr\/quand-le-passe-rejoint-le-present\/#article","isPartOf":{"@id":"https:\/\/phonomuseum.fr\/quand-le-passe-rejoint-le-present\/"},"author":{"name":"PHONO Museum Paris","@id":"https:\/\/phonomuseum.fr\/#\/schema\/person\/ccddc2cc569da3acc4b8312f4ff2b0b7"},"headline":"Quand le pass\u00e9 rejoint le pr\u00e9sent","datePublished":"2018-01-13T16:59:53+00:00","dateModified":"2024-06-01T15:35:33+00:00","mainEntityOfPage":{"@id":"https:\/\/phonomuseum.fr\/quand-le-passe-rejoint-le-present\/"},"wordCount":113,"commentCount":0,"image":{"@id":"https:\/\/phonomuseum.fr\/quand-le-passe-rejoint-le-present\/#primaryimage"},"thumbnailUrl":"https:\/\/phonomuseum.fr\/wp-content\/uploads\/2018\/01\/IMG_6181.jpg","articleSection":["BLOG"],"inLanguage":"fr-FR","potentialAction":[{"@type":"CommentAction","name":"Comment","target":["https:\/\/phonomuseum.fr\/quand-le-passe-rejoint-le-present\/#respond"]}]},{"@type":"WebPage","@id":"https:\/\/phonomuseum.fr\/quand-le-passe-rejoint-le-present\/","url":"https:\/\/phonomuseum.fr\/quand-le-passe-rejoint-le-present\/","name":"Quand le pass\u00e9 rejoint le pr\u00e9sent - PHONO Museum Paris","isPartOf":{"@id":"https:\/\/phonomuseum.fr\/#website"},"primaryImageOfPage":{"@id":"https:\/\/phonomuseum.fr\/quand-le-passe-rejoint-le-present\/#primaryimage"},"image":{"@id":"https:\/\/phonomuseum.fr\/quand-le-passe-rejoint-le-present\/#primaryimage"},"thumbnailUrl":"https:\/\/phonomuseum.fr\/wp-content\/uploads\/2018\/01\/IMG_6181.jpg","datePublished":"2018-01-13T16:59:53+00:00","dateModified":"2024-06-01T15:35:33+00:00","author":{"@id":"https:\/\/phonomuseum.fr\/#\/schema\/person\/ccddc2cc569da3acc4b8312f4ff2b0b7"},"breadcrumb":{"@id":"https:\/\/phonomuseum.fr\/quand-le-passe-rejoint-le-present\/#breadcrumb"},"inLanguage":"fr-FR","potentialAction":[{"@type":"ReadAction","target":["https:\/\/phonomuseum.fr\/quand-le-passe-rejoint-le-present\/"]}]},{"@type":"ImageObject","inLanguage":"fr-FR","@id":"https:\/\/phonomuseum.fr\/quand-le-passe-rejoint-le-present\/#primaryimage","url":"https:\/\/phonomuseum.fr\/wp-content\/uploads\/2018\/01\/IMG_6181.jpg","contentUrl":"https:\/\/phonomuseum.fr\/wp-content\/uploads\/2018\/01\/IMG_6181.jpg","width":1184,"height":1580,"caption":"Pavillon machine parlante"},{"@type":"BreadcrumbList","@id":"https:\/\/phonomuseum.fr\/quand-le-passe-rejoint-le-present\/#breadcrumb","itemListElement":[{"@type":"ListItem","position":1,"name":"Accueil","item":"https:\/\/phonomuseum.fr\/accueil\/"},{"@type":"ListItem","position":2,"name":"Quand le pass\u00e9 rejoint le pr\u00e9sent"}]},{"@type":"WebSite","@id":"https:\/\/phonomuseum.fr\/#website","url":"https:\/\/phonomuseum.fr\/","name":"PHONO Museum Paris","description":"la grande aventure du son enregistr\u00e9 - L&#039;histoire sonore de 1857 \u00e0 nos jours","potentialAction":[{"@type":"SearchAction","target":{"@type":"EntryPoint","urlTemplate":"https:\/\/phonomuseum.fr\/?s={search_term_string}"},"query-input":{"@type":"PropertyValueSpecification","valueRequired":true,"valueName":"search_term_string"}}],"inLanguage":"fr-FR"},{"@type":"Person","@id":"https:\/\/phonomuseum.fr\/#\/schema\/person\/ccddc2cc569da3acc4b8312f4ff2b0b7","name":"PHONO Museum Paris","image":{"@type":"ImageObject","inLanguage":"fr-FR","@id":"https:\/\/secure.gravatar.com\/avatar\/625e6ca9ffe4c986867da0049f4a8bab481c3379248f90cbf285f445b365f8bd?s=96&d=mm&r=g","url":"https:\/\/secure.gravatar.com\/avatar\/625e6ca9ffe4c986867da0049f4a8bab481c3379248f90cbf285f445b365f8bd?s=96&d=mm&r=g","contentUrl":"https:\/\/secure.gravatar.com\/avatar\/625e6ca9ffe4c986867da0049f4a8bab481c3379248f90cbf285f445b365f8bd?s=96&d=mm&r=g","caption":"PHONO Museum Paris"},"sameAs":["http:\/\/phonomuseum.fr","https:\/\/www.facebook.com\/didier.vincent.7","https:\/\/x.com\/@didier_vincent"],"url":"https:\/\/phonomuseum.fr\/author\/phono-museum-paris\/"}]}},"_links":{"self":[{"href":"https:\/\/phonomuseum.fr\/api\/wp\/v2\/posts\/1318","targetHints":{"allow":["GET"]}}],"collection":[{"href":"https:\/\/phonomuseum.fr\/api\/wp\/v2\/posts"}],"about":[{"href":"https:\/\/phonomuseum.fr\/api\/wp\/v2\/types\/post"}],"author":[{"embeddable":true,"href":"https:\/\/phonomuseum.fr\/api\/wp\/v2\/users\/2"}],"replies":[{"embeddable":true,"href":"https:\/\/phonomuseum.fr\/api\/wp\/v2\/comments?post=1318"}],"version-history":[{"count":4,"href":"https:\/\/phonomuseum.fr\/api\/wp\/v2\/posts\/1318\/revisions"}],"predecessor-version":[{"id":4641,"href":"https:\/\/phonomuseum.fr\/api\/wp\/v2\/posts\/1318\/revisions\/4641"}],"wp:featuredmedia":[{"embeddable":true,"href":"https:\/\/phonomuseum.fr\/api\/wp\/v2\/media\/1320"}],"wp:attachment":[{"href":"https:\/\/phonomuseum.fr\/api\/wp\/v2\/media?parent=1318"}],"wp:term":[{"taxonomy":"category","embeddable":true,"href":"https:\/\/phonomuseum.fr\/api\/wp\/v2\/categories?post=1318"},{"taxonomy":"post_tag","embeddable":true,"href":"https:\/\/phonomuseum.fr\/api\/wp\/v2\/tags?post=1318"}],"curies":[{"name":"wp","href":"https:\/\/api.w.org\/{rel}","templated":true}]}}