{"id":1303,"date":"2018-01-06T14:55:26","date_gmt":"2018-01-06T13:55:26","guid":{"rendered":"http:\/\/phonomuseum.fr\/?p=1303"},"modified":"2018-01-06T14:55:26","modified_gmt":"2018-01-06T13:55:26","slug":"le-phono-museum-dans-musikzen","status":"publish","type":"post","link":"https:\/\/phonomuseum.fr\/le-phono-museum-dans-musikzen\/","title":{"rendered":"Le PHONO Museum dans Musikzen"},"content":{"rendered":"<p style=\"text-align: justify;\">Nous devons \u00e0 la v\u00e9rit\u00e9 de dire que l&rsquo;article paru sur le site <a href=\"http:\/\/www.musikzen.fr\/\" target=\"_blank\">Musikzen<\/a> d\u00e9di\u00e9 \u00e0 la musique comme son nom l&rsquo;indique et dat\u00e9 de 2016 nous a \u00e9chapp\u00e9. Nous r\u00e9parons cet oubli aujourd&rsquo;hui, d&rsquo;autant que l&rsquo;article est \u00e9logieux.<\/p>\n<p style=\"text-align: center;\"><a href=\"http:\/\/phonomuseum.fr\/wp-content\/uploads\/2018\/01\/Capture-d\u2019e\u0301cran-2018-01-06-a\u0300-14.52.57.png\" rel=\"attachment wp-att-1304\"><img loading=\"lazy\" decoding=\"async\" class=\"aligncenter size-medium wp-image-1304\" src=\"http:\/\/phonomuseum.fr\/wp-content\/uploads\/2018\/01\/Capture-d\u2019e\u0301cran-2018-01-06-a\u0300-14.52.57-300x194.png\" alt=\"Capture d\u2019e\u0301cran 2018-01-06 a\u0300 14.52.57\" width=\"300\" height=\"194\" srcset=\"https:\/\/phonomuseum.fr\/wp-content\/uploads\/2018\/01\/Capture-d\u2019e\u0301cran-2018-01-06-a\u0300-14.52.57-300x194.png 300w, https:\/\/phonomuseum.fr\/wp-content\/uploads\/2018\/01\/Capture-d\u2019e\u0301cran-2018-01-06-a\u0300-14.52.57-231x150.png 231w, https:\/\/phonomuseum.fr\/wp-content\/uploads\/2018\/01\/Capture-d\u2019e\u0301cran-2018-01-06-a\u0300-14.52.57-150x97.png 150w, https:\/\/phonomuseum.fr\/wp-content\/uploads\/2018\/01\/Capture-d\u2019e\u0301cran-2018-01-06-a\u0300-14.52.57.png 665w\" sizes=\"auto, (max-width: 300px) 100vw, 300px\" \/><\/a><a href=\"http:\/\/www.musikzen.fr\/blog\/2\/sujet\/les-aventuriers-du-son-perdu\/1214\" target=\"_blank\">http:\/\/www.musikzen.fr\/blog\/2\/sujet\/les-aventuriers-du-son-perdu\/1214<\/a><\/p>\n<p>&nbsp;<\/p>\n","protected":false},"excerpt":{"rendered":"<p>Nous devons \u00e0 la v\u00e9rit\u00e9 de dire que l&rsquo;article paru sur le site Musikzen d\u00e9di\u00e9 \u00e0 la musique comme son nom l&rsquo;indique et dat\u00e9 de 2016 nous a \u00e9chapp\u00e9. Nous r\u00e9parons cet oubli aujourd&rsquo;hui, d&rsquo;autant que l&rsquo;article est \u00e9logieux. http:\/\/www.musikzen.fr\/blog\/2\/sujet\/les-aventuriers-du-son-perdu\/1214 &nbsp;<\/p>\n","protected":false},"author":1,"featured_media":0,"comment_status":"open","ping_status":"closed","sticky":false,"template":"","format":"standard","meta":{"footnotes":""},"categories":[14],"tags":[],"class_list":["post-1303","post","type-post","status-publish","format-standard","hentry","category-blog"],"yoast_head":"<!-- This site is optimized with the Yoast SEO plugin v27.4 - https:\/\/yoast.com\/product\/yoast-seo-wordpress\/ -->\n<title>Le PHONO Museum dans Musikzen - PHONO Museum Paris<\/title>\n<meta name=\"robots\" content=\"index, follow, max-snippet:-1, max-image-preview:large, max-video-preview:-1\" \/>\n<link rel=\"canonical\" href=\"https:\/\/phonomuseum.fr\/le-phono-museum-dans-musikzen\/\" \/>\n<meta property=\"og:locale\" content=\"fr_FR\" \/>\n<meta property=\"og:type\" content=\"article\" \/>\n<meta property=\"og:title\" content=\"Le PHONO Museum dans Musikzen - PHONO Museum Paris\" \/>\n<meta property=\"og:description\" content=\"Nous devons \u00e0 la v\u00e9rit\u00e9 de dire que l&rsquo;article paru sur le site Musikzen d\u00e9di\u00e9 \u00e0 la musique comme son nom l&rsquo;indique et dat\u00e9 de 2016 nous a \u00e9chapp\u00e9. Nous r\u00e9parons cet oubli aujourd&rsquo;hui, d&rsquo;autant que l&rsquo;article est \u00e9logieux. http:\/\/www.musikzen.fr\/blog\/2\/sujet\/les-aventuriers-du-son-perdu\/1214 &nbsp;\" \/>\n<meta property=\"og:url\" content=\"https:\/\/phonomuseum.fr\/le-phono-museum-dans-musikzen\/\" \/>\n<meta property=\"og:site_name\" content=\"PHONO Museum Paris\" \/>\n<meta property=\"article:published_time\" content=\"2018-01-06T13:55:26+00:00\" \/>\n<meta property=\"og:image\" content=\"http:\/\/phonomuseum.fr\/wp-content\/uploads\/2018\/01\/Capture-d\u2019e\u0301cran-2018-01-06-a\u0300-14.52.57-300x194.png\" \/>\n<meta name=\"author\" content=\"phonogal\" \/>\n<meta name=\"twitter:card\" content=\"summary_large_image\" \/>\n<meta name=\"twitter:label1\" content=\"\u00c9crit par\" \/>\n\t<meta name=\"twitter:data1\" content=\"phonogal\" \/>\n<script type=\"application\/ld+json\" class=\"yoast-schema-graph\">{\"@context\":\"https:\\\/\\\/schema.org\",\"@graph\":[{\"@type\":\"Article\",\"@id\":\"https:\\\/\\\/phonomuseum.fr\\\/le-phono-museum-dans-musikzen\\\/#article\",\"isPartOf\":{\"@id\":\"https:\\\/\\\/phonomuseum.fr\\\/le-phono-museum-dans-musikzen\\\/\"},\"author\":{\"name\":\"phonogal\",\"@id\":\"https:\\\/\\\/phonomuseum.fr\\\/#\\\/schema\\\/person\\\/b51b39064861c794e65298c687fac148\"},\"headline\":\"Le PHONO Museum dans Musikzen\",\"datePublished\":\"2018-01-06T13:55:26+00:00\",\"mainEntityOfPage\":{\"@id\":\"https:\\\/\\\/phonomuseum.fr\\\/le-phono-museum-dans-musikzen\\\/\"},\"wordCount\":57,\"commentCount\":0,\"articleSection\":[\"BLOG\"],\"inLanguage\":\"fr-FR\",\"potentialAction\":[{\"@type\":\"CommentAction\",\"name\":\"Comment\",\"target\":[\"https:\\\/\\\/phonomuseum.fr\\\/le-phono-museum-dans-musikzen\\\/#respond\"]}]},{\"@type\":\"WebPage\",\"@id\":\"https:\\\/\\\/phonomuseum.fr\\\/le-phono-museum-dans-musikzen\\\/\",\"url\":\"https:\\\/\\\/phonomuseum.fr\\\/le-phono-museum-dans-musikzen\\\/\",\"name\":\"Le PHONO Museum dans Musikzen - PHONO Museum Paris\",\"isPartOf\":{\"@id\":\"https:\\\/\\\/phonomuseum.fr\\\/#website\"},\"datePublished\":\"2018-01-06T13:55:26+00:00\",\"author\":{\"@id\":\"https:\\\/\\\/phonomuseum.fr\\\/#\\\/schema\\\/person\\\/b51b39064861c794e65298c687fac148\"},\"breadcrumb\":{\"@id\":\"https:\\\/\\\/phonomuseum.fr\\\/le-phono-museum-dans-musikzen\\\/#breadcrumb\"},\"inLanguage\":\"fr-FR\",\"potentialAction\":[{\"@type\":\"ReadAction\",\"target\":[\"https:\\\/\\\/phonomuseum.fr\\\/le-phono-museum-dans-musikzen\\\/\"]}]},{\"@type\":\"BreadcrumbList\",\"@id\":\"https:\\\/\\\/phonomuseum.fr\\\/le-phono-museum-dans-musikzen\\\/#breadcrumb\",\"itemListElement\":[{\"@type\":\"ListItem\",\"position\":1,\"name\":\"Accueil\",\"item\":\"https:\\\/\\\/phonomuseum.fr\\\/accueil\\\/\"},{\"@type\":\"ListItem\",\"position\":2,\"name\":\"Le PHONO Museum dans Musikzen\"}]},{\"@type\":\"WebSite\",\"@id\":\"https:\\\/\\\/phonomuseum.fr\\\/#website\",\"url\":\"https:\\\/\\\/phonomuseum.fr\\\/\",\"name\":\"PHONO Museum Paris\",\"description\":\"la grande aventure du son enregistr\u00e9 - L&#039;histoire sonore de 1857 \u00e0 nos jours\",\"potentialAction\":[{\"@type\":\"SearchAction\",\"target\":{\"@type\":\"EntryPoint\",\"urlTemplate\":\"https:\\\/\\\/phonomuseum.fr\\\/?s={search_term_string}\"},\"query-input\":{\"@type\":\"PropertyValueSpecification\",\"valueRequired\":true,\"valueName\":\"search_term_string\"}}],\"inLanguage\":\"fr-FR\"},{\"@type\":\"Person\",\"@id\":\"https:\\\/\\\/phonomuseum.fr\\\/#\\\/schema\\\/person\\\/b51b39064861c794e65298c687fac148\",\"name\":\"phonogal\",\"image\":{\"@type\":\"ImageObject\",\"inLanguage\":\"fr-FR\",\"@id\":\"https:\\\/\\\/secure.gravatar.com\\\/avatar\\\/7375bdeadbf9c16a1aff8222837a079120e65e42bddadff285651b8e345e175a?s=96&d=mm&r=g\",\"url\":\"https:\\\/\\\/secure.gravatar.com\\\/avatar\\\/7375bdeadbf9c16a1aff8222837a079120e65e42bddadff285651b8e345e175a?s=96&d=mm&r=g\",\"contentUrl\":\"https:\\\/\\\/secure.gravatar.com\\\/avatar\\\/7375bdeadbf9c16a1aff8222837a079120e65e42bddadff285651b8e345e175a?s=96&d=mm&r=g\",\"caption\":\"phonogal\"},\"url\":\"https:\\\/\\\/phonomuseum.fr\\\/author\\\/phonogal\\\/\"}]}<\/script>\n<!-- \/ Yoast SEO plugin. -->","yoast_head_json":{"title":"Le PHONO Museum dans Musikzen - PHONO Museum Paris","robots":{"index":"index","follow":"follow","max-snippet":"max-snippet:-1","max-image-preview":"max-image-preview:large","max-video-preview":"max-video-preview:-1"},"canonical":"https:\/\/phonomuseum.fr\/le-phono-museum-dans-musikzen\/","og_locale":"fr_FR","og_type":"article","og_title":"Le PHONO Museum dans Musikzen - PHONO Museum Paris","og_description":"Nous devons \u00e0 la v\u00e9rit\u00e9 de dire que l&rsquo;article paru sur le site Musikzen d\u00e9di\u00e9 \u00e0 la musique comme son nom l&rsquo;indique et dat\u00e9 de 2016 nous a \u00e9chapp\u00e9. Nous r\u00e9parons cet oubli aujourd&rsquo;hui, d&rsquo;autant que l&rsquo;article est \u00e9logieux. http:\/\/www.musikzen.fr\/blog\/2\/sujet\/les-aventuriers-du-son-perdu\/1214 &nbsp;","og_url":"https:\/\/phonomuseum.fr\/le-phono-museum-dans-musikzen\/","og_site_name":"PHONO Museum Paris","article_published_time":"2018-01-06T13:55:26+00:00","og_image":[{"url":"http:\/\/phonomuseum.fr\/wp-content\/uploads\/2018\/01\/Capture-d\u2019e\u0301cran-2018-01-06-a\u0300-14.52.57-300x194.png","type":"","width":"","height":""}],"author":"phonogal","twitter_card":"summary_large_image","twitter_misc":{"\u00c9crit par":"phonogal"},"schema":{"@context":"https:\/\/schema.org","@graph":[{"@type":"Article","@id":"https:\/\/phonomuseum.fr\/le-phono-museum-dans-musikzen\/#article","isPartOf":{"@id":"https:\/\/phonomuseum.fr\/le-phono-museum-dans-musikzen\/"},"author":{"name":"phonogal","@id":"https:\/\/phonomuseum.fr\/#\/schema\/person\/b51b39064861c794e65298c687fac148"},"headline":"Le PHONO Museum dans Musikzen","datePublished":"2018-01-06T13:55:26+00:00","mainEntityOfPage":{"@id":"https:\/\/phonomuseum.fr\/le-phono-museum-dans-musikzen\/"},"wordCount":57,"commentCount":0,"articleSection":["BLOG"],"inLanguage":"fr-FR","potentialAction":[{"@type":"CommentAction","name":"Comment","target":["https:\/\/phonomuseum.fr\/le-phono-museum-dans-musikzen\/#respond"]}]},{"@type":"WebPage","@id":"https:\/\/phonomuseum.fr\/le-phono-museum-dans-musikzen\/","url":"https:\/\/phonomuseum.fr\/le-phono-museum-dans-musikzen\/","name":"Le PHONO Museum dans Musikzen - PHONO Museum Paris","isPartOf":{"@id":"https:\/\/phonomuseum.fr\/#website"},"datePublished":"2018-01-06T13:55:26+00:00","author":{"@id":"https:\/\/phonomuseum.fr\/#\/schema\/person\/b51b39064861c794e65298c687fac148"},"breadcrumb":{"@id":"https:\/\/phonomuseum.fr\/le-phono-museum-dans-musikzen\/#breadcrumb"},"inLanguage":"fr-FR","potentialAction":[{"@type":"ReadAction","target":["https:\/\/phonomuseum.fr\/le-phono-museum-dans-musikzen\/"]}]},{"@type":"BreadcrumbList","@id":"https:\/\/phonomuseum.fr\/le-phono-museum-dans-musikzen\/#breadcrumb","itemListElement":[{"@type":"ListItem","position":1,"name":"Accueil","item":"https:\/\/phonomuseum.fr\/accueil\/"},{"@type":"ListItem","position":2,"name":"Le PHONO Museum dans Musikzen"}]},{"@type":"WebSite","@id":"https:\/\/phonomuseum.fr\/#website","url":"https:\/\/phonomuseum.fr\/","name":"PHONO Museum Paris","description":"la grande aventure du son enregistr\u00e9 - L&#039;histoire sonore de 1857 \u00e0 nos jours","potentialAction":[{"@type":"SearchAction","target":{"@type":"EntryPoint","urlTemplate":"https:\/\/phonomuseum.fr\/?s={search_term_string}"},"query-input":{"@type":"PropertyValueSpecification","valueRequired":true,"valueName":"search_term_string"}}],"inLanguage":"fr-FR"},{"@type":"Person","@id":"https:\/\/phonomuseum.fr\/#\/schema\/person\/b51b39064861c794e65298c687fac148","name":"phonogal","image":{"@type":"ImageObject","inLanguage":"fr-FR","@id":"https:\/\/secure.gravatar.com\/avatar\/7375bdeadbf9c16a1aff8222837a079120e65e42bddadff285651b8e345e175a?s=96&d=mm&r=g","url":"https:\/\/secure.gravatar.com\/avatar\/7375bdeadbf9c16a1aff8222837a079120e65e42bddadff285651b8e345e175a?s=96&d=mm&r=g","contentUrl":"https:\/\/secure.gravatar.com\/avatar\/7375bdeadbf9c16a1aff8222837a079120e65e42bddadff285651b8e345e175a?s=96&d=mm&r=g","caption":"phonogal"},"url":"https:\/\/phonomuseum.fr\/author\/phonogal\/"}]}},"_links":{"self":[{"href":"https:\/\/phonomuseum.fr\/api\/wp\/v2\/posts\/1303","targetHints":{"allow":["GET"]}}],"collection":[{"href":"https:\/\/phonomuseum.fr\/api\/wp\/v2\/posts"}],"about":[{"href":"https:\/\/phonomuseum.fr\/api\/wp\/v2\/types\/post"}],"author":[{"embeddable":true,"href":"https:\/\/phonomuseum.fr\/api\/wp\/v2\/users\/1"}],"replies":[{"embeddable":true,"href":"https:\/\/phonomuseum.fr\/api\/wp\/v2\/comments?post=1303"}],"version-history":[{"count":1,"href":"https:\/\/phonomuseum.fr\/api\/wp\/v2\/posts\/1303\/revisions"}],"predecessor-version":[{"id":4643,"href":"https:\/\/phonomuseum.fr\/api\/wp\/v2\/posts\/1303\/revisions\/4643"}],"wp:attachment":[{"href":"https:\/\/phonomuseum.fr\/api\/wp\/v2\/media?parent=1303"}],"wp:term":[{"taxonomy":"category","embeddable":true,"href":"https:\/\/phonomuseum.fr\/api\/wp\/v2\/categories?post=1303"},{"taxonomy":"post_tag","embeddable":true,"href":"https:\/\/phonomuseum.fr\/api\/wp\/v2\/tags?post=1303"}],"curies":[{"name":"wp","href":"https:\/\/api.w.org\/{rel}","templated":true}]}}